{"id":227759,"date":"2025-11-10T02:00:13","date_gmt":"2025-11-10T02:00:13","guid":{"rendered":"https:\/\/www.europesays.com\/es\/227759\/"},"modified":"2025-11-10T02:00:13","modified_gmt":"2025-11-10T02:00:13","slug":"dinamarca-se-suma-al-historial-de-ganadores-de-la-copa-juan-carlos-tailhade","status":"publish","type":"post","link":"https:\/\/www.europesays.com\/es\/227759\/","title":{"rendered":"Dinamarca se suma al historial de ganadores de la Copa Juan Carlos Tailhade"},"content":{"rendered":"<p><img fetchpriority=\"high\" decoding=\"async\" class=\"alignnone size-full wp-image-117161\" src=\"https:\/\/www.europesays.com\/es\/wp-content\/uploads\/2025\/11\/dinamarca-copa-tailhade.jpg\" alt=\"\" width=\"1903\" height=\"640\"  \/><\/p>\n<p>Dinamarca se alz\u00f3 con su primer triunfo en la Copa Juan Carlos Tailhade luego de capitalizar 566 golpes y terminar con dos bajo el par de Los Lagartos CC. Mads Heller y Andreas Fogth fueron los responsables del triunfo del pa\u00eds n\u00f3rdico, que no abandon\u00f3 el liderazgo de la competencia desde este viernes. Las rondas de los daneses fueron de 144, 136, 141 y 145 golpes. El certamen ortorg\u00f3 puntos para el Ranking Argentino y tambi\u00e9n para el Ranking Mundial.<\/p>\n<p>La segunda posici\u00f3n qued\u00f3 en manos de Per\u00fa, que dio batalla hasta el final en pos de recuperar la punta que supo ser suya luego de los primeros dieciocho hoyos. Patrick Sparks y Tiago Ledgard sumaron 571 golpes, +3, con una ronda final de 141. El tercer lugar fue para M\u00e9xico con 578 golpes, en tanto Sud\u00e1frica y Puerto Rico compartieron la cuuata posici\u00f3n con 580 golpes. Por su parte, el equipo argentino integrado por Mateo Pulcini y Santiago Baileres se ubic\u00f3 en el sexto puesto con un total de 581 golpes, hoy 150.<\/p>\n<p><img loading=\"lazy\" decoding=\"async\" class=\"alignnone size-full wp-image-117162\" src=\"https:\/\/www.europesays.com\/es\/wp-content\/uploads\/2025\/11\/dina-fran.jpg\" alt=\"\" width=\"1903\" height=\"640\"  \/><\/p>\n<p>En la clasificaci\u00f3n Individual, Heller termin\u00f3 al tope de las posiciones con 281 golpes. El dan\u00e9s hizo 73 golpes y lleg\u00f3 al final de los setenta y dos hoyos igualado al franc\u00e9s Noa Auch-Roy, hoy 71. El desempate fue a dos hoyos en el 18 y el bogey del jugador de Francia determin\u00f3 el triunfo de Heller, que hizo par en ambas ocasiones. Herik Machado Oliveira de Brasil, el argentino Benjam\u00edn Hayes y Patrick Sparks de Per\u00fa igualaron en el tercer puesto con 283 golpes, -1.<\/p>\n<p>Esta fue la primera de dos semanas intensas para nuestros jugadores y para aquellos que nos visitan, ya que el pr\u00f3ximo certamen de car\u00e1cter internacional en el calendario de la AAG es el Campeonato Nacional por Golpes, que se jugar\u00e1 en Olivos GC desde el mi\u00e9rcoles 12 de noviembre, con puntos para el Ranking Mundial.<\/p>\n","protected":false},"excerpt":{"rendered":"Dinamarca se alz\u00f3 con su primer triunfo en la Copa Juan Carlos Tailhade luego de capitalizar 566 golpes&hellip;\n","protected":false},"author":2,"featured_media":227760,"comment_status":"","ping_status":"","sticky":false,"template":"","format":"standard","meta":{"footnotes":""},"categories":[275],"tags":[168,25,24,329,23,167],"class_list":{"0":"post-227759","1":"post","2":"type-post","3":"status-publish","4":"format-standard","5":"has-post-thumbnail","7":"category-golf","8":"tag-deportes","9":"tag-es","10":"tag-espana","11":"tag-golf","12":"tag-spain","13":"tag-sports"},"share_on_mastodon":{"url":"https:\/\/pubeurope.com\/@es\/115522937079613214","error":""},"_links":{"self":[{"href":"https:\/\/www.europesays.com\/es\/wp-json\/wp\/v2\/posts\/227759","targetHints":{"allow":["GET"]}}],"collection":[{"href":"https:\/\/www.europesays.com\/es\/wp-json\/wp\/v2\/posts"}],"about":[{"href":"https:\/\/www.europesays.com\/es\/wp-json\/wp\/v2\/types\/post"}],"author":[{"embeddable":true,"href":"https:\/\/www.europesays.com\/es\/wp-json\/wp\/v2\/users\/2"}],"replies":[{"embeddable":true,"href":"https:\/\/www.europesays.com\/es\/wp-json\/wp\/v2\/comments?post=227759"}],"version-history":[{"count":0,"href":"https:\/\/www.europesays.com\/es\/wp-json\/wp\/v2\/posts\/227759\/revisions"}],"wp:featuredmedia":[{"embeddable":true,"href":"https:\/\/www.europesays.com\/es\/wp-json\/wp\/v2\/media\/227760"}],"wp:attachment":[{"href":"https:\/\/www.europesays.com\/es\/wp-json\/wp\/v2\/media?parent=227759"}],"wp:term":[{"taxonomy":"category","embeddable":true,"href":"https:\/\/www.europesays.com\/es\/wp-json\/wp\/v2\/categories?post=227759"},{"taxonomy":"post_tag","embeddable":true,"href":"https:\/\/www.europesays.com\/es\/wp-json\/wp\/v2\/tags?post=227759"}],"curies":[{"name":"wp","href":"https:\/\/api.w.org\/{rel}","templated":true}]}}