{"id":227811,"date":"2025-11-10T02:41:10","date_gmt":"2025-11-10T02:41:10","guid":{"rendered":"https:\/\/www.europesays.com\/es\/227811\/"},"modified":"2025-11-10T02:41:10","modified_gmt":"2025-11-10T02:41:10","slug":"tres-hombres-secuestran-y-violan-a-una-mujer-durante-siete-dias-en-un-narcopiso-de-alicante","status":"publish","type":"post","link":"https:\/\/www.europesays.com\/es\/227811\/","title":{"rendered":"Tres hombres secuestran y violan a una mujer durante siete d\u00edas en un narcopiso de Alicante"},"content":{"rendered":"<p style=\"\">Tres hombres han ingresado en prisi\u00f3n por orden judicial por su presunta implicaci\u00f3n en el <strong>secuestro y agresi\u00f3n sexual<\/strong> a una mujer que estuvo retenida durante siete d\u00edas en un narcopiso en <a href=\"https:\/\/www.abc.es\/espana\/comunidad-valenciana\/detenida-madre-dejar-ciego-hijo-dos-anos-20251109133756-nt.html\" target=\"_blank\" data-voc-vtm-id=\"in-text-traffic\" title=\"Alicante\" data-mrf-link=\"www.abc.es\" rel=\"nofollow noopener\">Alicante<\/a>, seg\u00fan han confirmado a Europa Press fuentes policiales y ha  &#8230; avanzado el diario Informaci\u00f3n.<\/p>\n<p class=\"voc-p\" style=\"\">Uno de ellos est\u00e1 considerado presunto autor de la retenci\u00f3n ilegal y las agresiones sexuales y los otros dos son sus supuestos c\u00f3mplices. Los tres han ingresado en prisi\u00f3n, seg\u00fan las mismas fuentes.<\/p>\n<p class=\"voc-p\" style=\"\">De acuerdo con la informaci\u00f3n publicada, la Polic\u00eda Nacional logr\u00f3 liberar a la mujer, que relat\u00f3 que un hombre al que no conoc\u00eda la rapt\u00f3, maltrat\u00f3 y viol\u00f3 desde el 1 de noviembre en el piso, con la ayuda de otros dos j\u00f3venes que colaboraron con \u00e9l en tenerla retenida contra su voluntad.<\/p>\n<p class=\"voc-p\" style=\"\">La v\u00edctima fue localizada el pasado viernes por los agentes en la vivienda, en estado de semiinconsciencia y con <strong>quemaduras<\/strong> en varias partes de su cuerpo. En ese momento estaban en el piso los dos presuntos c\u00f3mplices del considerado autor material, y de los que la mujer dijo que no le hab\u00edan hecho da\u00f1o. Seg\u00fan Informaci\u00f3n, aseguraron a la Polic\u00eda que actuaron coaccionados por el otro.<\/p>\n<p class=\"voc-p\" style=\"\">La Polic\u00eda lleg\u00f3 hasta la v\u00edctima porque una joven que hab\u00eda acudido al piso un d\u00eda antes a comprar droga la vio y pudo alertarles. Los agentes detuvieron a los dos <strong>c\u00f3mplices<\/strong> en ese momento mientras que el presunto autor estaba arrestado desde el jueves por otros hechos sin relaci\u00f3n con esta causa. La mujer precis\u00f3 asistencia una vez rescatada, seg\u00fan publica Informaci\u00f3n.<\/p>\n","protected":false},"excerpt":{"rendered":"Tres hombres han ingresado en prisi\u00f3n por orden judicial por su presunta implicaci\u00f3n en el secuestro y agresi\u00f3n&hellip;\n","protected":false},"author":2,"featured_media":227812,"comment_status":"","ping_status":"","sticky":false,"template":"","format":"standard","meta":{"footnotes":""},"categories":[8],"tags":[2206,17,18,960,25,24,13,14,11,19,20,59974,2461,59976,9,10,15,16,57410,5294,23,12,21,22,59975],"class_list":{"0":"post-227811","1":"post","2":"type-post","3":"status-publish","4":"format-standard","5":"has-post-thumbnail","7":"category-espana","8":"tag-alicante","9":"tag-breaking-news","10":"tag-breakingnews","11":"tag-dias","12":"tag-es","13":"tag-espana","14":"tag-featured-news","15":"tag-featurednews","16":"tag-headlines","17":"tag-latest-news","18":"tag-latestnews","19":"tag-maltratan","20":"tag-mujer","21":"tag-narcopiso","22":"tag-news","23":"tag-noticias","24":"tag-noticias-destacadas","25":"tag-noticiasdestacadas","26":"tag-secuestran","27":"tag-siete","28":"tag-spain","29":"tag-titulares","30":"tag-ultimas-noticias","31":"tag-ultimasnoticias","32":"tag-violan"},"share_on_mastodon":{"url":"https:\/\/pubeurope.com\/@es\/115523098044406501","error":""},"_links":{"self":[{"href":"https:\/\/www.europesays.com\/es\/wp-json\/wp\/v2\/posts\/227811","targetHints":{"allow":["GET"]}}],"collection":[{"href":"https:\/\/www.europesays.com\/es\/wp-json\/wp\/v2\/posts"}],"about":[{"href":"https:\/\/www.europesays.com\/es\/wp-json\/wp\/v2\/types\/post"}],"author":[{"embeddable":true,"href":"https:\/\/www.europesays.com\/es\/wp-json\/wp\/v2\/users\/2"}],"replies":[{"embeddable":true,"href":"https:\/\/www.europesays.com\/es\/wp-json\/wp\/v2\/comments?post=227811"}],"version-history":[{"count":0,"href":"https:\/\/www.europesays.com\/es\/wp-json\/wp\/v2\/posts\/227811\/revisions"}],"wp:featuredmedia":[{"embeddable":true,"href":"https:\/\/www.europesays.com\/es\/wp-json\/wp\/v2\/media\/227812"}],"wp:attachment":[{"href":"https:\/\/www.europesays.com\/es\/wp-json\/wp\/v2\/media?parent=227811"}],"wp:term":[{"taxonomy":"category","embeddable":true,"href":"https:\/\/www.europesays.com\/es\/wp-json\/wp\/v2\/categories?post=227811"},{"taxonomy":"post_tag","embeddable":true,"href":"https:\/\/www.europesays.com\/es\/wp-json\/wp\/v2\/tags?post=227811"}],"curies":[{"name":"wp","href":"https:\/\/api.w.org\/{rel}","templated":true}]}}