{"id":227815,"date":"2025-11-10T02:48:26","date_gmt":"2025-11-10T02:48:26","guid":{"rendered":"https:\/\/www.europesays.com\/es\/227815\/"},"modified":"2025-11-10T02:48:26","modified_gmt":"2025-11-10T02:48:26","slug":"los-maillots-que-vistieron-nuestros-mejores-recuerdos-de-ciclismo","status":"publish","type":"post","link":"https:\/\/www.europesays.com\/es\/227815\/","title":{"rendered":"Los maillots que vistieron nuestros mejores recuerdos de ciclismo\u00a0\u00a0"},"content":{"rendered":"<p>\t\t\t\t\t\t\t\t\t\t\t\t\t\t<strong><a href=\"https:\/\/www.bicilabandorra.com\/es\/\" rel=\"nofollow noopener\" target=\"_blank\"><img loading=\"lazy\" decoding=\"async\" class=\"aligncenter size-full wp-image-67321\" src=\"data:image\/svg+xml,%3Csvg%20xmlns=\" http:=\"\" alt=\"\" width=\"1025\" height=\"120\" data-lazy- data-lazy- data-lazy-src=\"https:\/\/www.europesays.com\/es\/wp-content\/uploads\/2025\/11\/anunci-generic-bla-1-1024x120-px-02.jpg\"\/><\/a><\/strong><br \/>\nLos maillots que vistieron nuestros mejores recuerdos de ciclismo<\/p>\n<p data-start=\"395\" data-end=\"662\">Ah\u00ed est\u00e1 Perico, con el inolvidable Francis Lafargue y es que en la memoria de ciclismo, los maillots son mucho m\u00e1s que tela y publicidad.<\/p>\n<p data-start=\"395\" data-end=\"662\">Son piel, historia y s\u00edmbolo.<\/p>\n<p data-start=\"395\" data-end=\"662\">Cada generaci\u00f3n guarda el suyo, ese que, al verlo, despierta el ruido de una fuga o el eco de una meta en alto.<\/p>\n<p><a class=\"wppaslink\" href=\"https:\/\/joanseguidor.com\/pas\/ccmm-valenciana\/44016\/0\" target=\"_blank\" rel=\"nofollow noopener\"><img decoding=\"async\" src=\"data:image\/svg+xml,%3Csvg%20xmlns=\" http:=\"\" alt=\"CCMM Valenciana\" border=\"0\" data-lazy-src=\"https:\/\/www.europesays.com\/es\/wp-content\/uploads\/2025\/11\/1762742905_91_tl-joanseguidorcom-1024x140-1.png\"\/><\/a><br \/>\nAqu\u00ed va mi lista, tan subjetiva como sentimental<\/p>\n<p data-start=\"664\" data-end=\"981\"><strong>Como digo el Reynolds de Perico ocupa el primer lugar.<\/strong><\/p>\n<p data-start=\"664\" data-end=\"981\">Ese degradado de azules, limpio y elegante, fue la bandera de un ciclismo espa\u00f1ol que so\u00f1aba a lo grande.<\/p>\n<p data-start=\"664\" data-end=\"981\">Lo ves y hueles a los Alpes, a Delgado escapando con Rooks camino de Alpe d\u2019Huez.<\/p>\n<p data-start=\"664\" data-end=\"981\">Luego lleg\u00f3 Banesto, s\u00ed, pero el encanto de aquel Reynolds era puro y sincero.<\/p>\n<p data-start=\"983\" data-end=\"1233\">Por detr\u00e1s, <strong>el Z de Lemond, ese c\u00f3mic convertido en maillot<\/strong>.<\/p>\n<p data-start=\"983\" data-end=\"1233\">Azul degradado, la Z gigante y una modernidad que anticip\u00f3 los noventa.<\/p>\n<p data-start=\"983\" data-end=\"1233\">Lemond lo llevaba con una elegancia natural que hac\u00eda parecer que el ciclismo era, tambi\u00e9n, cuesti\u00f3n de estilo.<\/p>\n<p data-start=\"1235\" data-end=\"1448\">Y hablando de arte, <strong>el La Vie Claire de Tapie, Hinault y Lemond sigue siendo el cuadro m\u00e1s famoso sobre ruedas<\/strong>.<\/p>\n<p data-start=\"1235\" data-end=\"1448\">Mondrian reinterpretado en lycra, geometr\u00eda pura que hizo del ciclismo un lienzo en movimiento.<\/p>\n<p data-start=\"1450\" data-end=\"1646\">M\u00e1s atr\u00e1s en la lista, <strong>el ONCE de 1990, amarillo y verde<\/strong>, fue un rayo de optimismo espa\u00f1ol en tiempos de Lemond y Bugno.<\/p>\n<p data-start=\"1450\" data-end=\"1646\">Dise\u00f1ado con Etxe Ondo, naci\u00f3 para brillar\u2026 y lo hizo hasta en Jap\u00f3n.<\/p>\n<p data-start=\"1648\" data-end=\"1864\"><strong>El azzurri de la nazionale italiana no necesita explicaci\u00f3n<\/strong>: cada puntada lleva un pedazo de orgullo patrio. Lo han vestido Bugno, Bettini, Nibali\u2026 cuando aparece esa maglia, sabes que la carrera se pone seria.<\/p>\n<p data-start=\"1648\" data-end=\"1864\"><a href=\"https:\/\/www.turismodecastellon.com\/es\/que-hacer\/rutaCicloturismo\" rel=\"nofollow noopener\" target=\"_blank\"><img loading=\"lazy\" decoding=\"async\" class=\"aligncenter wp-image-66569 size-medium\" src=\"data:image\/svg+xml,%3Csvg%20xmlns=\" http:=\"\" alt=\"\" width=\"300\" height=\"293\" data-lazy- data-lazy- data-lazy-src=\"https:\/\/www.europesays.com\/es\/wp-content\/uploads\/2025\/10\/bn-castellon-cycling-1024x1000-3-300x293.gif\"\/><\/a><\/p>\n<p data-start=\"1866\" data-end=\"2033\"><strong>El Leopard de Andy Schleck y Cancellara es la elegancia moderna<\/strong>: limpio, blanco, negro, sin estridencias.<\/p>\n<p data-start=\"1866\" data-end=\"2033\">Minimalismo puro en tiempos de saturaci\u00f3n publicitaria que creo marc\u00f3 la tendencia.<\/p>\n<p data-start=\"2035\" data-end=\"2198\"><strong>El Molteni de Merckx es historia viva.<\/strong><\/p>\n<p data-start=\"2035\" data-end=\"2198\">Marr\u00f3n, sobrio, con una franja oscura: el ciclismo en su forma m\u00e1s pura.<\/p>\n<p data-start=\"2035\" data-end=\"2198\">Detr\u00e1s, el olor a grasa, a salami y a gloria.<\/p>\n<p data-start=\"2200\" data-end=\"2377\"><strong>El campe\u00f3n belga, en cualquier espalda, es poes\u00eda sobre dos ruedas<\/strong>.<\/p>\n<p data-start=\"2200\" data-end=\"2377\">Cuando Wellens gana en el Tour, se celebra por partida doble, por el ciclista y por esas franjas negro-amarillo-rojo nunca fallan, y cuando B\u00e9lgica se viste de celeste, roza la perfecci\u00f3n.<\/p>\n<p data-start=\"2379\" data-end=\"2581\">Vamos con <strong data-start=\"2382\" data-end=\"2395\">Castorama, el maillot-mono\u00a0de Fignon y Guimard fue locura francesa<\/strong>, humor gr\u00e1fico y talento.<\/p>\n<p data-start=\"2379\" data-end=\"2581\">Y <strong>el Team GB del Mundial de Cavendish<\/strong>, con su Union Jack estilizado, marc\u00f3 la era moderna del ciclismo brit\u00e1nico.<\/p>\n<p data-start=\"2583\" data-end=\"2666\">Son solo maillots, dicen. Pero cada uno es un pedazo de nuestra memoria ciclista.<\/p>\n<p data-start=\"2583\" data-end=\"2666\"><strong><a href=\"https:\/\/terresdelebre.travel\/cycling\/es\/deportivo\" target=\"_blank\" rel=\"noopener nofollow\"><img loading=\"lazy\" decoding=\"async\" class=\"aligncenter\" src=\"data:image\/svg+xml,%3Csvg%20xmlns=\" http:=\"\" alt=\"\" width=\"1024\" height=\"400\" data-lazy-src=\"https:\/\/www.europesays.com\/es\/wp-content\/uploads\/2025\/10\/1024x400-cicloturisme-joanseguidor.jpg\"\/><\/a><\/strong><\/p>\n","protected":false},"excerpt":{"rendered":"Los maillots que vistieron nuestros mejores recuerdos de ciclismo Ah\u00ed est\u00e1 Perico, con el inolvidable Francis Lafargue y&hellip;\n","protected":false},"author":2,"featured_media":227816,"comment_status":"","ping_status":"","sticky":false,"template":"","format":"standard","meta":{"footnotes":""},"categories":[273],"tags":[313,312,168,25,24,2548,59977,23,167],"class_list":{"0":"post-227815","1":"post","2":"type-post","3":"status-publish","4":"format-standard","5":"has-post-thumbnail","7":"category-ciclismo","8":"tag-ciclismo","9":"tag-cycling","10":"tag-deportes","11":"tag-es","12":"tag-espana","13":"tag-featured","14":"tag-mailllots","15":"tag-spain","16":"tag-sports"},"share_on_mastodon":{"url":"https:\/\/pubeurope.com\/@es\/115523125431959568","error":""},"_links":{"self":[{"href":"https:\/\/www.europesays.com\/es\/wp-json\/wp\/v2\/posts\/227815","targetHints":{"allow":["GET"]}}],"collection":[{"href":"https:\/\/www.europesays.com\/es\/wp-json\/wp\/v2\/posts"}],"about":[{"href":"https:\/\/www.europesays.com\/es\/wp-json\/wp\/v2\/types\/post"}],"author":[{"embeddable":true,"href":"https:\/\/www.europesays.com\/es\/wp-json\/wp\/v2\/users\/2"}],"replies":[{"embeddable":true,"href":"https:\/\/www.europesays.com\/es\/wp-json\/wp\/v2\/comments?post=227815"}],"version-history":[{"count":0,"href":"https:\/\/www.europesays.com\/es\/wp-json\/wp\/v2\/posts\/227815\/revisions"}],"wp:featuredmedia":[{"embeddable":true,"href":"https:\/\/www.europesays.com\/es\/wp-json\/wp\/v2\/media\/227816"}],"wp:attachment":[{"href":"https:\/\/www.europesays.com\/es\/wp-json\/wp\/v2\/media?parent=227815"}],"wp:term":[{"taxonomy":"category","embeddable":true,"href":"https:\/\/www.europesays.com\/es\/wp-json\/wp\/v2\/categories?post=227815"},{"taxonomy":"post_tag","embeddable":true,"href":"https:\/\/www.europesays.com\/es\/wp-json\/wp\/v2\/tags?post=227815"}],"curies":[{"name":"wp","href":"https:\/\/api.w.org\/{rel}","templated":true}]}}