{"id":227837,"date":"2025-11-10T03:04:11","date_gmt":"2025-11-10T03:04:11","guid":{"rendered":"https:\/\/www.europesays.com\/es\/227837\/"},"modified":"2025-11-10T03:04:11","modified_gmt":"2025-11-10T03:04:11","slug":"votar-al-pp-nada-de-carambolas","status":"publish","type":"post","link":"https:\/\/www.europesays.com\/es\/227837\/","title":{"rendered":"votar al PP. Nada de carambolas\u00bb"},"content":{"rendered":"<p class=\"article-text\">\n        Suerte \/ Justo cuando el mundo apriete \/ Mejorando lo presente \/ Puedes agarrarte a m\u00ed.\n    <\/p>\n<p class=\"article-text\">\n        Con los acordes de Viva Suecia [Cuando el mundo apriete], Alberto N\u00fa\u00f1ez Feij\u00f3o ha entrado en el sal\u00f3n plenario del XVII Congreso del PP andaluz, agarrado a Juan Manuel Moreno, que el d\u00eda antes hab\u00eda sido reelegido presidente regional con m\u00e1s del 99% de los votos. Feij\u00f3o se ha subido este domingo al trampol\u00edn electoral de Moreno para clausurar un congreso festivalero, sin aristas, dise\u00f1ado como plataforma de lanzamiento del presidente de la Junta para las elecciones autonomicas de la primavera de 2026. \u201cEste congreso es tan importante para Juanma como para Alberto\u201d, hab\u00eda dicho el secretario general del partido, Miguel Tellado, en la jornada previa.\n    <\/p>\n<p class=\"article-text\">\n        El c\u00f3nclave popular, que ha reunido a 2.000 compromisarios y otros tantos simpatizantes en el Palacio de Congresos de Sevilla, ha servido para encender la maquinaria electoral, pero no a pleno rendimiento. Moreno ha azuzado a los suyos, consciente de que hoy est\u00e1n \u201chiperdesmovilizados\u201d, y para ello se ha servido del esc\u00e1ndalo de los cribados de c\u00e1ncer de mama, la mayor crisis que ha sufrido en siete a\u00f1os de gobierno, como espoleta para sacar a los suyos de esa autoconfianza.\n    <\/p>\n<p class=\"article-text\">\n        Todas las encuestas internas sit\u00faan al PP andaluz como primera fuerza, pero el auge de Vox amenaza la mayor\u00eda absoluta que logr\u00f3 en 2022. \u201cQuien se piense que esto est\u00e1 ganado se equivoca\u201d, ha insistido Moreno. Y Feij\u00f3o ha arrancado su discurso con esa misma advertencia, consciente del peso \u201cclave\u201d que tendr\u00e1 Andaluc\u00eda en las pr\u00f3ximas generales. \u201cNo deis nada por ganado y nada por perdido, esto hay que conseguirlo. No nos confiemos, no fiemos todo a la l\u00f3gica y al sentido com\u00fan, porque enfrente no hay l\u00f3gica ni sentido com\u00fan\u201d, ha dicho, acusando al PSOE de \u201cno tener l\u00edmites, ni legal ni moral ni pudor\u201d.\n    <\/p>\n<p class=\"article-text\">\n        El presidente del PP nacional ha entrado en campa\u00f1a para unas generales que tendr\u00e1n varias metas volantes: las de Extremadura, en diciembre, las de Castilla y Le\u00f3n, en marzo, y las andaluzas, previsiblemente en junio de 2026. Entre medias, PP y Vox negocian la investidura del sustituto de Carlos Maz\u00f3n al frente de la Generalitat Valenciana.\n    <\/p>\n<p class=\"article-text\">\n        El calendario electoral -a\u00fan sin las generales a la vista- es muy similar al que tuvo lugar antes de las generales de 2023, que Feij\u00f3o gan\u00f3, pero no gobern\u00f3. \u201cEl mayor desahogo es ganar\u201d, ha dicho, para matizar casi de inmediato: \u201cEl mayor desahogo es ganar&#8230; y gobernar\u201d. En 2023, la formaci\u00f3n de gobiernos de coalici\u00f3n PP-Vox en distintas comunidades aut\u00f3nomas -con la Comunidad Valenciana de avanzadilla acelerada- perjudic\u00f3 las expectativas de Feij\u00f3o en las generales. El PSOE los us\u00f3 de precedentes para avivar el voto del miedo a que la ultraderecha formase un Gobierno en Espa\u00f1a con los populares.\n    <\/p>\n<p class=\"article-text\">\n        El dirigente gallego ha elegido Andaluc\u00eda, una plaza donde hoy gobiernan con holgada mayor\u00eda absoluta, para conjurarse contra ese escenario de dependencia de Vox en los gobiernos auton\u00f3micos. \u201cNada de carambolas. S\u00f3lo hay un camino, que es el del cambio, pero s\u00f3lo hay un camino para que gobierne el PP y es votar al PP. No hay otro, no nos despistemos. Si quieres que gobierne Juan Manuel Moreno, vota a Juan Manuel Moreno. Nada de distracciones\u201d, ha dicho.\n    <\/p>\n<p class=\"article-text\">\n        \u201cCarambola\u201d es una palabra que aparece mucho en el libro de memorias de Moreno -Manual de convivencia. La v\u00eda andaluza- que se ha vendido mucho en el hall del Palacio de Congresos de Sevilla, donde se ha celebrado el c\u00f3nclave popular. El presidente andaluz recuerda que el PSOE desmereci\u00f3 su llegada al poder, en 2018, cuando logr\u00f3 formar gobierno con apoyo de Ciudadanos y Vox, pese a lograr el peor resultado de la historia del PP andaluz (26 diputados). Esa \u201ccarambola\u201d de tres partidos fragmentando el voto conservador es la que ha citado hoy Feij\u00f3o, para se\u00f1alar que el \u201c\u00fanico camino del cambio es el PP\u201d.\n    <\/p>\n<p class=\"article-text\">\n        El dirigente gallego no ha hecho ninguna menci\u00f3n a las negociaciones con el partido de Santiago Abascal para evitar elecciones anticipadas en la Comunidad Valenciana, tras la dimisi\u00f3n de Maz\u00f3n, pero se ha negado a creer que est\u00e1n \u201cempatados\u201d en intenci\u00f3n de votos. \u201cCo\u00f1o, que miren las encuestas de este fin de semana&#8230;\u201d, ha dicho.\n    <\/p>\n<p>    Moreno, contra \u201cla pinza PSOE-Vox\u201d<\/p>\n<p class=\"article-text\">\n        Cuando el presidente andaluz subi\u00f3 al escenario y empez\u00f3 a hablar, miles de personas empezaban a concentrarse a las puertas del Palacio de San Telmo, sede de la Junta, manifest\u00e1ndose por la crisis de los cribados de c\u00e1ncer de mama y el deterioro de la sanidad p\u00fablica. Unas protestas convocadas en las ocho provincias por la Marea Blanca, CCOO y UGT, y respaldada y difundida por las fuerzas de izquierdas en la oposici\u00f3n.\n    <\/p>\n<p class=\"article-text\">\n        En el Gobierno andaluz dan por superada la crisis de los cribados. Creen, de hecho, que la gesti\u00f3n r\u00e1pida de este problema -pedir perd\u00f3n, lanzar un plan de choque con m\u00e1s recursos y personal y el cese de la consejera de Salud y otros altos cargos responsables- les ha \u201creforzado\u201d.\n    <\/p>\n<p class=\"article-text\">\n        Prueba de esto, explican en San Telmo, es que los sindicatos mayoritarios del sector sanitario -Satse y CSIF- se descolgaron a \u00faltima hora de las manifestaciones de este domingo, y los convocantes que quedan son los sindicatos de clase y las izquierdas. \u201cEs una protesta politizada\u201d, advierten fuentes pr\u00f3ximas a Moreno.\n    <\/p>\n<p class=\"article-text\">\n        El dirigente popular ha pedido al PP andaluz que salga a la calle, \u201csin complejos\u201d, a defender su gesti\u00f3n sanitaria, una reacci\u00f3n ante los ataques de la oposici\u00f3n que ha inyectado \u00e1nimos en sus filas. Este domingo ha centrado su discurso de cierre en advertir contra la entente de fuerzas en la oposici\u00f3n que busca minar su fortaleza en las encuestas. \u00c9l lo llama \u201cUni\u00f3n Temporal Electoral\u201d o, m\u00e1s comunmente, \u201cpinza PSOE-Vox\u201d.\n    <\/p>\n<p class=\"article-text\">\n        \u201cHay una confluencia populista de intereses que quiere convertir Andaluc\u00eda en un campo de batalla, de barro, para dejar caer al Gobierno andaluz. Todos los partidos de la oposici\u00f3n a un lado -son dos caras de la misma moneda- y nosotros al otro\u201d, ha dicho Moreno, dirigi\u00e9ndose a los j\u00f3venes, mujeres, empresarios y aut\u00f3nomos, alert\u00e1ndoles del \u201criesgo\u201d de perder la mayor\u00eda absoluta y, con ella, la estabilidad. \u00bfDe verdad merece la pena poner en riesgo todo lo que hemos ganado? La estabilidad es un lujo, mirad lo que est\u00e1 pasando en el resto de Espa\u00f1a\u201c, ha subrayado el dirigente popular, que sustituye su lema de las elecciones de 2022 -\u201dmayor\u00eda suficiente\u201c- por una variante muy parecida: \u201dmayor\u00eda de estabilidad\u201c.\n    <\/p>\n<p class=\"article-text\">\n        Para el PP andaluz, Vox es la verdadera amenaza en las pr\u00f3ximas elecciones, por eso Moreno ha puesto \u00e9nfasis en alertar sobre los riesgos de votar \u201cexperimentos\u201d, un mensaje para esa frajan de poblaci\u00f3n, cabreada, que transita entre el electorado del PP y el de la ultraderecha.\n    <\/p>\n<p class=\"article-text\">\n        Hace 12 a\u00f1os, en el Palacio de Congresos de Sevilla, Moreno logr\u00f3 por primera vez el apoyo de la militancia para liderar un PP andaluz que, antes que \u00e9l, hab\u00edan dirigido Hern\u00e1ndez Mancha, Gabino Puche, Javier Arenas, Teofila Mart\u00ednez y Juan Ignacio Zoido.\n    <\/p>\n<p class=\"article-text\">\n        El pol\u00edtico malague\u00f1o se ha presentado como \u201cdepositario de esa antorcha\u201d y ha defendido la \u201crenovaci\u00f3n\u201d de un partido que, con \u00e9l, lleg\u00f3 al Gobierno andaluz despu\u00e9s de 37 a\u00f1os del PSOE en el poder.\u00a0Durante los siete a\u00f1os de Moreno como presidente, ha habido un corrimiento de tierra que ha empujado el eje ideol\u00f3gico de esta comunidad de 8,5 millones de personas, \u201cayer en el centro izquierda, hoy en el centro derecha\u201d.\n    <\/p>\n<p class=\"article-text\">\n        \u201cEl PP es el partido de la gente, de las clases medias, de los aut\u00f3nomos, de los agricultores, de los ganaderos, de la tierra\u201d, ha proclamado el presidente andaluz, tratando de popularizar la imagen de su partido. Los gui\u00f1os al campo, a la tierra, no son casuales: en el sector agroalimentario, capital para el PIB andaluz, los estrategas de Moreno perciben el avance del voto ultraderechista. Vox concentra ah\u00ed una de sus guerras culturales, la del negacionismo del cambio clim\u00e1tico, la del rechazo a la agenda 2030 y las pol\u00edticas europeas que presentan como una amenaza al crecimiento econ\u00f3mico y los intereses de agricultores y ganaderos.\n    <\/p>\n<p class=\"article-text\">\n        El presidente de la Junta us\u00f3 su discurso de clausura del congreso para volver a sacar pecho por su gesti\u00f3n sanitaria y contestar a las cr\u00edticas de privatizaci\u00f3n que le lanza la oposici\u00f3n. \u201cSiguen con el mismo cuento que escuchaba cuando ten\u00eda pantalones cortos: dec\u00edan que \u00edbamos a quitar las pensiones, a privatizar la salud\u2026siempre metiendo miedo a la sociedad, con la mentira por delante. La supuesta privatizaci\u00f3n es la gran mentira del PSOE\u201d, advirti\u00f3 Moreno, resaltando el aumento de presupuesto, de plantilla y de inversi\u00f3n sanitaria hoy, compar\u00e1ndolo con los \u00faltimos a\u00f1os de gobiernos socialistas.\n    <\/p>\n<p class=\"article-text\">\n        \u201cAqu\u00ed lo \u00fanico que hay es toneladas de mentiras sobre el Gobierno andaluz que m\u00e1s ha protegido a la sanidad y a los servicios p\u00fablicos, esta es la verdad, y lo dem\u00e1s es mentiras, bulos y falsedades\u201d, ha dicho, respondido por el p\u00fablico al grito de \u201cpresidente, presidente\u201d.\n    <\/p>\n<p>    <a href=\"https:\/\/www.eldiario.es\/andalucia\/moreno-da-superada-crisis-cribados-espolea-pp-andaluz-defienda-gestion-sanitaria-complejos_1_12752622.html\" data-mrf-recirculation=\"saber-mas-abajo\" data-dl-event=\"saber-mas-abajo\" rel=\"nofollow noopener\" target=\"_blank\"><\/p>\n<p class=\"know-more__title\">Moreno da por superada la crisis de los cribados y espolea al PP andaluz para que defienda su gesti\u00f3n sanitaria \u201csin complejos\u201d\n<\/p>\n<p>            <img decoding=\"async\" class=\"lazy\" loading=\"lazy\" data-src=\"https:\/\/static.eldiario.es\/clip\/7ad584ca-b3d4-4da2-87fd-0a29ab885297_16-9-aspect-ratio_default_0.jpg\" src=\"data:image\/svg+xml,%3Csvg xmlns=\" http:=\"\" viewbox=\"0 0 880 495\" alt=\"Moreno da por superada la crisis de los cribados y espolea al PP andaluz para que defienda su gesti\u00f3n sanitaria &quot;sin complejos&quot;\"\/><\/p>\n<p>                        <\/a><\/p>\n<p class=\"article-text\">\n        Moreno ha admitido que su gobierno, tras siete a\u00f1os, tiene \u201cluces y sombras\u201d, pero ha prometido \u201cdejarse la piel para que Andaluc\u00eda sea la l\u00edder de Espa\u00f1a\u201d. \u201cQuiero que os lo met\u00e1is en la cabeza, somos los \u00fanicos capaces de hacerlo. Que est\u00e9is preparados, porque Espa\u00f1a no se puede permitir ni un minuto m\u00e1s el disparate colosal que estamos viviendo en el pa\u00eds. O por la v\u00eda larga, que es ganar las andaluzas, o por la v\u00eda corta, si S\u00e1nchez decide convocar, ah\u00ed vamos a estar para ganar en beneficio de Espa\u00f1a. S\u00f3lo hay una alternativa posible, somos nosotros\u201d, ha sentenciado el dirigente popular.\n    <\/p>\n","protected":false},"excerpt":{"rendered":"Suerte \/ Justo cuando el mundo apriete \/ Mejorando lo presente \/ Puedes agarrarte a m\u00ed. Con los&hellip;\n","protected":false},"author":2,"featured_media":227838,"comment_status":"","ping_status":"","sticky":false,"template":"","format":"standard","meta":{"footnotes":""},"categories":[8],"tags":[1705,259,17,18,2760,3854,25,24,13,14,494,11,1667,19,20,3855,9,10,15,16,1925,1171,23,12,21,22],"class_list":{"0":"post-227837","1":"post","2":"type-post","3":"status-publish","4":"format-standard","5":"has-post-thumbnail","7":"category-espana","8":"tag-analisis","9":"tag-andalucia","10":"tag-breaking-news","11":"tag-breakingnews","12":"tag-cordoba","13":"tag-eldiario-es","14":"tag-es","15":"tag-espana","16":"tag-featured-news","17":"tag-featurednews","18":"tag-granada","19":"tag-headlines","20":"tag-informacion","21":"tag-latest-news","22":"tag-latestnews","23":"tag-malaga","24":"tag-news","25":"tag-noticias","26":"tag-noticias-destacadas","27":"tag-noticiasdestacadas","28":"tag-opinion","29":"tag-sevilla","30":"tag-spain","31":"tag-titulares","32":"tag-ultimas-noticias","33":"tag-ultimasnoticias"},"share_on_mastodon":{"url":"https:\/\/pubeurope.com\/@es\/115523188442571828","error":""},"_links":{"self":[{"href":"https:\/\/www.europesays.com\/es\/wp-json\/wp\/v2\/posts\/227837","targetHints":{"allow":["GET"]}}],"collection":[{"href":"https:\/\/www.europesays.com\/es\/wp-json\/wp\/v2\/posts"}],"about":[{"href":"https:\/\/www.europesays.com\/es\/wp-json\/wp\/v2\/types\/post"}],"author":[{"embeddable":true,"href":"https:\/\/www.europesays.com\/es\/wp-json\/wp\/v2\/users\/2"}],"replies":[{"embeddable":true,"href":"https:\/\/www.europesays.com\/es\/wp-json\/wp\/v2\/comments?post=227837"}],"version-history":[{"count":0,"href":"https:\/\/www.europesays.com\/es\/wp-json\/wp\/v2\/posts\/227837\/revisions"}],"wp:featuredmedia":[{"embeddable":true,"href":"https:\/\/www.europesays.com\/es\/wp-json\/wp\/v2\/media\/227838"}],"wp:attachment":[{"href":"https:\/\/www.europesays.com\/es\/wp-json\/wp\/v2\/media?parent=227837"}],"wp:term":[{"taxonomy":"category","embeddable":true,"href":"https:\/\/www.europesays.com\/es\/wp-json\/wp\/v2\/categories?post=227837"},{"taxonomy":"post_tag","embeddable":true,"href":"https:\/\/www.europesays.com\/es\/wp-json\/wp\/v2\/tags?post=227837"}],"curies":[{"name":"wp","href":"https:\/\/api.w.org\/{rel}","templated":true}]}}