{"id":227847,"date":"2025-11-10T03:18:17","date_gmt":"2025-11-10T03:18:17","guid":{"rendered":"https:\/\/www.europesays.com\/es\/227847\/"},"modified":"2025-11-10T03:18:17","modified_gmt":"2025-11-10T03:18:17","slug":"dimite-el-director-de-la-bbc-tras-un-informe-interno-sobre-su-sesgo-sistematico-en-favor-de-las-posiciones-de-la-izquierda","status":"publish","type":"post","link":"https:\/\/www.europesays.com\/es\/227847\/","title":{"rendered":"Dimite el director de la BBC tras un informe interno sobre su \u00absesgo sistem\u00e1tico\u00bb en favor de las posiciones de la izquierda"},"content":{"rendered":"<p>            Las claves<\/p>\n<p>\n                nuevo<br \/>\n                Generado con IA\n            <\/p>\n<p>        <a class=\"key__news__heading--closed-content\" href=\"http:\/\/www.elespanol.com\/suscripciones\/#utm_source=internal&amp;utm_medium=claves\" rel=\"nofollow noopener\" target=\"_blank\"><\/p>\n<p class=\"item--text\">\n                            El director general de la BBC, Tim Davie, y la m\u00e1xima responsable informativa, Deborah Turness, han dimitido tras un informe interno que acusa a la cadena de \u00absesgo sistem\u00e1tico\u00bb a favor de posiciones de izquierda.\n                        <\/p>\n<p class=\"item--text\">\n                            El informe se\u00f1ala como casos graves la cobertura del asalto al Capitolio de 2021 y la guerra en Gaza, criticando la edici\u00f3n de un discurso de Trump que, seg\u00fan el informe, alter\u00f3 el contexto original.\n                        <\/p>\n<p class=\"item--text\">\n                            La pol\u00e9mica por el documental \u00abTrump, \u00bfsegunda oportunidad?\u00bb y las cr\u00edticas a la cobertura del conflicto de Gaza han intensificado las presiones sobre la BBC y su c\u00fapula directiva.\n                        <\/p>\n<p class=\"item--text\">\n                            Partidos pol\u00edticos brit\u00e1nicos han aprovechado la dimisi\u00f3n para exigir reformas profundas en la BBC y advierten sobre el futuro de la cadena, que debe negociar su financiaci\u00f3n antes de 2027.\n                        <\/p>\n<p class=\"paragraph\" id=\"paragraph_1\">El director general de la BBC, <strong>Tim Davie<\/strong>, ha presentado su <strong>dimisi\u00f3n<\/strong> este domingo tras verse presionado por un <strong>informe interno <\/strong>que se\u00f1alaba a la cadena brit\u00e1nica por mantener un \u00absesgo sistem\u00e1tico\u00bb en sus coberturas. La m\u00e1xima responsable de la rama informativa de la cadena,<strong> Deborah Turness<\/strong>, tambi\u00e9n ha dimitido.<\/p>\n<p class=\"paragraph\" id=\"paragraph_2\">Aunque Davie ha afirmado irse \u00abpor decisi\u00f3n propia\u00bb, su figura ha estado rodeada de pol\u00e9mica durante sus cinco a\u00f1os en el cargo. El asesor independiente que firma el informe que ha provocado su ca\u00edda critica a la cadena por su <strong>\u00abgrave sesgo\u00bb<\/strong> en la cobertura del <strong>asalto al Capitolio de enero de 2021 o la guerra en Gaza.<\/strong><\/p>\n<p class=\"paragraph\" id=\"paragraph_3\">Su salida llega despu\u00e9s de un choque con la Casa Blanca. En concreto, a ra\u00edz de un reportaje de investigaci\u00f3n en el que la BBC un\u00eda dos frases de <strong>Donald Trump<\/strong> (pronunciadas en dos momentos diferentes) para enfatizar su papel instigador en la turba que asalt\u00f3 la sede del Congreso norteamericano tras la victoria de <strong>Joe Biden<\/strong> en 2020.<\/p>\n<p><img loading=\"lazy\" decoding=\"async\" alt=\"Im\u00e1genes del asalto al Capitolio de enero de 2021.\" height=\"180\" src=\"https:\/\/www.europesays.com\/es\/wp-content\/uploads\/2025\/11\/914168906_252123879_320x180.jpg\" width=\"320\" data-lazy-status=\"processed\" data-lazy-info=\"remove loading item 1\"\/><\/p>\n<p class=\"paragraph\" id=\"paragraph_4\">La portavoz de la Casa Blanca, <strong>Karoline Leavitt<\/strong>, sali\u00f3 al paso acusando a la BBC de ser \u00abfake news\u00bb (noticias falsas), una expresi\u00f3n habitual en el vocabulario de Trump.<\/p>\n<p class=\"paragraph\" id=\"paragraph_5\">La BBC preparaba una disculpa, pero Davie, como m\u00e1ximo responsable, se ha adelantado. Admite haber cometido un \u00aberror\u00bb por la edici\u00f3n del discurso del presidente estadounidense y considera la renuncia como el paso necesario para \u00abasumir su responsabilidad\u00bb.<\/p>\n<p class=\"paragraph\" id=\"paragraph_6\">La pol\u00e9mica por el documental <strong>Trump, \u00bfsegunda oportunidad?<\/strong> se une a las cr\u00edticas y las presiones que desde hace tiempo rodeaban a la c\u00fapula de la cadena por su presunto <strong>sesgo<\/strong> contrario a <strong>Israel<\/strong> en sus coberturas del conflicto de Gaza.<\/p>\n<p class=\"paragraph\" id=\"paragraph_7\">El documental, realizado por la compa\u00f1\u00eda October Films para el programa Panorama, se emiti\u00f3 ocho d\u00edas antes de las \u00faltimas elecciones presidenciales en <strong>EEUU<\/strong>, celebradas en noviembre de 2024.<\/p>\n<p><img decoding=\"async\" alt=\"Oficinas de la BBC Broadcasting House en Londres\" height=\"180\" loading=\"lazy\" width=\"320\" data-lazy-status=\"processed\" id=\"81e5c50caa\" src=\"https:\/\/www.elespanol.com\/mundo\/20251109\/dimite-director-general-bbc-tim-davie-informe-interno-acusaba-cadena-tener-sesgo-anti-trump\/[\" https:=\"\" data-lazy-info=\"changed src\"\/><\/p>\n<p class=\"paragraph\" id=\"paragraph_8\">Sin embargo, <strong>el caso ha estallado a principios de la pasada semana<\/strong>, cuando el diario The Telegraph public\u00f3 un <strong>informe interno<\/strong> en el que un asesor independiente expresaba sus reservas por el enfoque del documental.<\/p>\n<p class=\"paragraph\" id=\"paragraph_9\">En concreto, el asesor pone el foco en la edici\u00f3n de un segmento en el que el republicano parec\u00eda incentivar expl\u00edcitamente el asalto al <strong>Capitolio<\/strong>, que se sald\u00f3 con <strong>cinco fallecidos, 300 detenidos <\/strong>y una imagen que amenaz\u00f3 la normalidad democr\u00e1tica e institucional del pa\u00eds.<\/p>\n<p class=\"paragraph\" id=\"paragraph_10\">La <strong>edici\u00f3n <\/strong>suger\u00eda que <strong>Trump<\/strong> tuvo una <strong>participaci\u00f3n directa<\/strong> al alentar a la multitud con la siguiente frase: \u201cVamos a marchar hacia el Capitolio y estar\u00e9 all\u00ed con ustedes, y lucharemos. Lucharemos con todas nuestras fuerzas\u201d.<\/p>\n<p class=\"paragraph\" id=\"paragraph_11\">Sin embargo, estas palabras fueron extra\u00eddas de <strong>fragmentos<\/strong> de un discurso de Trump aquel d\u00eda, con la salvedad de que fueron pronunciados con casi una hora de diferencia entre una frase y la otra.<\/p>\n<p>Reacci\u00f3n de Trump<\/p>\n<p class=\"paragraph\" id=\"paragraph_12\"><strong>Trump<\/strong>\u00a0no tard\u00f3 en celebrar la noticia a trav\u00e9s de una de sus habituales publicaciones en su red social, Truth Social.<\/p>\n<p class=\"paragraph\" id=\"paragraph_13\">.\u00bbLos altos cargos de la BBC, incluido TIM DAVIE, el JEFE, est\u00e1n dimitiendo o siendo DESPEDIDOS porque les han pillado &#8216;manipulando&#8217; mi excelente (\u00a1PERFECTO!) discurso del 6 de enero. Gracias a The Telegraph por desenmascarar a estos &#8216;periodistas&#8217; corruptos\u00bb, dijo el mandatario.<\/p>\n<p class=\"paragraph\" id=\"paragraph_14\">\u00abSon personas muy deshonestas que intentaron influir en el resultado de las elecciones presidenciales. Por si fuera poco, son de un pa\u00eds extranjero, uno que muchos consideran nuestro aliado n\u00famero uno. \u00a1Qu\u00e9 terrible para la democracia!\u00bb, ha a\u00f1adido.<\/p>\n<p><img decoding=\"async\" alt=\"Donald Trump esta semana en un acto en la Casa Blanca.\" height=\"180\" loading=\"lazy\" width=\"320\" data-lazy-status=\"processed\" id=\"85294c1d82\" src=\"https:\/\/www.elespanol.com\/mundo\/20251109\/dimite-director-general-bbc-tim-davie-informe-interno-acusaba-cadena-tener-sesgo-anti-trump\/[\" https:=\"\" data-lazy-info=\"changed src\"\/><\/p>\n<p class=\"paragraph\" id=\"paragraph_15\">La portavoz de la Casa Blanca tambi\u00e9n ha reaccionado a la dimisi\u00f3n de Davie a trav\u00e9s de su cuenta de X con una publicaci\u00f3n en la que refleja <strong>dos capturas de pantalla y dos palabras de forma ir\u00f3nica.<\/strong><\/p>\n<p class=\"paragraph\" id=\"paragraph_16\">La <strong>primera imagen<\/strong> muestra la noticia de The Telegraph que se hace eco de las cr\u00edticas de <strong>Washington<\/strong> a la BBC, mientras la <strong>segunda<\/strong> recoge la noticia de la dimisi\u00f3n del directivo.<\/p>\n<p class=\"paragraph\" id=\"paragraph_17\">Adem\u00e1s, Leavitt acompa\u00f1a su publicaci\u00f3n de dos palabras: <strong>shot y<\/strong> <strong>chaser<\/strong>. Ambas hacen referencia a una <strong>expresi\u00f3n<\/strong> en ingl\u00e9s seg\u00fan la cual <strong>shot <\/strong>(en espa\u00f1ol, chupito) representa un trago de una bebida fuerte, como vodka o tequila; y <strong>chaser<\/strong>, en referencia a una bebida m\u00e1s suave que se toma a continuaci\u00f3n para aliviar la garganta, como agua o zumo.<\/p>\n<p class=\"paragraph\" id=\"paragraph_18\">Aunque el autor del informe, Michael Prescott, ha asegurado que su trabajo no responde a \u00abagendas pol\u00edticas\u00bb, los <strong>partidos en la oposici\u00f3n<\/strong> est\u00e1n tratando de rentabilizar la dimisi\u00f3n de Davie y atacar a la BBC por su supuesto sesgo.<\/p>\n<p><img decoding=\"async\" alt=\"Donald Trump, antes de partir hacia una visita oficial a Reino Unido.\" height=\"180\" loading=\"lazy\" width=\"320\" data-lazy-status=\"processed\" id=\"5a0071e0d7\" src=\"https:\/\/www.elespanol.com\/mundo\/20251109\/dimite-director-general-bbc-tim-davie-informe-interno-acusaba-cadena-tener-sesgo-anti-trump\/[\" https:=\"\" data-lazy-info=\"changed src\"\/><\/p>\n<p class=\"paragraph\" id=\"paragraph_19\">El<strong> Partido Conservador<\/strong> brit\u00e1nico y la formaci\u00f3n de derecha populista <strong>Reform UK<\/strong> advirtieron este domingo a la BBC de que tiene<strong> \u00abuna \u00faltima oportunidad\u00bb para cambiar,<\/strong><\/p>\n<p class=\"paragraph\" id=\"paragraph_20\">La dirigente del Partido Conservador y jefa de la oposici\u00f3n, <strong>Kemi Badenoch<\/strong>, celebr\u00f3 la dimisi\u00f3n a trav\u00e9s de un comunicado, pero sostiene que los fallos en la BBC \u00abvan mucho m\u00e1s all\u00e1\u00bb y requieren \u00abmedidas firmes\u00bb, sobre todo en su cobertura de Oriente Medio y su edici\u00f3n en \u00e1rabe.<\/p>\n<p class=\"paragraph\" id=\"paragraph_21\">El l\u00edder de Reform UK, <strong>Nigel Farage<\/strong> asegur\u00f3 que la BBC est\u00e1 ante \u00absu \u00faltima oportunidad\u00bb, ya que de no cambiar, mucha gente dejar\u00e1 de \u00abpagar la licencia\u00bb, en alusi\u00f3n al canon que abonan los ciudadanos brit\u00e1nicos por tener un televisor.<\/p>\n<p class=\"paragraph\" id=\"paragraph_22\">Sus palabras llegan en un momento en el que la cadena ha de entablar negociaciones con el Gobierno brit\u00e1nico que ata\u00f1en a su futuro y su financiaci\u00f3n, pues la <strong>licencia actual expira en 2027<\/strong> y los contratos han de revisarse antes de esa fecha.<\/p>\n<p><img decoding=\"async\" alt=\"Gary Lineker, durante una emisi\u00f3n de la BBC\" height=\"180\" loading=\"lazy\" width=\"320\" data-lazy-status=\"processed\" id=\"45938c1566\" src=\"https:\/\/www.elespanol.com\/mundo\/20251109\/dimite-director-general-bbc-tim-davie-informe-interno-acusaba-cadena-tener-sesgo-anti-trump\/[\" https:=\"\" data-lazy-info=\"changed src\"\/><\/p>\n<p>Otras pol\u00e9micas<\/p>\n<p class=\"paragraph\" id=\"paragraph_23\">El informe interno tambi\u00e9n reflejaba otras \u00e1reas \u00abpreocupantes\u00bb por lo que se consideraban <strong>\u00abproblemas sistem\u00e1ticos de sesgo\u00bb<\/strong> y falta de medidas para combatirlo.<\/p>\n<p class=\"paragraph\" id=\"paragraph_24\">En uno de estos apartados se hace referencia a la cobertura que la<strong> edici\u00f3n \u00e1rabe de la BBC (BBC Arabic)<\/strong> ha realizado de la guerra en Gaza en los \u00faltimos a\u00f1os.<\/p>\n<p class=\"paragraph\" id=\"paragraph_25\">El informe tambi\u00e9n pone el foco en<strong> algunos de los colaboradores<\/strong> de la cadena que hab\u00edan comparado a los jud\u00edos con \u00abHitler\u00bb en sus redes sociales por las acciones del gobierno de <strong>Benjamin Netanyahu.<\/strong><\/p>\n<p class=\"paragraph\" id=\"paragraph_26\">El documental <strong>Gaza: c\u00f3mo sobrevivir en una zona de guerra<\/strong>\u00a0ya recibi\u00f3 fuertes cr\u00edticas despu\u00e9s de que se revelase que el <strong>narrador<\/strong> del mismo era<strong> hijo de un miembro de Ham\u00e1s<\/strong> sin que la cadena brit\u00e1nica tuviera conocimiento sobre ello.<\/p>\n<p><img decoding=\"async\" alt=\"EE.UU. le revoc\u00f3 la visa a una banda brit\u00e1nica\" height=\"180\" loading=\"lazy\" width=\"320\" data-lazy-status=\"processed\" id=\"d1fe065799\" src=\"https:\/\/www.elespanol.com\/mundo\/20251109\/dimite-director-general-bbc-tim-davie-informe-interno-acusaba-cadena-tener-sesgo-anti-trump\/[\" https:=\"\" data-lazy-info=\"changed src\"\/><\/p>\n<p class=\"paragraph\" id=\"paragraph_27\">Los cinco a\u00f1os que Davie se ha mantenido en el cargo tambi\u00e9n han dejado una pol\u00e9mica cobertura del festival de <strong>Glastonbury<\/strong> y coincidido con la salida del <strong>exfutbolista Gary Lineker<\/strong>, una de las voces autorizadas en la secci\u00f3n deportiva de la BBC.<\/p>\n<p class=\"paragraph\" id=\"paragraph_28\">Entonces, durante la actuaci\u00f3n del <strong>rapero Bob Vylan<\/strong>, el cantante realiz\u00f3 unos c\u00e1nticos en los que deseaba la \u00abmuerte\u00bb a los soldados del ej\u00e9rcito de Israel. La cadena pudo cortar la emisi\u00f3n, pero no lo hizo, desatando un aluvi\u00f3n de cr\u00edticas.<\/p>\n<p class=\"paragraph\" id=\"paragraph_29\">El canal p\u00fablico tambi\u00e9n vio apartado del cargo despu\u00e9s de tres d\u00e9cadas vinculado a la empresa por acusaciones de presunto antisemitismo o por criticar la pol\u00edtica migratoria del <strong>Reino Unido.<\/strong><\/p>\n<p class=\"paragraph\" id=\"paragraph_30\">Lineker fue suspendido de sus labores por haber criticado en las redes sociales la pol\u00edtica migratoria del Gobierno del ex primer ministro<strong> Rishi Sunak<\/strong>, llegando a compararla con la de la \u00abAlemania de los a\u00f1os treinta\u00bb.<\/p>\n","protected":false},"excerpt":{"rendered":"Las claves nuevo Generado con IA El director general de la BBC, Tim Davie, y la m\u00e1xima responsable&hellip;\n","protected":false},"author":2,"featured_media":227848,"comment_status":"","ping_status":"","sticky":false,"template":"","format":"standard","meta":{"footnotes":""},"categories":[171],"tags":[27973,352,146,147,25,24,629,2950,3013,2330,2444,23,214],"class_list":{"0":"post-227847","1":"post","2":"type-post","3":"status-publish","4":"format-standard","5":"has-post-thumbnail","7":"category-tv","8":"tag-bbc","9":"tag-donald-trump","10":"tag-entertainment","11":"tag-entretenimiento","12":"tag-es","13":"tag-espana","14":"tag-estados-unidos","15":"tag-medios-de-comunicacion","16":"tag-mundo","17":"tag-prensa","18":"tag-reino-unido","19":"tag-spain","20":"tag-tv"},"share_on_mastodon":{"url":"https:\/\/pubeurope.com\/@es\/115523243801706905","error":""},"_links":{"self":[{"href":"https:\/\/www.europesays.com\/es\/wp-json\/wp\/v2\/posts\/227847","targetHints":{"allow":["GET"]}}],"collection":[{"href":"https:\/\/www.europesays.com\/es\/wp-json\/wp\/v2\/posts"}],"about":[{"href":"https:\/\/www.europesays.com\/es\/wp-json\/wp\/v2\/types\/post"}],"author":[{"embeddable":true,"href":"https:\/\/www.europesays.com\/es\/wp-json\/wp\/v2\/users\/2"}],"replies":[{"embeddable":true,"href":"https:\/\/www.europesays.com\/es\/wp-json\/wp\/v2\/comments?post=227847"}],"version-history":[{"count":0,"href":"https:\/\/www.europesays.com\/es\/wp-json\/wp\/v2\/posts\/227847\/revisions"}],"wp:featuredmedia":[{"embeddable":true,"href":"https:\/\/www.europesays.com\/es\/wp-json\/wp\/v2\/media\/227848"}],"wp:attachment":[{"href":"https:\/\/www.europesays.com\/es\/wp-json\/wp\/v2\/media?parent=227847"}],"wp:term":[{"taxonomy":"category","embeddable":true,"href":"https:\/\/www.europesays.com\/es\/wp-json\/wp\/v2\/categories?post=227847"},{"taxonomy":"post_tag","embeddable":true,"href":"https:\/\/www.europesays.com\/es\/wp-json\/wp\/v2\/tags?post=227847"}],"curies":[{"name":"wp","href":"https:\/\/api.w.org\/{rel}","templated":true}]}}