{"id":227864,"date":"2025-11-10T03:36:09","date_gmt":"2025-11-10T03:36:09","guid":{"rendered":"https:\/\/www.europesays.com\/es\/227864\/"},"modified":"2025-11-10T03:36:09","modified_gmt":"2025-11-10T03:36:09","slug":"el-regreso-de-markus-howard-tendra-que-esperar","status":"publish","type":"post","link":"https:\/\/www.europesays.com\/es\/227864\/","title":{"rendered":"El regreso de Markus Howard tendr\u00e1 que esperar"},"content":{"rendered":"<p>    <img loading=\"lazy\" decoding=\"async\" src=\"https:\/\/www.europesays.com\/es\/wp-content\/uploads\/2025\/11\/27163306-d8d6-4d95-8763-373db49a51d5_16-9-discover-aspect-ratio_default_0_x427y286.jpg\" alt=\"Howard tampoco se vestir\u00e1 de corto ante el Girona.\" width=\"1200\" height=\"675\" title=\"Howard tampoco se vestir\u00e1 de corto ante el Girona.\" style=\"height:auto;\"\/><\/p>\n<p class=\"article-photo__footer\">\n        Howard tampoco se vestir\u00e1 de corto ante el Girona.<br \/>\n                    Alex Larretxi\n            <\/p>\n<p class=\"article-body__text article-body__text--entry article-body__text-middle\">\n        Aunque <strong>Markus Howard<\/strong>, recuperado ya de su lesi\u00f3n en el dedo, ha viajado a Lleida con el resto de la expedici\u00f3n del <a href=\"https:\/\/www.noticiasdealava.eus\/baskonia\/\" title=\"Baskonia\" class=\"link copy\" rel=\"nofollow noopener\" target=\"_blank\">Baskonia<\/a>, <strong>su regreso a las canchas a\u00fan deber\u00e1 esperar, ya que ha sido el descarte obligado de Paolo Galbiati<\/strong> entre los tres jugadores extracomunitarios disponibles (\u00e9l, Kobi Simmons y Markquis Nowell).\n<\/p>\n<p>            <a href=\"https:\/\/www.noticiasdealava.eus\/baskonia\/2025\/11\/08\/gran-tarea-baskonia-visitante-previa-hiopos-lleida-baskonia-10320649.html\" title=\"La gran tarea del Baskonia como visitante\" class=\"new__media\" rel=\"nofollow noopener\" target=\"_blank\"><\/p>\n<p>                <img alt=\"La gran tarea del Baskonia como visitante\" data-src=\"https:\/\/www.europesays.com\/es\/wp-content\/uploads\/2025\/11\/108b8bb1-baf7-42a3-8739-38a84adcd1d5_16-9-aspect-ratio_default_0.jpg\" class=\"lozad\"\/><\/p>\n<p>        <\/a><\/p>\n<p>        <a href=\"https:\/\/www.noticiasdealava.eus\/baskonia\/2025\/11\/08\/gran-tarea-baskonia-visitante-previa-hiopos-lleida-baskonia-10320649.html\" title=\"La gran tarea del Baskonia como visitante\" class=\"new__headline\" rel=\"nofollow noopener\" target=\"_blank\"><br \/>\n            La gran tarea del Baskonia como visitante<br \/>\n        <\/a><\/p>\n<p class=\"article-body__text \">\n        El movimiento no es ninguna sorpresa, ya que<strong> Howard apenas ha podido ejercitarse debido a una enfermedad <\/strong>que le impidi\u00f3 incluso presenciar la victoria del jueves contra la Virtus Bolonia desde la grada, por lo que no estaba en las mejores condiciones para regresar a la competici\u00f3n hoy a partir de las 12.00 horas en Lleida.\n<\/p>\n<p class=\"article-body__text \">\n        Por lo tanto, <strong>habr\u00e1 que esperar al menos hasta el pr\u00f3ximo martes, cuando el Baskonia visitar\u00e1 al Hapoel Tel Aviv<\/strong>, para poder volver a ver en acci\u00f3n a una de las estrellas azulgranas, que no ha tenido un buen arranque de temporada.<\/p>\n","protected":false},"excerpt":{"rendered":"Howard tampoco se vestir\u00e1 de corto ante el Girona. Alex Larretxi Aunque Markus Howard, recuperado ya de su&hellip;\n","protected":false},"author":2,"featured_media":227865,"comment_status":"","ping_status":"","sticky":false,"template":"","format":"standard","meta":{"footnotes":""},"categories":[269],"tags":[299,298,168,25,24,18300,23519,37522,2596,23,167,602],"class_list":{"0":"post-227864","1":"post","2":"type-post","3":"status-publish","4":"format-standard","5":"has-post-thumbnail","7":"category-baloncesto","8":"tag-baloncesto","9":"tag-basketball","10":"tag-deportes","11":"tag-es","12":"tag-espana","13":"tag-esperar","14":"tag-howard","15":"tag-markus","16":"tag-regreso","17":"tag-spain","18":"tag-sports","19":"tag-tendra"},"share_on_mastodon":{"url":"https:\/\/pubeurope.com\/@es\/115523314715148327","error":""},"_links":{"self":[{"href":"https:\/\/www.europesays.com\/es\/wp-json\/wp\/v2\/posts\/227864","targetHints":{"allow":["GET"]}}],"collection":[{"href":"https:\/\/www.europesays.com\/es\/wp-json\/wp\/v2\/posts"}],"about":[{"href":"https:\/\/www.europesays.com\/es\/wp-json\/wp\/v2\/types\/post"}],"author":[{"embeddable":true,"href":"https:\/\/www.europesays.com\/es\/wp-json\/wp\/v2\/users\/2"}],"replies":[{"embeddable":true,"href":"https:\/\/www.europesays.com\/es\/wp-json\/wp\/v2\/comments?post=227864"}],"version-history":[{"count":0,"href":"https:\/\/www.europesays.com\/es\/wp-json\/wp\/v2\/posts\/227864\/revisions"}],"wp:featuredmedia":[{"embeddable":true,"href":"https:\/\/www.europesays.com\/es\/wp-json\/wp\/v2\/media\/227865"}],"wp:attachment":[{"href":"https:\/\/www.europesays.com\/es\/wp-json\/wp\/v2\/media?parent=227864"}],"wp:term":[{"taxonomy":"category","embeddable":true,"href":"https:\/\/www.europesays.com\/es\/wp-json\/wp\/v2\/categories?post=227864"},{"taxonomy":"post_tag","embeddable":true,"href":"https:\/\/www.europesays.com\/es\/wp-json\/wp\/v2\/tags?post=227864"}],"curies":[{"name":"wp","href":"https:\/\/api.w.org\/{rel}","templated":true}]}}