{"id":227911,"date":"2025-11-10T04:13:10","date_gmt":"2025-11-10T04:13:10","guid":{"rendered":"https:\/\/www.europesays.com\/es\/227911\/"},"modified":"2025-11-10T04:13:10","modified_gmt":"2025-11-10T04:13:10","slug":"la-jornada-prioridad-para-espana-normalizar-relaciones-con-mexico-pedro-sanchez","status":"publish","type":"post","link":"https:\/\/www.europesays.com\/es\/227911\/","title":{"rendered":"La Jornada &#8211; Prioridad para Espa\u00f1a, normalizar relaciones con M\u00e9xico: Pedro S\u00e1nchez"},"content":{"rendered":"<p>Madrid. El presidente del gobierno espa\u00f1ol, el socialista Pedro S\u00e1nchez, se refiri\u00f3 a las relaciones bilaterales con M\u00e9xico, al asegurar que \u201cestamos en un momento en el que la diplomacia exige, necesita, de una cierta discreci\u00f3n. Pero puedo garantizar que para Espa\u00f1a es prioritaria la normalizaci\u00f3n de nuestras relaciones con un pa\u00eds que consideramos muy pr\u00f3ximo en. Todas las dimensiones\u201d. Las declaraciones del mandatario espa\u00f1ol coinciden con la nuestra estrategia diplom\u00e1tica emprendida por el ministro de Asuntos Exteriores, Jos\u00e9 Manuel Albares, quien el pasado 31 de octubre reconoci\u00f3 que los pueblos originarios de M\u00e9xico sufrieron \u201cdolor e injusticias\u201d durante la Conquista y el periodo colonial, de lo que se \u201clament\u00f3\u201d.\u00a0<\/p>\n<p>En entrevista con el diario espa\u00f1ol El Pa\u00eds, S\u00e1nchez habl\u00f3 por primera vez de forma expl\u00edcita al nuevo ciclo diplom\u00e1tico entre ambos pa\u00edses, abierto a ra\u00edz de las declaraciones de Albares en el marco de inauguraci\u00f3n de las exposiciones de arte precolombino en Madrid, montadas a su vez para reconstruir las relaciones entre ambos pa\u00edses, da\u00f1adas a ra\u00edz de la petici\u00f3n expl\u00edcita de perd\u00f3n por parte del ex Presidente de M\u00e9xico, Andr\u00e9s Manuel L\u00f3pez Obrador, al Rey de Espa\u00f1a, Felipe VI, y al gobierno de S\u00e1nchez, y que nunca fue contestada. Eso provoc\u00f3 a su vez que la Presidenta Sheinbaum decidiera no invitar a su toma de posesi\u00f3n al rey Felipe VI, lo que deriv\u00f3 en que nadie del gobierno espa\u00f1ol ni del Partido Socialista Obrero Espa\u00f1ol (PSOE) acudiera al acto solemne.\u00a0<\/p>\n<p>Desde entonces las relaciones entre ambos pa\u00edses, al menos en el terreno diplom\u00e1tico y pol\u00edtico, han tenido un bajo perfil, m\u00e1s all\u00e1 de que el intercambio comercial, econ\u00f3mico y cultural es intenso. S\u00e1nchez busca reconstruir esas relaciones con gestos de acercamiento, como las declaraciones de Albares y el apoyo total a las exposiciones abiertas en Madrid. En la citada entrevista, el mandatario espa\u00f1ol explic\u00f3 \u201cyo siempre he trasladado a los responsables mexicanos que el Gobierno de Espa\u00f1a, en esta dilatada y profunda y estrecha relaci\u00f3n hist\u00f3rica que tenemos, siempre ha reivindicado las luces. Por ejemplo, cuando durante la Guerra Civil, un presidente mexicano como L\u00e1zaro C\u00e1rdenas envi\u00f3 barcos para acoger y proteger a los exiliados de esa Guerra Civil\u201d.\u00a0<\/p>\n<p>Adem\u00e1s apunt\u00f3 que \u201cla historia de M\u00e9xico y Espa\u00f1a tiene claroscuros, mismos que es bueno reconocer para comprendernos mejor y, por tanto, seguir construyendo esas relaciones sobre bases mucho m\u00e1s s\u00f3lidas\u201d.<\/p>\n","protected":false},"excerpt":{"rendered":"Madrid. El presidente del gobierno espa\u00f1ol, el socialista Pedro S\u00e1nchez, se refiri\u00f3 a las relaciones bilaterales con M\u00e9xico,&hellip;\n","protected":false},"author":2,"featured_media":227912,"comment_status":"","ping_status":"","sticky":false,"template":"","format":"standard","meta":{"footnotes":""},"categories":[8],"tags":[17,18,27259,3972,25,24,13,14,11,19,20,9,59988,7080,10,15,16,2959,23,12,21,22],"class_list":{"0":"post-227911","1":"post","2":"type-post","3":"status-publish","4":"format-standard","5":"has-post-thumbnail","7":"category-espana","8":"tag-breaking-news","9":"tag-breakingnews","10":"tag-colonia","11":"tag-conquista","12":"tag-es","13":"tag-espana","14":"tag-featured-news","15":"tag-featurednews","16":"tag-headlines","17":"tag-latest-news","18":"tag-latestnews","19":"tag-news","20":"tag-normalizar-relaciones","21":"tag-noticia","22":"tag-noticias","23":"tag-noticias-destacadas","24":"tag-noticiasdestacadas","25":"tag-pedro-sanchez","26":"tag-spain","27":"tag-titulares","28":"tag-ultimas-noticias","29":"tag-ultimasnoticias"},"share_on_mastodon":{"url":"https:\/\/pubeurope.com\/@es\/115523459715397419","error":""},"_links":{"self":[{"href":"https:\/\/www.europesays.com\/es\/wp-json\/wp\/v2\/posts\/227911","targetHints":{"allow":["GET"]}}],"collection":[{"href":"https:\/\/www.europesays.com\/es\/wp-json\/wp\/v2\/posts"}],"about":[{"href":"https:\/\/www.europesays.com\/es\/wp-json\/wp\/v2\/types\/post"}],"author":[{"embeddable":true,"href":"https:\/\/www.europesays.com\/es\/wp-json\/wp\/v2\/users\/2"}],"replies":[{"embeddable":true,"href":"https:\/\/www.europesays.com\/es\/wp-json\/wp\/v2\/comments?post=227911"}],"version-history":[{"count":0,"href":"https:\/\/www.europesays.com\/es\/wp-json\/wp\/v2\/posts\/227911\/revisions"}],"wp:featuredmedia":[{"embeddable":true,"href":"https:\/\/www.europesays.com\/es\/wp-json\/wp\/v2\/media\/227912"}],"wp:attachment":[{"href":"https:\/\/www.europesays.com\/es\/wp-json\/wp\/v2\/media?parent=227911"}],"wp:term":[{"taxonomy":"category","embeddable":true,"href":"https:\/\/www.europesays.com\/es\/wp-json\/wp\/v2\/categories?post=227911"},{"taxonomy":"post_tag","embeddable":true,"href":"https:\/\/www.europesays.com\/es\/wp-json\/wp\/v2\/tags?post=227911"}],"curies":[{"name":"wp","href":"https:\/\/api.w.org\/{rel}","templated":true}]}}