{"id":227915,"date":"2025-11-10T04:20:10","date_gmt":"2025-11-10T04:20:10","guid":{"rendered":"https:\/\/www.europesays.com\/es\/227915\/"},"modified":"2025-11-10T04:20:10","modified_gmt":"2025-11-10T04:20:10","slug":"el-representante-de-tadej-pogacar-se-alarma-por-la-destruccion-economica-de-equipos-profesionales-y-propone-soluciones-debemos-mirar-al-futuro","status":"publish","type":"post","link":"https:\/\/www.europesays.com\/es\/227915\/","title":{"rendered":"El representante de Tadej Pogacar se alarma por la destrucci\u00f3n econ\u00f3mica de equipos profesionales y propone soluciones: \u00abDebemos mirar al futuro\u00bb"},"content":{"rendered":"<p class=\"typo-tk-rs-caption-xs\">Pogacar, una temporada de GOAT: Todas sus victorias, ataques y grandes momentos en 2025<\/p>\n<p class=\"typo-tk-rs-caption-xs\">Autor del v\u00eddeo: Eurosport<\/p>\n<p>\u00ab<b data-testid=\"body-text-bold\">Es el momento de reaccionar. Y reaccionar con urgencia<\/b>\u00ab. <b data-testid=\"body-text-bold\">Alex Carera<\/b>, m\u00e1ximo responsable de la agencia A&amp;J All Sports de representaci\u00f3n de ciclistas junto a su hermano Johnny, <a class=\"typo-tk-rs-body-md focus-visible:text-focused-text-fill-01 focus-visible:bg-focused-surface-fill-01 hover:underline focus-visible:outline-none text-content-block-default-text-fill-04 hover:text-content-block-default-text-fill-01 active:text-content-block-default-text-fill-03\" target=\"_blank\" rel=\"noopener nofollow\" href=\"https:\/\/www.linkedin.com\/feed\/update\/urn:li:activity:7392943344181575681\/\" data-testid=\"body-hyper-link\">expon\u00eda este fin de semana en un post en su cuenta de LinkedIn<\/a> la preocupaci\u00f3n que muchos actores en el mundo del ciclismo comparten: el hecho de que <b data-testid=\"body-text-bold\">cada vez menos conjuntos pueden ser alternativa al dominio de los &#8216;s\u00faper equipos&#8217;,<\/b> porque muchos quiebran y la pir\u00e1mide se contrae por su base.<\/p>\n<p>\u00ab<b data-testid=\"body-text-bold\">\u00bfQu\u00e9 podemos hacer? No hay una sola soluci\u00f3n, pero propongo dos ideas <\/b>para generar inter\u00e9s hacia los equipos ProTeam\u00bb, la segunda divisi\u00f3n tras los WorldTour y que, a tenor de las inscripciones para 2026 ante la UCI, apenas ser\u00e1n una docena de escuadras el a\u00f1o que viene.<\/p>\n<blockquote class=\"wrapping-break-word typo-tk-rs-display-sm flex-auto text-content-block-default-text-fill-01\"><p>Debemos crear un calendario &#8216;ad hoc&#8217; para esta categor\u00eda, con el fin de ofrecer visibilidad a los sponsors, y fijar un n\u00famero m\u00e1ximo de carreras 1.1 y 2.1 [NdR: aquellas por debajo de WorldTour y ProSeries] en las que puedan participar los equipos WorldTour, para que as\u00ed las victorias est\u00e9n m\u00e1s distribuidas, creando entuasiamo y una clasificaci\u00f3n UCI m\u00e1s &#8216;correcta&#8217; (as\u00ed como dar m\u00e1s espacio a los equipos de desarrollo) para que todos los equipos participen en el mismo n\u00famero de competiciones durante el a\u00f1o.<\/p><\/blockquote>\n<p>Una reclamaci\u00f3n l\u00f3gica en unos tiempos en los que <b data-testid=\"body-text-bold\">UAE Team Emirates-XRG bate r\u00e9cords de victorias<\/b>, las <a class=\"typo-tk-rs-body-md focus-visible:text-focused-text-fill-01 focus-visible:bg-focused-surface-fill-01 hover:underline focus-visible:outline-none text-content-block-default-text-fill-04 hover:text-content-block-default-text-fill-01 active:text-content-block-default-text-fill-03\" target=\"_self\" href=\"https:\/\/www.eurosport.es\/ciclismo\/del-toro-campeon-nacional-ruta-mexico-doblete-ataque-hoy_sto23234724\/story.shtml\" data-testid=\"body-hyper-link\" rel=\"nofollow noopener\">97 obtenidas por sus ciclistas,<\/a> mientras algunas escuadras sufren para obtener resultados de m\u00e9rito.<img decoding=\"async\" class=\"text-transparent h-full w-full object-cover\" src=\"https:\/\/www.europesays.com\/es\/wp-content\/uploads\/2025\/11\/image-23766249-fc90-43e9-a65b-9a4893d93ec0-85-2560-1440.jpeg\" alt=\"picture\" data-testid=\"image-high-res\"\/><\/p>\n<p class=\"typo-tk-rs-caption-xs\">Alex Carera, a la espalda de su representado Tadej Pogacar el pasado mes de diciembre de 2024, durante la gala de presentaci\u00f3n del V\u00e9lo d&#8217;Or.<\/p>\n<p class=\"typo-tk-rs-caption-xs\">Fuente de la imagen: Getty Images<\/p>\n<p>Carera recuerda que \u00ab<b data-testid=\"body-text-bold\">los ProTeam de \u00e9xito ser\u00e1n futuros equpos WorldTour,<\/b> como ya ha ocurrido con Alpecin Deceuninck, Uno-X, Ark\u00e9a, o realidades importantes, como Q36.5 o Tudor\u00bb.<\/p>\n<blockquote class=\"wrapping-break-word typo-tk-rs-display-sm flex-auto text-content-block-default-text-fill-01\"><p>El ciclismo es un deporte \u00fanico, pero debemos mirar al futuro.<\/p><\/blockquote>\n<p><img decoding=\"async\" class=\"text-transparent h-full w-full object-cover\" src=\"https:\/\/www.europesays.com\/es\/wp-content\/uploads\/2025\/11\/image-1893c487-51ca-4631-8475-118179b979f6-85-2560-1440.jpeg\" alt=\"picture\" data-testid=\"image-high-res\"\/><\/p>\n<p class=\"typo-tk-rs-caption-xs\">Final Veneto Classic: Loland estrena su palmar\u00e9s y deja el casillero de UAE en 95 victorias en 2025<\/p>\n<p class=\"typo-tk-rs-caption-xs\">Autor del v\u00eddeo: Eurosport<\/p>\n","protected":false},"excerpt":{"rendered":"Pogacar, una temporada de GOAT: Todas sus victorias, ataques y grandes momentos en 2025 Autor del v\u00eddeo: Eurosport&hellip;\n","protected":false},"author":2,"featured_media":227916,"comment_status":"","ping_status":"","sticky":false,"template":"","format":"standard","meta":{"footnotes":""},"categories":[273],"tags":[313,312,168,25,24,23,167],"class_list":{"0":"post-227915","1":"post","2":"type-post","3":"status-publish","4":"format-standard","5":"has-post-thumbnail","7":"category-ciclismo","8":"tag-ciclismo","9":"tag-cycling","10":"tag-deportes","11":"tag-es","12":"tag-espana","13":"tag-spain","14":"tag-sports"},"share_on_mastodon":{"url":"https:\/\/pubeurope.com\/@es\/115523487615386643","error":""},"_links":{"self":[{"href":"https:\/\/www.europesays.com\/es\/wp-json\/wp\/v2\/posts\/227915","targetHints":{"allow":["GET"]}}],"collection":[{"href":"https:\/\/www.europesays.com\/es\/wp-json\/wp\/v2\/posts"}],"about":[{"href":"https:\/\/www.europesays.com\/es\/wp-json\/wp\/v2\/types\/post"}],"author":[{"embeddable":true,"href":"https:\/\/www.europesays.com\/es\/wp-json\/wp\/v2\/users\/2"}],"replies":[{"embeddable":true,"href":"https:\/\/www.europesays.com\/es\/wp-json\/wp\/v2\/comments?post=227915"}],"version-history":[{"count":0,"href":"https:\/\/www.europesays.com\/es\/wp-json\/wp\/v2\/posts\/227915\/revisions"}],"wp:featuredmedia":[{"embeddable":true,"href":"https:\/\/www.europesays.com\/es\/wp-json\/wp\/v2\/media\/227916"}],"wp:attachment":[{"href":"https:\/\/www.europesays.com\/es\/wp-json\/wp\/v2\/media?parent=227915"}],"wp:term":[{"taxonomy":"category","embeddable":true,"href":"https:\/\/www.europesays.com\/es\/wp-json\/wp\/v2\/categories?post=227915"},{"taxonomy":"post_tag","embeddable":true,"href":"https:\/\/www.europesays.com\/es\/wp-json\/wp\/v2\/tags?post=227915"}],"curies":[{"name":"wp","href":"https:\/\/api.w.org\/{rel}","templated":true}]}}