{"id":227924,"date":"2025-11-10T04:29:10","date_gmt":"2025-11-10T04:29:10","guid":{"rendered":"https:\/\/www.europesays.com\/es\/227924\/"},"modified":"2025-11-10T04:29:10","modified_gmt":"2025-11-10T04:29:10","slug":"star-wars-la-impactante-vision-que-redefine-la-despedida-de-luke-skywalker-en-los-nuevos-comics","status":"publish","type":"post","link":"https:\/\/www.europesays.com\/es\/227924\/","title":{"rendered":"Star Wars: la impactante visi\u00f3n que redefine la despedida de Luke Skywalker en los nuevos c\u00f3mics"},"content":{"rendered":"<p>La muerte de Luke Skywalker en Star Wars: Episodio VIII sigue generando debate entre los fan\u00e1ticos de la saga<\/p>\n<p class=\"paragraph\">La muerte de <a href=\"https:\/\/www.infobae.com\/tag\/luke-skywalker\/\" target=\"_blank\" rel=\"noreferrer nofollow noopener\" title=\"https:\/\/www.infobae.com\/tag\/luke-skywalker\/\"><b>Luke Skywalker<\/b><\/a> en Star Wars: Episodio VIII sigue siendo uno de los momentos m\u00e1s comentados por los seguidores de <a href=\"https:\/\/www.infobae.com\/tag\/star-wars\/\" target=\"_blank\" rel=\"noreferrer nofollow noopener\" title=\"https:\/\/www.infobae.com\/tag\/star-wars\/\"><b>Star Wars<\/b><\/a>. Desde su estreno, la manera en que el legendario Jedi enfrent\u00f3 su final dividi\u00f3 a los fans entre quienes esperaban una muestra de hero\u00edsmo tradicional y quienes defendieron la apuesta narrativa del director <b>Rian Johnson<\/b>. <\/p>\n<p class=\"paragraph\">Ahora, la publicaci\u00f3n del c\u00f3mic Star Wars: Legacy of Vader #10 propone una interpretaci\u00f3n diferente, impulsando una nueva discusi\u00f3n sobre la verdadera naturaleza de su sacrificio. <b>Este debate evidencia la fortaleza del personaje como uno de los m\u00e1s significativos de la saga y c\u00f3mo su legado contin\u00faa evolucionando hasta hoy.<\/b><\/p>\n<p class=\"paragraph\">La \u00faltima aparici\u00f3n de Luke Skywalker en Star Wars: Episodio VIII rompi\u00f3 con las expectativas de quienes esperaban un duelo f\u00edsico \u00e9pico. El personaje se autoexilia en <b>Ahch-To<\/b> tras la ca\u00edda de <b>Ben Solo<\/b> al lado oscuro y el avance del <b>Primer Orden<\/b>. Convencido de que la Orden Jedi deb\u00eda terminar, rechaza la idea de enfrentar al enemigo como lo habr\u00eda hecho en su juventud.<\/p>\n<p><img alt=\"El sacrificio de Luke Skywalker\" class=\"global-image\" decoding=\"async\" fetchpriority=\"low\" height=\"780\" loading=\"lazy\" src=\"https:\/\/www.europesays.com\/es\/wp-content\/uploads\/2025\/11\/1762748949_279_XVEZCIY7KRARRFPDLYBPN6WZ5A.png\" width=\"1619\"\/>El sacrificio de Luke Skywalker se presenta como un acto de compasi\u00f3n y servicio, no de confrontaci\u00f3n (Captura de video: YouTube &#8211; Star Wars)<\/p>\n<p class=\"paragraph\">En el cl\u00edmax, cuando la <b>Resistencia<\/b> se encuentra acorralada, Luke ayuda de un modo inesperado: proyecta su imagen a trav\u00e9s de la Fuerza desde Ahch-To hasta <b>Crait<\/b> y enfrenta a <b>Kylo Ren<\/b>. Sus aliados logran escapar gracias a este acto. El esfuerzo le cuesta la vida: sentado en paz, contempla el doble atardecer y se une a la Fuerza, un desenlace solemne que desat\u00f3 interpretaciones enfrentadas.<\/p>\n<p class=\"paragraph\"><b>Muchos imaginaban que Luke demostrar\u00eda su poder con el sable l\u00e1ser como Gran Maestro Jedi.<\/b> Sin embargo, la pel\u00edcula lo muestra como un hombre marcado por sus fracasos, que prefiere proteger a los suyos antes que buscar gloria personal. Para algunos fue un homenaje a la filosof\u00eda Jedi; para otros, una despedida demasiado contenida.<\/p>\n<p class=\"paragraph\">La reciente edici\u00f3n de Legacy of Vader #10, escrita por <b>Charles Soule<\/b> y con arte de <b>Luke Ross<\/b>, retoma la escena desde una perspectiva nueva. En la historieta, Kylo Ren se encuentra con el fantasma de la Fuerza de Luke y exige saber qui\u00e9n fue el responsable de su muerte, incapaz de aceptar que simplemente desapareciera sin una confrontaci\u00f3n.<\/p>\n<p><img alt=\"Luke Skywalker afirma que sacrific\u00f3\" class=\"global-image\" decoding=\"async\" fetchpriority=\"low\" height=\"1080\" loading=\"lazy\" src=\"https:\/\/www.europesays.com\/es\/wp-content\/uploads\/2025\/11\/I7PX32IT3FFQ3IIJJCN6UWBSFQ.jpg\" width=\"1920\"\/>Luke Skywalker afirma que sacrific\u00f3 su vida por la paz y la luz en la galaxia, seg\u00fan el nuevo c\u00f3mic (Jordan Strauss\/Invision\/AP, File)<\/p>\n<p class=\"paragraph\">La respuesta de Luke, seg\u00fan ComicBook.com, es clara: \u201cNadie me mat\u00f3. Sacrifiqu\u00e9 mi vida por los dem\u00e1s, al servicio de algo m\u00e1s grande. Mor\u00ed por mis amigos y mi familia y por personas que no conozco en toda la galaxia, para que pudieran vivir en paz y luz. Para eso fue mi vida\u201d. Este matiz fortalece el legado del personaje, mostrando que es posible ser h\u00e9roe a trav\u00e9s de la compasi\u00f3n y el sacrificio.<\/p>\n<p class=\"paragraph\"><b>El c\u00f3mic no modifica lo mostrado en la pel\u00edcula, pero lo explica con m\u00e1s claridad:<\/b> Luke no fue una v\u00edctima, sino que eligi\u00f3 ofrecerse en favor de quienes luchan por la esperanza. <b>Este aporte del c\u00f3mic suma profundidad y coherencia a la interpretaci\u00f3n del film.<\/b><\/p>\n<p class=\"paragraph\">El desenlace de Luke Skywalker, tal como la resignifican la pel\u00edcula y el c\u00f3mic, escapa a la l\u00f3gica de la acci\u00f3n y la venganza. Su final es <b>una declaraci\u00f3n de principios Jedi<\/b>, centrada en el autocontrol y el desprendimiento.<\/p>\n<p><img alt=\"El legado de Luke Skywalker\" class=\"global-image\" decoding=\"async\" fetchpriority=\"low\" height=\"675\" loading=\"lazy\" src=\"https:\/\/www.europesays.com\/es\/wp-content\/uploads\/2025\/11\/TE6UMBWSJZCINEC7ZEBUC4YKCI.jpg\" width=\"1200\"\/>El legado de Luke Skywalker contin\u00faa inspirando debates y nuevas interpretaciones en el universo Star Wars<\/p>\n<p class=\"paragraph\"><b>Sin un enfrentamiento \u00e9pico ni ansias de victoria<\/b>, Luke se despide fiel a la ense\u00f1anza de Yoda: ser Jedi es defender, no atacar. As\u00ed, tanto la obra de Johnson como la confesi\u00f3n en el c\u00f3mic consolidan la figura de un Luke Skywalker m\u00e1s humano y sabio, que deja un legado de paz y redenci\u00f3n. <\/p>\n<p class=\"paragraph\">Los nuevos aportes permiten reconsiderar el cierre de su historia, sumando matices a un personaje que sigue inspirando debates e interpretaciones diversas.<\/p>\n","protected":false},"excerpt":{"rendered":"La muerte de Luke Skywalker en Star Wars: Episodio VIII sigue generando debate entre los fan\u00e1ticos de la&hellip;\n","protected":false},"author":2,"featured_media":227925,"comment_status":"","ping_status":"","sticky":false,"template":"","format":"standard","meta":{"footnotes":""},"categories":[169],"tags":[177,11692,146,147,25,24,176,175,23],"class_list":{"0":"post-227924","1":"post","2":"type-post","3":"status-publish","4":"format-standard","5":"has-post-thumbnail","7":"category-cine","8":"tag-cine","9":"tag-color","10":"tag-entertainment","11":"tag-entretenimiento","12":"tag-es","13":"tag-espana","14":"tag-film","15":"tag-movies","16":"tag-spain"},"share_on_mastodon":{"url":"https:\/\/pubeurope.com\/@es\/115523522784517559","error":""},"_links":{"self":[{"href":"https:\/\/www.europesays.com\/es\/wp-json\/wp\/v2\/posts\/227924","targetHints":{"allow":["GET"]}}],"collection":[{"href":"https:\/\/www.europesays.com\/es\/wp-json\/wp\/v2\/posts"}],"about":[{"href":"https:\/\/www.europesays.com\/es\/wp-json\/wp\/v2\/types\/post"}],"author":[{"embeddable":true,"href":"https:\/\/www.europesays.com\/es\/wp-json\/wp\/v2\/users\/2"}],"replies":[{"embeddable":true,"href":"https:\/\/www.europesays.com\/es\/wp-json\/wp\/v2\/comments?post=227924"}],"version-history":[{"count":0,"href":"https:\/\/www.europesays.com\/es\/wp-json\/wp\/v2\/posts\/227924\/revisions"}],"wp:featuredmedia":[{"embeddable":true,"href":"https:\/\/www.europesays.com\/es\/wp-json\/wp\/v2\/media\/227925"}],"wp:attachment":[{"href":"https:\/\/www.europesays.com\/es\/wp-json\/wp\/v2\/media?parent=227924"}],"wp:term":[{"taxonomy":"category","embeddable":true,"href":"https:\/\/www.europesays.com\/es\/wp-json\/wp\/v2\/categories?post=227924"},{"taxonomy":"post_tag","embeddable":true,"href":"https:\/\/www.europesays.com\/es\/wp-json\/wp\/v2\/tags?post=227924"}],"curies":[{"name":"wp","href":"https:\/\/api.w.org\/{rel}","templated":true}]}}