{"id":227991,"date":"2025-11-10T05:23:07","date_gmt":"2025-11-10T05:23:07","guid":{"rendered":"https:\/\/www.europesays.com\/es\/227991\/"},"modified":"2025-11-10T05:23:07","modified_gmt":"2025-11-10T05:23:07","slug":"el-gobierno-sigue-sin-asumir-sus-responsabilidades-por-la-dana","status":"publish","type":"post","link":"https:\/\/www.europesays.com\/es\/227991\/","title":{"rendered":"El Gobierno sigue sin asumir sus responsabilidades por la dana"},"content":{"rendered":"<p style=\"\">La causa judicial abierta <a href=\"https:\/\/www.abc.es\/espana\/comunidad-valenciana\/vidas-rotas-dana-20251028124400-nt.html\" target=\"_self\" data-voc-vtm-id=\"in-text-traffic\" title=\"tras la catastr\u00f3fica dana\" data-mrf-link=\"www.abc.es\" rel=\"nofollow noopener\">tras la catastr\u00f3fica dana<\/a> del 29 de octubre de 2024 atribuye a la Generalitat Valenciana la posible responsable penal de los errores en la gesti\u00f3n de la tragedia con 229 muertos en la provincia de Valencia. Con la normativa en  &#8230; la mano, la Administraci\u00f3n auton\u00f3mica estaba al mando de la crisis y ten\u00eda la obligaci\u00f3n de proteger a la poblaci\u00f3n advirti\u00e9ndola del peligro que corr\u00eda. De ah\u00ed que la juez de Catarroja que instruye el procedimiento haya rechazado en multitud de ocasiones investigar a cargos del Gobierno central tras las inundaciones y s\u00f3lo haya imputado a la exconsejera responsable de las emergencias Salom\u00e9 Pradas y a su entonces &#8216;n\u00famero dos&#8217; Emilio Arg\u00fceso.<\/p>\n<p class=\"voc-p\" style=\"\">En un plano diferente se sit\u00faa la responsabilidad pol\u00edtica. Los dos investigados fueron cesados pocas semanas despu\u00e9s de la barrancada. Tras un a\u00f1o esquivando la dimisi\u00f3n, <a href=\"https:\/\/www.abc.es\/sociedad\/profesora-instituto-salobrena-emplea-articulo-eldiarioes-critico-20251104133403-nt.html\" target=\"_self\" data-voc-vtm-id=\"in-text-traffic\" title=\"el presidente de la Generalitat, Carlos Maz\u00f3n\" data-mrf-link=\"www.abc.es\" rel=\"nofollow noopener\">el presidente de la Generalitat, Carlos Maz\u00f3n<\/a>, ahora en funciones, tambi\u00e9n ha asumido la suya. Sin embargo, el Gobierno central no lo ha hecho. No s\u00f3lo por los fallos cometidos el d\u00eda de autos, sino por las decisiones que a d\u00eda de hoy siguen siendo un lastre para la reconstrucci\u00f3n de la zona cero.<\/p>\n<p>\n Confederaci\u00f3n Hidrogr\u00e1fica del J\u00facar (CHJ)\n<\/p>\n<p class=\"voc-p\" style=\"\">La actuaci\u00f3n de la Confederaci\u00f3n Hidrogr\u00e1fica del J\u00facar (CHJ) ha estado en el punto de mira desde el primer momento. Durante las horas cr\u00edticas -entre las 16.45 y 17.30 ya hab\u00eda muertos por los desbordamientos- nadie estaba mirando a los barrancos, tampoco la CHJ, pese a que hab\u00eda una alerta hidrol\u00f3gica activada desde mediod\u00eda en la rambla del Poyo. La posible rotura de la presa de Forata centr\u00f3 toda la atenci\u00f3n de la reuni\u00f3n del Centro de Coordinaci\u00f3n Operativa Integrado (Cecopi), el \u00f3rgano que dirig\u00eda la crisis, lo que motiv\u00f3 el env\u00edo del ES-Alert tard\u00edo. Aunque <strong>la vigilancia de los barrancos in situ era competencia de la Generalitat<\/strong>, la CHJ realizaba el seguimiento de los caudales a trav\u00e9s del Sistema Autom\u00e1tico de Informaci\u00f3n Hidrol\u00f3gica (SAIH). Si bien es cierto que ofreci\u00f3 datos cada cinco minutos, no avis\u00f3 del incremento de caudal que se produjo entre el \u00faltimo correo emitido a Emergencias a las 16.13h -en descenso- y las 18.43h, con 1.686 m3\/s y en aumento.<\/p>\n<p class=\"voc-p\" style=\"\">T\u00e9cnicos del 112 han apuntado ante la juez que el aviso -con los datos del \u00fanico punto de control en esa rambla- lleg\u00f3, pero no supieron interpretar el riesgo de ese nivel de caudal, tarea que deb\u00eda realizar la Confederaci\u00f3n. Adem\u00e1s, no trasladaron el correo al Cecopi porque ya hab\u00eda cinco representantes de este organismo conectados telem\u00e1ticamente al mismo. No hubo m\u00e1s advertencias. De hecho, en su declaraci\u00f3n como testigo, el presidente de la CHJ, Miguel Polo, admiti\u00f3 que conoc\u00eda ese incremento brutal, pero asever\u00f3 ante la magistrada que no dijo nada porque el caudal era congruente con lo que estaba ocurriendo y desconoc\u00eda los otros caudales que acabaron junt\u00e1ndose: a los 1.600 del Poyo, se sumaron los 2.000 de l&#8217;Horteta y otros mil del Gallego. Asimismo, <strong>dio por hecho que el Gobierno auton\u00f3mico ya ten\u00eda esa informaci\u00f3n por otras v\u00edas<\/strong>.<\/p>\n<p>\nAemet\n<\/p>\n<p class=\"voc-p\" style=\"\">La Agencia Estatal de Meteorolog\u00eda (Aemet) s\u00ed advirti\u00f3 de lo extraordinario y la peligrosidad del fen\u00f3meno que se avecinaba desde varios d\u00edas antes y elev\u00f3 el aviso a rojo a primera hora de la ma\u00f1ana conforme a los protocolos en vigor, que se\u00f1alan que debe activarse si se supera el umbral -la cantidad m\u00ednima- <strong>de precipitaci\u00f3n de 180 litros por metro cuadrado<\/strong>. En la localidad valenciana de Tur\u00eds se acumularon 772, lo que ha abierto el debate sobre la necesidad de revisar esa forma de proceder e instaurar un nivel m\u00e1s de alerta.<\/p>\n<p>\nObras en barrancos\n<\/p>\n<p class=\"voc-p\" style=\"\">Los expertos coinciden en que el impacto de la cat\u00e1strofe hubiera sido mucho menor si se hubieran ejecutado los m\u00faltiples proyectos hidr\u00e1ulicos que hab\u00eda encima de la mesa desde el siglo pasado y que los distintos gobiernos fueron retrasando. En el centro de todos ellos, el encauzamiento del barranco del Poyo, que junto a sus afluentes caus\u00f3 el mayor n\u00famero de muertes a su paso por Paiporta o Catarroja. Si bien no es una responsabilidad que se le pueda achacar en exclusiva al actual Ministerio para la Transici\u00f3n Ecol\u00f3gica por razones obvias, no se han producido avances desde que Pedro S\u00e1nchez lleg\u00f3 al poder en 2018. La entonces ministra y ahora comisaria europea Teresa Ribera firm\u00f3 en 2011 -como secretaria de Estado- la declaraci\u00f3n impacto ambiental positiva, que caduc\u00f3 durante el Gobierno de Mariano Rajoy. Despu\u00e9s, <strong>hubo que volver a empezar<\/strong>. La CHJ admiti\u00f3 en 2021 la falta de presupuesto para acometer estos trabajos.<\/p>\n<p class=\"voc-p\" style=\"\">A d\u00eda de hoy, los expedientes relacionados con esta cuenca se encuentran en \u00abun proceso de estudio y actualizaci\u00f3n\u00bb para adaptarlos a la experiencia adquirida y podr\u00edan comenzar a tramitarse \u00aba principios\u00bb del a\u00f1o que viene. Un a\u00f1o despu\u00e9s, y sin poner todav\u00eda ni una piedra, el proyecto m\u00e1s avanzado es el desv\u00edo del barranco de la Saleta al nuevo cauce del Turia, demandado por los vecinos de Aldaia desde hace d\u00e9cadas. Se prev\u00e9 que salga a licitaci\u00f3n durante el primer trimestre de 2026. <\/p>\n<p>\nEmergencia Nacional\n<\/p>\n<p class=\"voc-p\" style=\"\">La ley de Protecci\u00f3n Civil otorga al Ministerio del Interior la potestad de declarar la emergencia de inter\u00e9s nacional -el nivel tres, que habr\u00eda pasado el mando al Gobierno central- tanto por iniciativa propia como a instancia de la comunidad aut\u00f3noma afectada. Aunque la Generalitat no lo solicit\u00f3, el Ejecutivo de Pedro S\u00e1nchez tampoco activ\u00f3 esta opci\u00f3n pese a la magnitud de la cat\u00e1strofe, a la ineficiente respuesta de la Administraci\u00f3n auton\u00f3mica y a que se daban todas los preceptos para ello. Eso lo condicion\u00f3 todo y deriv\u00f3 en un retraso de la llegada de la ayuda a la zona cero por la descoordinaci\u00f3n entre administraciones. La pol\u00e9mica frase de S\u00e1nchez, \u00abSi necesitan m\u00e1s recursos, que los pidan\u00bb, se sit\u00faa en este marco en el que la Generalitat, como directora de la emergencia, deb\u00eda gestionarlo todo. Tampoco nadie ha respondido por ello.<\/p>\n<p>La llegada tard\u00eda de la ayuda a la zona cero<\/p>\n<p class=\"voc-p\">\u00abLas primeras 72 horas son cruciales. El 30 de octubre hab\u00edan 1.200 efectivos de la Unidad Militar de Emergencias (UME) desplazados. En diciembre, hab\u00edan 8.000 militares, tardaron un mes en llegar, \u00bfcu\u00e1nto cuesta movilizarlos?\u00bb, asever\u00f3 este mi\u00e9rcoles el presidente de la Asociaci\u00f3n Damnificados DANA Horta Sud, Christian Lesaec, que aglutina a alrededor de 600 afectados. Durante su comparecencia en la comisi\u00f3n de investigaci\u00f3n sobre la dana en el Congreso, aludi\u00f3 tambi\u00e9n a la falta de actuaci\u00f3n inicial de los cuerpos policiales frente a los saqueos y a la situaci\u00f3n de inseguridad que vivieron los municipios durante las primeras noches tras la tragedia.<\/p>\n<p>\nCoordinaci\u00f3n\n<\/p>\n<p class=\"voc-p\" style=\"\">La falta de colaboraci\u00f3n entre administraciones, inmersas en la batalla por el relato pol\u00edtico, ha sido una constante en estos doce meses. Desde poco despu\u00e9s de la dana, la Generalitat viene reclamando una comisi\u00f3n mixta con el Gobierno, como la activada tras la tragedia del volc\u00e1n de la Palma. El Ejecutivo la sigue rechazando todav\u00eda a d\u00eda de hoy, pese a que las v\u00edctimas reclaman m\u00e1s colaboraci\u00f3n en las ayudas y en los trabajos de reconstrucci\u00f3n. La comisionada del Gobierno para la dana, Zulima P\u00e9rez, volvi\u00f3 a cerrar la puerta a este espacio de trabajo este viernes al considerar que <strong>solo servir\u00eda para \u00abla foto\u00bb.<\/strong><\/p>\n<p class=\"voc-p\" style=\"\">El ya exvicepresidente valenciano para la reconstrucci\u00f3n <a href=\"https:\/\/www.abc.es\/espana\/comunidad-valenciana\/gan-pampols-tajante-papel-gobierno-tras-dana-20251104165629-nt.html\" target=\"_self\" data-voc-vtm-id=\"in-text-traffic\" title=\"Francisco Jos\u00e9 Gan Pampols\" data-mrf-link=\"www.abc.es\" rel=\"nofollow noopener\">Francisco Jos\u00e9 Gan Pampols<\/a> hizo menci\u00f3n a ello en su discurso de despedida. El Gobierno, dijo, \u00abdeber\u00eda haber ejercido la acci\u00f3n de coordinaci\u00f3n y no lo ha hecho. Lo ha omitido, abierta y encubiertamente\u00bb. Pedro S\u00e1nchez no respondi\u00f3 al ofrecimiento de Carlos Maz\u00f3n para sentarse a hablar y, pese a sus constantes visitas a Valencia, los ministros tampoco han mantenido encuentros con los consellers de cada ramo. Cada Administraci\u00f3n sigue su propia hoja de ruta.<\/p>\n<p>\nSeguridad Nacional\n<\/p>\n<p class=\"voc-p\" style=\"\">Como viene informando ABC, el Ejecutivo celebr\u00f3 una reuni\u00f3n en La Moncloa durante la noche del 29 de octubre sin la presencia de los \u00f3rganos cuya intervenci\u00f3n establece la ley que regula la gesti\u00f3n de crisis. De hecho, no particip\u00f3 en ella la directora del Departamento de Seguridad Nacional.<\/p>\n<p class=\"voc-p\" style=\"\">Aunque la normativa establece los pasos a seguir ante una crisis, el Gobierno prefiri\u00f3 improvisar e inventar el formato del comit\u00e9 para dise\u00f1arlo a su gusto. Al ser un \u00f3rgano que no ten\u00eda car\u00e1cter colegiado no se levantaron actas. No asistieron a este encuentro, ni a los posteriores, perfiles t\u00e9cnicos ni miembros de Sumar, s\u00f3lo cargos pol\u00edticos de la confianza de S\u00e1nchez, en un episodio que todav\u00eda est\u00e1 por aclarar.<\/p>\n<p>\nReconstrucci\u00f3n local\n<\/p>\n<p class=\"voc-p\" style=\"\">El Gobierno moviliz\u00f3 1.745 millones de euros para rehabilitar o volver a levantar infraestructuras municipales, desde polideportivos hasta bibliotecas. El dinero est\u00e1 en la caja de los ayuntamientos desde marzo, pero estos no est\u00e1n siendo capaces, ni con su propia plantilla ni con la ayuda de la empresa p\u00fablica Tragsa, <strong>de sacar adelante las inversiones a la velocidad deseada.<\/strong><\/p>\n<p class=\"voc-p\" style=\"\">Ante las quejas por el atasco burocr\u00e1tico en los consistorios, el Ministerio de Pol\u00edtica Territorial, encargado de aprobar las memorias de los proyectos, se\u00f1al\u00f3 este viernes que hay m\u00e1s de 400 millones ya tramitados, un 23% del total. El ritmo es muy desigual entre ayuntamientos. Los m\u00e1s avanzados alcanzan ya el 40% del importe que se les transfiri\u00f3. Sin embargo, el plazo para que todo el dinero -que va a poder utilizarse tambi\u00e9n para comprar suelo en zona inundable y evitar as\u00ed el uso residencial- est\u00e9 asignado a un proyecto aprobado termina en febrero. El importe que no se gaste deber\u00e1 devolverse con intereses. En este escenario, los contratistas de obra p\u00fablica ya advierten de que no habr\u00e1 maquinaria ni personal para ejecutar todas las obras al mismo tiempo.<\/p>\n","protected":false},"excerpt":{"rendered":"La causa judicial abierta tras la catastr\u00f3fica dana del 29 de octubre de 2024 atribuye a la Generalitat&hellip;\n","protected":false},"author":2,"featured_media":227992,"comment_status":"","ping_status":"","sticky":false,"template":"","format":"standard","meta":{"footnotes":""},"categories":[8],"tags":[9440,17,18,1681,25,24,13,14,582,11,19,20,9,10,15,16,45901,1262,23,12,21,22],"class_list":{"0":"post-227991","1":"post","2":"type-post","3":"status-publish","4":"format-standard","5":"has-post-thumbnail","7":"category-espana","8":"tag-asumir","9":"tag-breaking-news","10":"tag-breakingnews","11":"tag-dana","12":"tag-es","13":"tag-espana","14":"tag-featured-news","15":"tag-featurednews","16":"tag-gobierno","17":"tag-headlines","18":"tag-latest-news","19":"tag-latestnews","20":"tag-news","21":"tag-noticias","22":"tag-noticias-destacadas","23":"tag-noticiasdestacadas","24":"tag-responsabilidades","25":"tag-sigue","26":"tag-spain","27":"tag-titulares","28":"tag-ultimas-noticias","29":"tag-ultimasnoticias"},"share_on_mastodon":{"url":"","error":""},"_links":{"self":[{"href":"https:\/\/www.europesays.com\/es\/wp-json\/wp\/v2\/posts\/227991","targetHints":{"allow":["GET"]}}],"collection":[{"href":"https:\/\/www.europesays.com\/es\/wp-json\/wp\/v2\/posts"}],"about":[{"href":"https:\/\/www.europesays.com\/es\/wp-json\/wp\/v2\/types\/post"}],"author":[{"embeddable":true,"href":"https:\/\/www.europesays.com\/es\/wp-json\/wp\/v2\/users\/2"}],"replies":[{"embeddable":true,"href":"https:\/\/www.europesays.com\/es\/wp-json\/wp\/v2\/comments?post=227991"}],"version-history":[{"count":0,"href":"https:\/\/www.europesays.com\/es\/wp-json\/wp\/v2\/posts\/227991\/revisions"}],"wp:featuredmedia":[{"embeddable":true,"href":"https:\/\/www.europesays.com\/es\/wp-json\/wp\/v2\/media\/227992"}],"wp:attachment":[{"href":"https:\/\/www.europesays.com\/es\/wp-json\/wp\/v2\/media?parent=227991"}],"wp:term":[{"taxonomy":"category","embeddable":true,"href":"https:\/\/www.europesays.com\/es\/wp-json\/wp\/v2\/categories?post=227991"},{"taxonomy":"post_tag","embeddable":true,"href":"https:\/\/www.europesays.com\/es\/wp-json\/wp\/v2\/tags?post=227991"}],"curies":[{"name":"wp","href":"https:\/\/api.w.org\/{rel}","templated":true}]}}