{"id":227999,"date":"2025-11-10T05:34:08","date_gmt":"2025-11-10T05:34:08","guid":{"rendered":"https:\/\/www.europesays.com\/es\/227999\/"},"modified":"2025-11-10T05:34:08","modified_gmt":"2025-11-10T05:34:08","slug":"hasta-pedro-sanchez-se-rinde-al-fenomeno","status":"publish","type":"post","link":"https:\/\/www.europesays.com\/es\/227999\/","title":{"rendered":"Hasta Pedro S\u00e1nchez se rinde al fen\u00f3meno"},"content":{"rendered":"<p><a href=\"https:\/\/www.huffingtonpost.es\/virales\/preguntan-pedro-sanchez-memorias-juan-carlos-i-respuesta-mas-clara-se-acaba-pasar-juego.html\" rel=\"nofollow noopener\" target=\"_blank\">El presidente del Gobierno, Pedro S\u00e1nchez<\/a>, se ha sumado este domingo a la larga\u00a0\u2014largu\u00edsima\u2014 lista de nombres que se han pronunciado sobre <a href=\"https:\/\/www.huffingtonpost.es\/life\/cultura\/rosalia-desarma-precioso-lux-predica-esperanza-mistica-frente-pop-fugaz.html\" rel=\"nofollow noopener\" target=\"_blank\">el lanzamiento\u00a0del nuevo disco de Rosal\u00eda, Lux<\/a>, y <b>queda claro que le ha gustado<\/b>.\u00a0<\/p>\n<p>La artista catalana ha lanzado este viernes su cuarto \u00e1lbum, que ha recibido <b>una alabanza un\u00e1nime por parte de la cr\u00edtica internacional<\/b> y ha causado un aut\u00e9ntico terremoto en Espa\u00f1a. Incluso tras acudir a <a href=\"https:\/\/www.huffingtonpost.es\/life\/cultura\/de-divina-actuacion-rosalia-momento-perfect-ed-sheeran-aitana-paso-los40-music-awards-santander-2025.html\" rel=\"nofollow noopener\" target=\"_blank\">LOS40 Music Awards 2025<\/a>, d\u00f3nde interpret\u00f3 la canci\u00f3n Reliquia.<\/p>\n<p>\u00ab\u00a1Enhorabuena, Rosal\u00eda, por ese deslumbrante lanzamiento de LUX! <b>Has colocado a Espa\u00f1a en la cima de la m\u00fasica mundial<\/b>, con el debut m\u00e1s exitoso de una artista hispanohablante femenina en Spotify, llegando a ser ayer la tercera artista m\u00e1s escuchada de toda la plataforma\u00bb, ha escrito el presidente del Gobierno en su cuenta de X.\u00a0<\/p>\n<p>Este viernes Lux se convirti\u00f3 en <b>el \u00e1lbum de una artista femenina hispanohablante m\u00e1s escuchado<\/b> en un solo d\u00eda, el de su lanzamiento, de la historia de la plataforma, seg\u00fan Spotify. Hasta ahora, el lanzamiento m\u00e1s exitoso lo ten\u00eda Karol G con su Ma\u00f1ana Ser\u00e1 Bonito, el \u00e1lbum que lanz\u00f3 en 2023.<\/p>\n<p>S\u00e1nchez no ha sido el \u00fanico en hablar del nuevo disco de la catalana, este mismo s\u00e1bado, <a href=\"https:\/\/www.huffingtonpost.es\/virales\/victor-manuel-escucha-nuevo-disco-rosalia-deja-claro-piensa-trabajo.html\" rel=\"nofollow noopener\" target=\"_blank\">el cantante V\u00edctor Manuel explicaba en una entrevista en RNE <\/a>que escuch\u00f3 el disco para ver \u00abqu\u00e9 hab\u00eda hecho\u00bb y reconoci\u00f3 que, como siempre con Rosal\u00eda, \u00abparece que se acaba el mundo\u00bb, pero encontr\u00f3 \u00abcosas muy estimables dentro y, sobre todo, arriesga mucho\u00bb.<\/p>\n<p>\u00abQuiero decir, no tiene ninguna necesidad de arriesgar y est\u00e1 arriesgando. Yo a eso le doy mucho valor. Es una chica muy joven y tiene derecho a equivocarse como cualquiera de nosotros. Pero tiene un mont\u00f3n de canciones estupendas\u00bb, a\u00f1adi\u00f3.<\/p>\n","protected":false},"excerpt":{"rendered":"El presidente del Gobierno, Pedro S\u00e1nchez, se ha sumado este domingo a la larga\u00a0\u2014largu\u00edsima\u2014 lista de nombres que&hellip;\n","protected":false},"author":2,"featured_media":228000,"comment_status":"","ping_status":"","sticky":false,"template":"","format":"standard","meta":{"footnotes":""},"categories":[174],"tags":[255,146,147,25,24,256,2959,4147,23],"class_list":{"0":"post-227999","1":"post","2":"type-post","3":"status-publish","4":"format-standard","5":"has-post-thumbnail","7":"category-famosos","8":"tag-celebrities","9":"tag-entertainment","10":"tag-entretenimiento","11":"tag-es","12":"tag-espana","13":"tag-famosos","14":"tag-pedro-sanchez","15":"tag-rosalia","16":"tag-spain"},"share_on_mastodon":{"url":"https:\/\/pubeurope.com\/@es\/115523778151052059","error":""},"_links":{"self":[{"href":"https:\/\/www.europesays.com\/es\/wp-json\/wp\/v2\/posts\/227999","targetHints":{"allow":["GET"]}}],"collection":[{"href":"https:\/\/www.europesays.com\/es\/wp-json\/wp\/v2\/posts"}],"about":[{"href":"https:\/\/www.europesays.com\/es\/wp-json\/wp\/v2\/types\/post"}],"author":[{"embeddable":true,"href":"https:\/\/www.europesays.com\/es\/wp-json\/wp\/v2\/users\/2"}],"replies":[{"embeddable":true,"href":"https:\/\/www.europesays.com\/es\/wp-json\/wp\/v2\/comments?post=227999"}],"version-history":[{"count":0,"href":"https:\/\/www.europesays.com\/es\/wp-json\/wp\/v2\/posts\/227999\/revisions"}],"wp:featuredmedia":[{"embeddable":true,"href":"https:\/\/www.europesays.com\/es\/wp-json\/wp\/v2\/media\/228000"}],"wp:attachment":[{"href":"https:\/\/www.europesays.com\/es\/wp-json\/wp\/v2\/media?parent=227999"}],"wp:term":[{"taxonomy":"category","embeddable":true,"href":"https:\/\/www.europesays.com\/es\/wp-json\/wp\/v2\/categories?post=227999"},{"taxonomy":"post_tag","embeddable":true,"href":"https:\/\/www.europesays.com\/es\/wp-json\/wp\/v2\/tags?post=227999"}],"curies":[{"name":"wp","href":"https:\/\/api.w.org\/{rel}","templated":true}]}}