{"id":228018,"date":"2025-11-10T05:46:08","date_gmt":"2025-11-10T05:46:08","guid":{"rendered":"https:\/\/www.europesays.com\/es\/228018\/"},"modified":"2025-11-10T05:46:08","modified_gmt":"2025-11-10T05:46:08","slug":"fallece-pelayo-roces-fundador-de-foro-asturias-y-mano-derecha-de-francisco-alvarez-cascos-a-los-65-anos","status":"publish","type":"post","link":"https:\/\/www.europesays.com\/es\/228018\/","title":{"rendered":"Fallece Pelayo Roces, fundador de Foro Asturias y mano derecha de Francisco \u00c1lvarez-Cascos, a los 65 a\u00f1os"},"content":{"rendered":"<p class=\"ft-text ft-helper-closenews\"><strong>Pelayo Roces<\/strong>, quien fuera vicepresidente de la Junta General del Principado con el PP, <strong>falleci\u00f3 ayer a los 65 a\u00f1os despu\u00e9s de varios a\u00f1os luchando contra una enfermedad<\/strong>. Fue cofundador de Foro Asturias y durante a\u00f1os ejerci\u00f3 como mano derecha de <strong>Francisco \u00c1lvarez-Cascos<\/strong>, a quien lo un\u00eda una estrecha amistad. Precisamente, <strong>una de sus \u00faltimas apariciones fue en el juicio contra el exvicepresidente del Gobierno y expresidente del Principado<\/strong> por un delito de apropiaci\u00f3n indebida del que finalmente fue absuelto.<\/p>\n<p class=\"ft-text\">Hijo del conocido empresario <strong>Juan Roces Antu\u00f1a<\/strong> y <strong>Mar\u00eda Josefa Arbes\u00fa<\/strong>, el langreano, que en su faceta profesional fue industrial auxiliar de la construcci\u00f3n, comenz\u00f3 su trayectoria pol\u00edtica siendo muy joven. Ingres\u00f3 en el Partido Popular en 1982, con apenas 22 a\u00f1os. Fue concejal en el Ayuntamiento de Siero, donde resid\u00eda, y nombrado presidente comarcal del partido en 1995. <strong>Ese a\u00f1o dio el salto a la Junta General como diputado auton\u00f3mico, convirti\u00e9ndose en vicepresidente segundo durante tres legislaturas consecutivas<\/strong>. Durante ese periodo tambi\u00e9n ejerci\u00f3 como portavoz de las \u00e1reas de Urbanismo y Vivienda y, posteriormente, de Infraestructuras.<\/p>\n<p class=\"ft-text\"><strong>Roces protagoniz\u00f3 a lo largo de su trayectoria numerosas pol\u00e9micas<\/strong>. Especialmente destacables fueron sus enfrentamientos con <strong>Antonio Trev\u00edn<\/strong> cuando el socialista era delegado del Gobierno en Asturias. En 2002 lleg\u00f3 a sentarse en el banquillo de los acusados por una demanda de <strong>Elena Caranto\u00f1a<\/strong>, exconsejera de Hacienda, por \u00abintromisi\u00f3n ileg\u00edtima en su honor\u00bb por haber lanzado opiniones relacionadas con las supuestas irregularidades en el levantamiento del embargo a Mall Residencial.<\/p>\n<p class=\"ft-text\">En 2011, present\u00f3 su renuncia como diputado regional del PP, <strong>un d\u00eda despu\u00e9s de que \u00c1lvarez-Cascos anunciase que estaba dispuesto a liderar un nuevo partido<\/strong> al verse frustrado el intento del exvicepresidente del Gobierno de ser designado como candidato de los populares a la presidencia de Asturias en favor de <strong>Isabel P\u00e9rez-Espinosa<\/strong>. \u00abTengo una sensaci\u00f3n rara, pero creo que este ya no es mi partido\u00bb, explic\u00f3 entonces Roces al presentar su acta de renuncia y su baja en el PP. Su puesto en la Junta fue ocupado entonces por <strong>Jos\u00e9 Manuel Felgueres<\/strong>: \u00abEntrego el acta, lo que no es m\u00edo; siempre tuve muy claro que el acta de diputado lo tengo por el PP y, como suele ser lo habitual en m\u00ed, suelo devolver lo que no es m\u00edo\u00bb, esgrimi\u00f3.<\/p>\n<p class=\"ft-text\"><strong>Roces fue uno de los m\u00e1s fieles escuderos de \u00c1lvarez-Cascos<\/strong> cuando, dentro de Foro, comenzaron a elevarse voces en contra del l\u00edder, finalmente defenestrado.<\/p>\n<p data-close=\"closedContent\" class=\"subscribeHideForDisplay\">Suscr\u00edbete para seguir leyendo<\/p>\n","protected":false},"excerpt":{"rendered":"Pelayo Roces, quien fuera vicepresidente de la Junta General del Principado con el PP, falleci\u00f3 ayer a los&hellip;\n","protected":false},"author":2,"featured_media":228019,"comment_status":"","ping_status":"","sticky":false,"template":"","format":"standard","meta":{"footnotes":""},"categories":[8],"tags":[1770,17,18,25,24,5992,13,14,50473,60004,16887,11,60005,19,20,9,10,15,16,14834,952,956,21418,23,12,21,22],"class_list":{"0":"post-228018","1":"post","2":"type-post","3":"status-publish","4":"format-standard","5":"has-post-thumbnail","7":"category-espana","8":"tag-asturias","9":"tag-breaking-news","10":"tag-breakingnews","11":"tag-es","12":"tag-espana","13":"tag-fallece","14":"tag-featured-news","15":"tag-featurednews","16":"tag-foro","17":"tag-foro-asturias","18":"tag-fundador","19":"tag-headlines","20":"tag-junta-general-del-principado","21":"tag-latest-news","22":"tag-latestnews","23":"tag-news","24":"tag-noticias","25":"tag-noticias-destacadas","26":"tag-noticiasdestacadas","27":"tag-pelayo","28":"tag-politica","29":"tag-pp","30":"tag-roces","31":"tag-spain","32":"tag-titulares","33":"tag-ultimas-noticias","34":"tag-ultimasnoticias"},"share_on_mastodon":{"url":"https:\/\/pubeurope.com\/@es\/115523825869833570","error":""},"_links":{"self":[{"href":"https:\/\/www.europesays.com\/es\/wp-json\/wp\/v2\/posts\/228018","targetHints":{"allow":["GET"]}}],"collection":[{"href":"https:\/\/www.europesays.com\/es\/wp-json\/wp\/v2\/posts"}],"about":[{"href":"https:\/\/www.europesays.com\/es\/wp-json\/wp\/v2\/types\/post"}],"author":[{"embeddable":true,"href":"https:\/\/www.europesays.com\/es\/wp-json\/wp\/v2\/users\/2"}],"replies":[{"embeddable":true,"href":"https:\/\/www.europesays.com\/es\/wp-json\/wp\/v2\/comments?post=228018"}],"version-history":[{"count":0,"href":"https:\/\/www.europesays.com\/es\/wp-json\/wp\/v2\/posts\/228018\/revisions"}],"wp:featuredmedia":[{"embeddable":true,"href":"https:\/\/www.europesays.com\/es\/wp-json\/wp\/v2\/media\/228019"}],"wp:attachment":[{"href":"https:\/\/www.europesays.com\/es\/wp-json\/wp\/v2\/media?parent=228018"}],"wp:term":[{"taxonomy":"category","embeddable":true,"href":"https:\/\/www.europesays.com\/es\/wp-json\/wp\/v2\/categories?post=228018"},{"taxonomy":"post_tag","embeddable":true,"href":"https:\/\/www.europesays.com\/es\/wp-json\/wp\/v2\/tags?post=228018"}],"curies":[{"name":"wp","href":"https:\/\/api.w.org\/{rel}","templated":true}]}}