{"id":228020,"date":"2025-11-10T05:47:15","date_gmt":"2025-11-10T05:47:15","guid":{"rendered":"https:\/\/www.europesays.com\/es\/228020\/"},"modified":"2025-11-10T05:47:15","modified_gmt":"2025-11-10T05:47:15","slug":"el-barcelona-de-baloncesto-destituye-a-joan-penarroya-como-entrenador-tras-la-caida-libre-del-equipo-baloncesto-deportes","status":"publish","type":"post","link":"https:\/\/www.europesays.com\/es\/228020\/","title":{"rendered":"El Barcelona de baloncesto destituye a Joan Pe\u00f1arroya como entrenador tras la ca\u00edda libre del equipo | Baloncesto | Deportes"},"content":{"rendered":"<p class=\"\">El FC Barcelona ha anunciado esta tarde la destituci\u00f3n de Joan Pe\u00f1arroya como entrenador de la secci\u00f3n de baloncesto a la que lleg\u00f3 en el verano de 2024 y con la que no ha cosechado ning\u00fan t\u00edtulo y tampoco ha alcanzado ninguna final. Ser\u00e1 sustituido de forma interina por el t\u00e9cnico asistente \u00d3scar Orellana. La decisi\u00f3n del Bar\u00e7a llega tras el batacazo del equipo azulgrana ante el Girona este domingo por la ma\u00f1ana (96-78) en partido de Liga ACB y <a href=\"https:\/\/elpais.com\/deportes\/baloncesto\/2025-11-07\/el-madrid-cura-las-heridas-con-su-clasico-triunfo-ante-el-barcelona.html\" target=\"_self\" rel=\"nofollow noopener\" title=\"https:\/\/elpais.com\/deportes\/baloncesto\/2025-11-07\/el-madrid-cura-las-heridas-con-su-clasico-triunfo-ante-el-barcelona.html\">tras perder el viernes en la Euroliga ante el Real Madrid en casa (92-101)<\/a>. Esa era la novena derrota consecutiva en un cl\u00e1sico. La afici\u00f3n azulgrana, con el presidente Joan Laporta presente en el palco del Palau Blaugrana, respondi\u00f3: pa\u00f1olada y c\u00e1nticos pidiendo la dimisi\u00f3n de Josep Cubells, m\u00e1ximo responsable de la secci\u00f3n. Los resultados han sido la gota que ha colmado el vaso, pero lo m\u00e1s preocupante es la imagen anticompetitiva que ha presentado el equipo y su deriva: esta temporada, el Barcelona suma dos victorias y cuatro derrotas en la Liga ACB \u2014und\u00e9cima posici\u00f3n\u2014, lo que le deja actualmente fuera de los puestos que dan acceso a la Copa del Rey, y cinco victorias y cuatro derrotas en la Euroliga \u2014novena posici\u00f3n\u2014. <\/p>\n<blockquote class=\"twitter-tweet\">\n<p lang=\"ca\" dir=\"ltr\">\ud835\udc09\ud835\udc28\ud835\udc1a\ud835\udc27 \ud835\udc0f\ud835\udc1e\ud835\udc27\u0303\ud835\udc1a\ud835\udc2b\ud835\udc2b\ud835\udc28\ud835\udc32\ud835\udc1a \ud835\udc1d\ud835\udc1e\ud835\udc22\ud835\udc31\ud835\udc1a \ud835\udc1d\ud835\udc1e \ud835\udc2c\ud835\udc1e\ud835\udc2b \ud835\udc1e\ud835\udc27\ud835\udc2d\ud835\udc2b\ud835\udc1e\ud835\udc27\ud835\udc1a\ud835\udc1d\ud835\udc28\ud835\udc2b \ud835\udc1d\ud835\udc1e\ud835\udc25 \ud835\udc01\ud835\udc1a\ud835\udc2b\ud835\udc1c\u0327\ud835\udc1a \ud835\udc1d\ud835\udc1e \ud835\udc1b\ud835\udc1a\u0300\ud835\udc2c\ud835\udc2a\ud835\udc2e\ud835\udc1e\ud835\udc2d.<\/p>\n<p>L\u2019entrenador del Bar\u00e7a, Joan Pe\u00f1arroya, no seguir\u00e0 al capdavant de la banqueta blaugrana. El Bar\u00e7a vol agrair al t\u00e8cnic la seva professionalitat i li desitja molts\u2026 <a href=\"https:\/\/t.co\/BhDQygnl5w\" rel=\"nofollow\">pic.twitter.com\/BhDQygnl5w<\/a><\/p>\n<p>\u2014 Bar\u00e7a Basket (@FCBbasket) <a href=\"https:\/\/twitter.com\/FCBbasket\/status\/1987581831986729296?ref_src=twsrc%5Etfw\" rel=\"nofollow noopener\" target=\"_blank\">November 9, 2025<\/a><\/p><\/blockquote>\n<p class=\"\">\u201cEs un d\u00eda para asumir la responsabilidad, para apretar los dientes y estar m\u00e1s juntos que nadie. Es un d\u00eda duro porque tenemos la certeza de que no hemos competido. Le pido al equipo que est\u00e9 m\u00e1s junto que nunca. Queda mucha temporada, pero lo del viernes y lo de hoy no ayuda a sacar nada positivo. No hay que buscar excusas\u201d, asegur\u00f3 Pe\u00f1arroya en rueda de prensa tras el encuentro ante el Girona. Los pasillos de Fontajau fueron testigos de la reuni\u00f3n posterior al partido con Cubells, Juan Carlos Navarro, director general de la secci\u00f3n, y su mano derecha, Mario Bruno Fern\u00e1ndez, director deportivo. <a href=\"https:\/\/elpais.com\/deportes\/baloncesto\/2025-11-07\/el-exigente-primer-clasico-de-will-clyburn-ante-las-dudas-el-barcelona-necesita-a-su-killer.html\" target=\"_self\" rel=\"nofollow noopener\" title=\"https:\/\/elpais.com\/deportes\/baloncesto\/2025-11-07\/el-exigente-primer-clasico-de-will-clyburn-ante-las-dudas-el-barcelona-necesita-a-su-killer.html\">Y en el vestuario, con los jugadores<\/a>. \u201cSeguir\u00e9 funcionando igual que como hasta ahora. Me siento fuerte y bien con mi staff. Siento que los jugadores est\u00e1n jodidos, pero puedo ayudarlos\u201d, a\u00f1adi\u00f3 ante los periodistas. \u201cYo no tomo decisiones\u201d, asegur\u00f3 al ser preguntado sobre su futuro. <\/p>\n<p class=\"\"> \u201cHay que pedir disculpas y hacer una autocr\u00edtica muy fuerte. Lo de hoy es una verg\u00fcenza. El entrenador est\u00e1 probando un mont\u00f3n de cosas, y los jugadores no estamos respondiendo. Somos todos responsables. Dudamos de todo, de muchas situaciones de juego, y esa duda no nos hace estar con la energ\u00eda que deber\u00eda\u201d, explic\u00f3 Nico Laprovittola en Fontajau tras la derrota ante el Girona. \u201c\u00bfEntender\u00edas que el club decidiese tomar un cambio de rumbo con el entrenador?\u201d, le pregunt\u00f3 un periodista tras asegurar el jugador que el equipo apoya al t\u00e9cnico. \u201cS\u00ed, no s\u00e9 si es lo ideal, no lo s\u00e9, pero lo entender\u00eda, si esa es la respuesta. Estamos en el m\u00e1s alto nivel de exigencia, en un club como el Bar\u00e7a, y todo puede pasar\u201d.<\/p>\n<p class=\"\">El Barcelona de baloncesto atraviesa un desierto desde hace a\u00f1os, con dos temporadas en blanco en las vitrinas, algo que no suced\u00eda desde 1993. La deriva del equipo viene de lejos, con la secci\u00f3n desangr\u00e1ndose econ\u00f3micamente a\u00f1o tras a\u00f1o \u2014hay una diferencia de unos 20 millones entre el presupuesto del Barcelona y el del Real Madrid\u2014 y obligada a rebajarse por el fair-play financiero del club. \u201c<a href=\"https:\/\/elpais.com\/deportes\/baloncesto\/2025-10-31\/shengelia-rescata-al-barca-en-belgrado-y-baskonia-cierra-su-semana-perfecta-en-la-euroliga.html\" target=\"_self\" rel=\"nofollow noopener\" title=\"https:\/\/elpais.com\/deportes\/baloncesto\/2025-10-31\/shengelia-rescata-al-barca-en-belgrado-y-baskonia-cierra-su-semana-perfecta-en-la-euroliga.html\">Nuestro presupuesto, en salarios netos, es de mitad de tabla para abajo en la Euroliga<\/a>\u201d, coment\u00f3 Pe\u00f1arroya hace apenas unos d\u00edas a la Cadena SER. En el verano de 2023 se decidi\u00f3 no renovar en el banquillo a Sarunas Jasikevicius por su elevado contrato. Con \u00e9l tambi\u00e9n se march\u00f3 el jugador franquicia, Nikola Mirotic, que tampoco atend\u00eda a las necesidades econ\u00f3micas del club. Al frente del banquillo se apost\u00f3 por Roger Grimau. Pero en junio de 2024, el club le desped\u00eda tras un a\u00f1o en blanco.<\/p>\n<p class=\"\">La siguiente temporada sin t\u00edtulos ya fue bajo los mandos de Pe\u00f1arroya, un curso marcado sobre todo por la cantidad de lesiones que han golpeado al equipo, tambi\u00e9n por la pol\u00e9mica alrededor del no fichaje de Thomas Heurtel, tambi\u00e9n por las derrotas: el Bar\u00e7a cay\u00f3 en cuartos de final de la Copa, en la misma ronda en el playoff de la Liga Endesa y no se clasific\u00f3 para la Final Four de la Euroliga. La situaci\u00f3n econ\u00f3mica ha encorsetado a la secci\u00f3n, sin nombres estrella entre sus fichajes, y sin acierto. Y el equipo, entre s\u00ed, parece desconectado. Tambi\u00e9n con la afici\u00f3n del Palau.<\/p>\n<p class=\"\">Pe\u00f1arroya deja el club con un balance de 51 victorias y 41 derrotas. Esta semana, el Bar\u00e7a afronta una doble jornada en Euroliga, y este mi\u00e9rcoles ya jugar\u00e1 contra el Bayern sin \u00e9l al frente del banquillo.<\/p>\n<p><script async src=\"https:\/\/platform.twitter.com\/widgets.js\" charset=\"utf-8\"><\/script><\/p>\n","protected":false},"excerpt":{"rendered":"El FC Barcelona ha anunciado esta tarde la destituci\u00f3n de Joan Pe\u00f1arroya como entrenador de la secci\u00f3n de&hellip;\n","protected":false},"author":2,"featured_media":228021,"comment_status":"","ping_status":"","sticky":false,"template":"","format":"standard","meta":{"footnotes":""},"categories":[5],"tags":[299,17,18,1540,168,1539,25,24,45502,13,14,11,4467,8869,4468,8283,19,20,9,10,15,16,7342,23,12,21,22],"class_list":{"0":"post-228020","1":"post","2":"type-post","3":"status-publish","4":"format-standard","5":"has-post-thumbnail","7":"category-titulares","8":"tag-baloncesto","9":"tag-breaking-news","10":"tag-breakingnews","11":"tag-competiciones","12":"tag-deportes","13":"tag-entrenadores","14":"tag-es","15":"tag-espana","16":"tag-fc-barcelona-baloncesto","17":"tag-featured-news","18":"tag-featurednews","19":"tag-headlines","20":"tag-joan-laporta","21":"tag-joan-penarroya","22":"tag-juan-carlos-navarro","23":"tag-jugadores-baloncesto","24":"tag-latest-news","25":"tag-latestnews","26":"tag-news","27":"tag-noticias","28":"tag-noticias-destacadas","29":"tag-noticiasdestacadas","30":"tag-palau-blaugrana","31":"tag-spain","32":"tag-titulares","33":"tag-ultimas-noticias","34":"tag-ultimasnoticias"},"share_on_mastodon":{"url":"","error":"Validation failed: Text character limit of 500 exceeded"},"_links":{"self":[{"href":"https:\/\/www.europesays.com\/es\/wp-json\/wp\/v2\/posts\/228020","targetHints":{"allow":["GET"]}}],"collection":[{"href":"https:\/\/www.europesays.com\/es\/wp-json\/wp\/v2\/posts"}],"about":[{"href":"https:\/\/www.europesays.com\/es\/wp-json\/wp\/v2\/types\/post"}],"author":[{"embeddable":true,"href":"https:\/\/www.europesays.com\/es\/wp-json\/wp\/v2\/users\/2"}],"replies":[{"embeddable":true,"href":"https:\/\/www.europesays.com\/es\/wp-json\/wp\/v2\/comments?post=228020"}],"version-history":[{"count":0,"href":"https:\/\/www.europesays.com\/es\/wp-json\/wp\/v2\/posts\/228020\/revisions"}],"wp:featuredmedia":[{"embeddable":true,"href":"https:\/\/www.europesays.com\/es\/wp-json\/wp\/v2\/media\/228021"}],"wp:attachment":[{"href":"https:\/\/www.europesays.com\/es\/wp-json\/wp\/v2\/media?parent=228020"}],"wp:term":[{"taxonomy":"category","embeddable":true,"href":"https:\/\/www.europesays.com\/es\/wp-json\/wp\/v2\/categories?post=228020"},{"taxonomy":"post_tag","embeddable":true,"href":"https:\/\/www.europesays.com\/es\/wp-json\/wp\/v2\/tags?post=228020"}],"curies":[{"name":"wp","href":"https:\/\/api.w.org\/{rel}","templated":true}]}}