{"id":228107,"date":"2025-11-10T07:06:10","date_gmt":"2025-11-10T07:06:10","guid":{"rendered":"https:\/\/www.europesays.com\/es\/228107\/"},"modified":"2025-11-10T07:06:10","modified_gmt":"2025-11-10T07:06:10","slug":"en-terminos-generales-quedo-conforme-con-lo-que-hizo-el-equipo","status":"publish","type":"post","link":"https:\/\/www.europesays.com\/es\/228107\/","title":{"rendered":"\u00abEn t\u00e9rminos generales, quedo conforme con lo que hizo el equipo\u00bb"},"content":{"rendered":"<p style=\"\"><strong>Manuel Pellegrini<\/strong>, entrenador del <strong>Betis<\/strong>, atendi\u00f3 a los medios de comunicaci\u00f3n tras el partido que su equipo disput\u00f3 este domingo en Mestalla ante el Valencia (1-1). El t\u00e9cnico chileno valor\u00f3 la manera en la que el cuadro verdiblanco ha llegado a un  &#8230; nuevo par\u00f3n para la disputa de partidos de selecciones. <\/p>\n<p class=\"voc-p\" style=\"\">\u00abMe pareci\u00f3 un muy buen partido, bien jugado por ambos equipos. Un primer tiempo equilibrado, en el que pudimos haber abierto m\u00e1s el marcador. Tanto Valencia como nosotros tuvimos ocasiones. Nos fuimos 0-0 y, en el segundo tiempo, creo que fuimos superiores en el control y la posesi\u00f3n. Nos pusimos en ventaja, pero ese gol de c\u00f3rner le permiti\u00f3 al Valencia hacer un empate que tambi\u00e9n merec\u00eda\u00bb, comenz\u00f3 comentando.<\/p>\n<p class=\"voc-p\" style=\"\">Pellegrini comparti\u00f3 su visi\u00f3n sobre el Valencia afirmando que no le sorprendi\u00f3 su intensidad y su nivel porque \u00abpor distintos motivos, no est\u00e1 consiguiendo los resultados, pero si vemos el once inicial tiene buenos jugadores. \u00abEs un rival muy dif\u00edcil ante el que pudimos puntuar en su campo. Nos quedamos con la amargura de un empate por un bal\u00f3n detenido casi al final del partido\u00bb, a\u00f1adi\u00f3.<\/p>\n<p class=\"voc-p\" style=\"\">\u00abTenemos una pol\u00edtica clara y los jugadores tambi\u00e9n la comparten. Siempre salimos a ganar el partido en cualquier campo que entremos\u00bb, valoraba Pellegrini que indic\u00f3 que \u00aben t\u00e9rminos generales, quedo conforme con lo que hizo el equipo\u00bb. \u00abNo es un campo f\u00e1cil, ni mucho menos, por m\u00e1s que el Valencia est\u00e9 pasando un mal momento. Ojal\u00e1 mantengamos esa pol\u00edtica de juego para buscar, tanto en casa como de visita, el querer ganar siempre\u00bb, finaliz\u00f3 diciendo el entrenador del Betis.<\/p>\n","protected":false},"excerpt":{"rendered":"Manuel Pellegrini, entrenador del Betis, atendi\u00f3 a los medios de comunicaci\u00f3n tras el partido que su equipo disput\u00f3&hellip;\n","protected":false},"author":2,"featured_media":228108,"comment_status":"","ping_status":"","sticky":false,"template":"","format":"standard","meta":{"footnotes":""},"categories":[268],"tags":[60018,168,622,25,24,280,282,42214,9465,22479,5584,281,23,167,25864],"class_list":{"0":"post-228107","1":"post","2":"type-post","3":"status-publish","4":"format-standard","5":"has-post-thumbnail","7":"category-futbol","8":"tag-conforme","9":"tag-deportes","10":"tag-equipo","11":"tag-es","12":"tag-espana","13":"tag-football","14":"tag-futbol","15":"tag-generales","16":"tag-hizo","17":"tag-pellegrini","18":"tag-quedo","19":"tag-soccer","20":"tag-spain","21":"tag-sports","22":"tag-terminos"},"share_on_mastodon":{"url":"https:\/\/pubeurope.com\/@es\/115524140173832107","error":""},"_links":{"self":[{"href":"https:\/\/www.europesays.com\/es\/wp-json\/wp\/v2\/posts\/228107","targetHints":{"allow":["GET"]}}],"collection":[{"href":"https:\/\/www.europesays.com\/es\/wp-json\/wp\/v2\/posts"}],"about":[{"href":"https:\/\/www.europesays.com\/es\/wp-json\/wp\/v2\/types\/post"}],"author":[{"embeddable":true,"href":"https:\/\/www.europesays.com\/es\/wp-json\/wp\/v2\/users\/2"}],"replies":[{"embeddable":true,"href":"https:\/\/www.europesays.com\/es\/wp-json\/wp\/v2\/comments?post=228107"}],"version-history":[{"count":0,"href":"https:\/\/www.europesays.com\/es\/wp-json\/wp\/v2\/posts\/228107\/revisions"}],"wp:featuredmedia":[{"embeddable":true,"href":"https:\/\/www.europesays.com\/es\/wp-json\/wp\/v2\/media\/228108"}],"wp:attachment":[{"href":"https:\/\/www.europesays.com\/es\/wp-json\/wp\/v2\/media?parent=228107"}],"wp:term":[{"taxonomy":"category","embeddable":true,"href":"https:\/\/www.europesays.com\/es\/wp-json\/wp\/v2\/categories?post=228107"},{"taxonomy":"post_tag","embeddable":true,"href":"https:\/\/www.europesays.com\/es\/wp-json\/wp\/v2\/tags?post=228107"}],"curies":[{"name":"wp","href":"https:\/\/api.w.org\/{rel}","templated":true}]}}