{"id":228113,"date":"2025-11-10T07:10:10","date_gmt":"2025-11-10T07:10:10","guid":{"rendered":"https:\/\/www.europesays.com\/es\/228113\/"},"modified":"2025-11-10T07:10:10","modified_gmt":"2025-11-10T07:10:10","slug":"alba-sanchez-regresa-a-arusers-un-ano-despues-de-su-salida-es-como-volver-a-casa","status":"publish","type":"post","link":"https:\/\/www.europesays.com\/es\/228113\/","title":{"rendered":"Alba S\u00e1nchez regresa a &#8216;Aruser@s&#8217; un a\u00f1o despu\u00e9s de su salida: \u00abEs como volver a casa\u00bb"},"content":{"rendered":"<p class=\"ft-text ft-helper-closenews\"><strong>&#8216;Aruser@s&#8217;, <\/strong>el magac\u00edn matinal de<strong> Alfonso Ar\u00fas<\/strong> en <strong>La Sexta,<\/strong> recupera este lunes 10 de noviembre a una de sus excolaboradoras: <strong>Alba S\u00e1nchez<\/strong>. La periodista catalana regresa al programa <a class=\"ft-link ft-link--decoration\" href=\"https:\/\/www.elperiodico.com\/es\/tele\/20240722\/aruseros-alba-sanchez-colaboradora-alfonso-arus-despido-105927858\" rel=\"nofollow noopener\" target=\"_blank\">un a\u00f1o despu\u00e9s de su abrupta salida del espacio<\/a>, que se mantiene como l\u00edder de las ma\u00f1anas televisivas.<\/p>\n<p class=\"ft-text\">\u00abEn &#8216;Aruser@s dej\u00e9 amigos, compa\u00f1eros, as\u00ed que <strong>es como volver a casa<\/strong>\u00ab, reconoce S\u00e1nchez a EL PERI\u00d3DICO. \u00abAunque retome un trabajo en el que ya he estado,<strong> va a ser un cap\u00edtulo diferente<\/strong> porque ni yo soy la misma, ni tampoco el programa, que tambi\u00e9n ha evolucionado. As\u00ed que <strong>lo encaro con muchas ganas<\/strong>\u00ab, a\u00f1ade la periodista, que durante este \u00faltimo a\u00f1o se ha encargado de la <strong>informaci\u00f3n pol\u00edtica <\/strong><a class=\"ft-link ft-link--decoration\" href=\"https:\/\/www.elperiodico.com\/es\/tele\/20241028\/cuatro-alba-sanchez-en-boca-de-todos-aruseros-nacho-abad-110388926\" rel=\"nofollow noopener\" target=\"_blank\"><strong>del magac\u00edn de Cuatro &#8216;En boca de todos&#8217;.<\/strong><\/a><\/p>\n<p class=\"ft-text\">S\u00e1nchez se incorpor\u00f3 en octubre de 2024 al programa de <strong>Nacho Abad<\/strong> cuando Mediaset decidi\u00f3 ampliar una hora y media la duraci\u00f3n del espacio, hasta entonces m\u00e1s centrado en los sucesos. Una estrategia que le ha reportado buenos resultados al programa, que ha aumentado considerablemente su audiencia durante el \u00faltimo a\u00f1o.<\/p>\n<p>Del esc\u00e1ndalo Errej\u00f3n al &#8216;caso Koldo&#8217;<\/p>\n<p class=\"ft-text\">En &#8216;En boca de todos&#8217;, la periodista ha cubierto temas como el esc\u00e1ndalo <strong>Errej\u00f3n, el &#8216;caso Koldo&#8217;,<\/strong> los devaneos judiciales de <strong>Bego\u00f1a G\u00f3mez y David S\u00e1nchez<\/strong> y las responsabilidades por <strong>la dana de Val\u00e8ncia<\/strong>, entre muchos otros.<\/p>\n<p class=\"ft-text\">\u00ab<strong>Ha sido un a\u00f1o superintenso<\/strong> y me voy del programa muy contenta. Me han tratado fenomenal\u00bb, recalca la periodista, que en su regreso a &#8216;Aruser@s&#8217; colaborar\u00e1 en la primera parte del programa, de siete a nueve de la ma\u00f1ana, donde comentan noticias del d\u00eda y temas curiosos con muchas gotas de humor, pero tambi\u00e9n en las sillas de<strong> la tertulia<\/strong> posteriores, de nueve a once, menos ligadas a la actualidad.<\/p>\n<p class=\"ft-text\">Tambi\u00e9n est\u00e1 previsto que se encargue de alguna secci\u00f3n. \u00abPoder estar sentada al lado de Alfonso en el plat\u00f3, trabajando mano a mano, es un reto que te hace aprender mucho. <strong>Es un animal televisivo<\/strong>\u00ab, explica S\u00e1nchez.<\/p>\n<p>\u00abAnimal televisivo\u00bb<\/p>\n<p class=\"ft-text\">\u00abCuando me vine a trabajar a Madrid todo el mundo me dec\u00eda que era una t\u00eda muy r\u00e1pida trabajando. Era algo que ya formaba parte de m\u00ed, pero que con Alfonso Ar\u00fas lo multipliqu\u00e9 por 10.000\u00bb, se\u00f1ala la periodista, que con su regreso a &#8216;Aruser@s&#8217; puede volver a su ciudad natal, <strong>Barcelona<\/strong>, donde ha desarrollado pr\u00e1cticamente toda su trayectoria profesional.<\/p>\n<p class=\"ft-text\">En julio de 2024, fue la propia S\u00e1nchez la que anunci\u00f3 en sus redes que no regresar\u00eda a &#8216;Aruser@s&#8217;, <strong>donde llevaba colaborando cinco a\u00f1os<\/strong>. En declaraciones a EL PERI\u00d3DICO confes\u00f3 que no se esperaba su salida. \u00ab<strong>Fue una sorpresa<\/strong>. Recib\u00ed la noticia estando de vacaciones y me cost\u00f3 digerirla.\u00a0<strong>Han sido cinco a\u00f1os intensos<\/strong>, muy bonitos y divertidos pero, sobre todo, cinco a\u00f1os en los que me he dejado la piel.\u00a0<strong>Me entristece tener que irme de esta manera<\/strong>, pero estoy orgullosa de c\u00f3mo he crecido. Afronto el futuro con fuerza e ilusi\u00f3n\u00bb, coment\u00f3 entonces la periodista, que anteriormente hab\u00eda ejercido como reportera en La Sexta, Antena 3 Noticias, Euronews y RTV Andorra.<\/p>\n<p data-close=\"closedContent\" class=\"subscribeHideForDisplay\">Suscr\u00edbete para seguir leyendo<\/p>\n","protected":false},"excerpt":{"rendered":"&#8216;Aruser@s&#8217;, el magac\u00edn matinal de Alfonso Ar\u00fas en La Sexta, recupera este lunes 10 de noviembre a una&hellip;\n","protected":false},"author":2,"featured_media":228114,"comment_status":"","ping_status":"","sticky":false,"template":"","format":"standard","meta":{"footnotes":""},"categories":[171],"tags":[60019,60021,24092,60020,29984,146,147,25,24,5079,2596,23,214],"class_list":{"0":"post-228113","1":"post","2":"type-post","3":"status-publish","4":"format-standard","5":"has-post-thumbnail","7":"category-tv","8":"tag-alba-sanchez","9":"tag-alfonso-arus","10":"tag-arus","11":"tag-arusers","12":"tag-aruseros","13":"tag-entertainment","14":"tag-entretenimiento","15":"tag-es","16":"tag-espana","17":"tag-la-sexta","18":"tag-regreso","19":"tag-spain","20":"tag-tv"},"share_on_mastodon":{"url":"https:\/\/pubeurope.com\/@es\/115524155650130177","error":""},"_links":{"self":[{"href":"https:\/\/www.europesays.com\/es\/wp-json\/wp\/v2\/posts\/228113","targetHints":{"allow":["GET"]}}],"collection":[{"href":"https:\/\/www.europesays.com\/es\/wp-json\/wp\/v2\/posts"}],"about":[{"href":"https:\/\/www.europesays.com\/es\/wp-json\/wp\/v2\/types\/post"}],"author":[{"embeddable":true,"href":"https:\/\/www.europesays.com\/es\/wp-json\/wp\/v2\/users\/2"}],"replies":[{"embeddable":true,"href":"https:\/\/www.europesays.com\/es\/wp-json\/wp\/v2\/comments?post=228113"}],"version-history":[{"count":0,"href":"https:\/\/www.europesays.com\/es\/wp-json\/wp\/v2\/posts\/228113\/revisions"}],"wp:featuredmedia":[{"embeddable":true,"href":"https:\/\/www.europesays.com\/es\/wp-json\/wp\/v2\/media\/228114"}],"wp:attachment":[{"href":"https:\/\/www.europesays.com\/es\/wp-json\/wp\/v2\/media?parent=228113"}],"wp:term":[{"taxonomy":"category","embeddable":true,"href":"https:\/\/www.europesays.com\/es\/wp-json\/wp\/v2\/categories?post=228113"},{"taxonomy":"post_tag","embeddable":true,"href":"https:\/\/www.europesays.com\/es\/wp-json\/wp\/v2\/tags?post=228113"}],"curies":[{"name":"wp","href":"https:\/\/api.w.org\/{rel}","templated":true}]}}