{"id":228119,"date":"2025-11-10T07:15:14","date_gmt":"2025-11-10T07:15:14","guid":{"rendered":"https:\/\/www.europesays.com\/es\/228119\/"},"modified":"2025-11-10T07:15:14","modified_gmt":"2025-11-10T07:15:14","slug":"el-actor-de-los-serrano-que-ha-confesado-haber-recaido-en-las-drogas-volvere-cuando-me-encuentre-bien","status":"publish","type":"post","link":"https:\/\/www.europesays.com\/es\/228119\/","title":{"rendered":"El actor de &#8216;Los Serrano&#8217; que ha confesado haber reca\u00eddo en las drogas: \u00abVolver\u00e9 cuando me encuentre bien\u00bb"},"content":{"rendered":"<p><a class=\"v-mdl-ath__fig-a\" href=\"https:\/\/www.elcorreo.com\/autor\/silvia-osorio-3311.html\" title=\"Silvia Osorio\" rel=\"nofollow noopener\" target=\"_blank\"><br \/>\n<img decoding=\"async\" class=\"v-mdl-ath__img\" src=\"https:\/\/www.europesays.com\/es\/wp-content\/uploads\/2025\/07\/autor-3311-foto-1.jpeg\" alt=\"Silvia Osorio\"\/><br \/>\n<\/a><\/p>\n<p class=\"v-mdl-ath__p v-mdl-ath__p--6\">\nLunes, 10 de noviembre 2025, 07:57<\/p>\n<p>| Actualizado 08:10h.<\/p>\n<p class=\"v-p\">La vida despu\u00e9s de &#8216;Los Serrano&#8217; no ha sido f\u00e1cil para algunos de los actores que formaron parte del elenco de la famosa serie de Telecinco. Adri\u00e1n Rodr\u00edguez, que interpret\u00f3 a David, amigo de Guille y de Tet\u00e9 de quien estaba enamorado, ha confesado que ha vuelto a caer en las drogas. El actor, de 36 a\u00f1os, pensaba que estaba superando su adicci\u00f3n, pero ha reconocido que su proceso de desintoxicaci\u00f3n debe continuar tras sufrir una reca\u00edda.<\/p>\n<p class=\"v-p\">\u00abDespu\u00e9s de varios meses crey\u00e9ndome que estoy mejor y dem\u00e1s proyectos que quer\u00eda llevar a cabo.. Tengo que reconocer que todo a sido parte de mi enfermedad. Y la poca luz que a\u00fan me queda en mi interior ha vuelto a iluminarme para volver a ponerme en tratamiento. Est\u00e1 vez no hay tiempo, no hay un hasta pronto.. Solo volver\u00e9 cuando realmente me encuentre bien y fuerte\u00ab, ha explicado Adri\u00e1n en un comunicado compartido en Instagram.<\/p>\n<p class=\"v-p\">El int\u00e9rprete catal\u00e1n form\u00f3 parte de la emblem\u00e1tica ficci\u00f3n que, despu\u00e9s de ocho temporadas en antena, en 2008 emiti\u00f3 su \u00faltimo cap\u00edtulo, tan comentado entonces por reducir toda la trama a \u00abun sue\u00f1o\u00bb. Despu\u00e9s, Adri\u00e1n particip\u00f3 en series como &#8216;F\u00edsica o Qu\u00edmica&#8217; o &#8216;El chiringuito de Pepe&#8217;.<\/p>\n<p class=\"v-p\">En varias entrevistas, el actor revel\u00f3 su adicci\u00f3n a las drogas, ya desde muy joven. \u00abEmpec\u00e9 a consumir con 14-15 a\u00f1os. Empec\u00e9 muy pronto en la tele y entonces me cree un personaje para ser m\u00e1s aceptado, para ser m\u00e1s chulillo, para estar m\u00e1s cerca de una chica que te gusta&#8230; Adem\u00e1s, siempre he sido muy curioso y muy sensible. Todo me afectaba el doble. Con ese vac\u00edo que sientes recurres al consumo. Luego pasas de pas\u00e1rtelo bien a necesitarlo\u00bb, relat\u00f3 hace varios a\u00f1os.<\/p>\n<p><img decoding=\"async\" loading=\"lazy\" src=\"https:\/\/www.europesays.com\/es\/wp-content\/uploads\/2025\/11\/adrian-rodriguez-kWsC--650x975@El Correo.PNG\" class=\"v-a-img\" width=\"650\" height=\"975\" alt=\"\" data-voc-vtm-id=\"in-text-traffic\"\/><\/p>\n<p>Instagram<\/p>\n<p>\u00abCompletamente incomunicado\u00bb<\/p>\n<p class=\"v-p\">En su mensaje publicado en Instagram, el actor se\u00f1ala que necesita alejarse de las redes sociales y pide perd\u00f3n a sus seres queridos y a todos aquellos a los que les haya podido ocasionar cualquier problema debido a la reca\u00edda que ha sufrido en este proceso de superaci\u00f3n de drogas: \u00abEsto es obedecer y hacer las cosas bien cada d\u00eda, as\u00ed que doy las gracias a todos y sobre todo pedir disculpas a toda la gente que haya causado deudas o cualquier otro inconveniente estar\u00e9 completamente incomunicado. Gracias y un beso muy fuerte. Adri\u00bb, zanja el int\u00e9rprete catal\u00e1n.<\/p>\n<p>Reporta un error<\/p>\n","protected":false},"excerpt":{"rendered":"Lunes, 10 de noviembre 2025, 07:57 | Actualizado 08:10h. La vida despu\u00e9s de &#8216;Los Serrano&#8217; no ha sido&hellip;\n","protected":false},"author":2,"featured_media":228120,"comment_status":"","ping_status":"","sticky":false,"template":"","format":"standard","meta":{"footnotes":""},"categories":[91],"tags":[1339,60027,60026,794,146,147,25,24,60024,60028,60023,1515,23,60025],"class_list":{"0":"post-228119","1":"post","2":"type-post","3":"status-publish","4":"format-standard","5":"has-post-thumbnail","7":"category-entretenimiento","8":"tag-actor","9":"tag-actores-los-serrano","10":"tag-adrian-rodriguez","11":"tag-drogas","12":"tag-entertainment","13":"tag-entretenimiento","14":"tag-es","15":"tag-espana","16":"tag-loserrano","17":"tag-quien-era-adrian-rodriguez-en-los-serrano","18":"tag-recaido","19":"tag-serrano","20":"tag-spain","21":"tag-tete-y-guille"},"share_on_mastodon":{"url":"https:\/\/pubeurope.com\/@es\/115524175853785044","error":""},"_links":{"self":[{"href":"https:\/\/www.europesays.com\/es\/wp-json\/wp\/v2\/posts\/228119","targetHints":{"allow":["GET"]}}],"collection":[{"href":"https:\/\/www.europesays.com\/es\/wp-json\/wp\/v2\/posts"}],"about":[{"href":"https:\/\/www.europesays.com\/es\/wp-json\/wp\/v2\/types\/post"}],"author":[{"embeddable":true,"href":"https:\/\/www.europesays.com\/es\/wp-json\/wp\/v2\/users\/2"}],"replies":[{"embeddable":true,"href":"https:\/\/www.europesays.com\/es\/wp-json\/wp\/v2\/comments?post=228119"}],"version-history":[{"count":0,"href":"https:\/\/www.europesays.com\/es\/wp-json\/wp\/v2\/posts\/228119\/revisions"}],"wp:featuredmedia":[{"embeddable":true,"href":"https:\/\/www.europesays.com\/es\/wp-json\/wp\/v2\/media\/228120"}],"wp:attachment":[{"href":"https:\/\/www.europesays.com\/es\/wp-json\/wp\/v2\/media?parent=228119"}],"wp:term":[{"taxonomy":"category","embeddable":true,"href":"https:\/\/www.europesays.com\/es\/wp-json\/wp\/v2\/categories?post=228119"},{"taxonomy":"post_tag","embeddable":true,"href":"https:\/\/www.europesays.com\/es\/wp-json\/wp\/v2\/tags?post=228119"}],"curies":[{"name":"wp","href":"https:\/\/api.w.org\/{rel}","templated":true}]}}