{"id":228141,"date":"2025-11-10T07:36:12","date_gmt":"2025-11-10T07:36:12","guid":{"rendered":"https:\/\/www.europesays.com\/es\/228141\/"},"modified":"2025-11-10T07:36:12","modified_gmt":"2025-11-10T07:36:12","slug":"el-cabreo-de-lamine-un-capitan-no-sale-en-la-foto-y-el-susto-de-alberola-rojas","status":"publish","type":"post","link":"https:\/\/www.europesays.com\/es\/228141\/","title":{"rendered":"El cabreo de Lamine, un capit\u00e1n no sale en la foto y el susto de Alberola Rojas"},"content":{"rendered":"<p class=\"ft-text\"><a class=\"ft-link ft-link--decoration\" href=\"https:\/\/www.sport.es\/es\/noticias\/barca\/barca-flick-recupera-fe-noche-123541911\" rel=\"nofollow noopener\" target=\"_blank\">Celta y Bar\u00e7a protagonizaron un partido en Bala\u00eddos que tuvo de todo<\/a>. Hubo goles, hasta seis, con un gran protagonista (Lewandowski) pero tambi\u00e9n alguna situaci\u00f3n surrealista. <strong>Estas son algunas de las im\u00e1genes curiosas que dej\u00f3 el encuentro<\/strong>:<\/p>\n<p>Lamine no se lo pod\u00eda creer<\/p>\n<p class=\"ft-text\">El delantero no disimul\u00f3 su frustraci\u00f3n tras el empate del Celta. La jugada vino precedida de un contragolpe fulminante del Celta que volvi\u00f3 a dejar retratado el sistema defensivo del equipo. \u00ab<strong>\u00bfQu\u00e9 hacemos en el mediocampo?\u00bb<\/strong>, se\u00f1al\u00f3 Lamine mientras hac\u00eda gestos con los brazos.<\/p>\n<p class=\"ft-text\">No fue su \u00fanico mensaje. Tras el 2-2 reclam\u00f3 al equipo que diera un paso atr\u00e1s y no jugara con la defensa tan adelantada: <strong>\u00ab\u00a1Eh! Vamos para atr\u00e1s!\u00bb.<\/strong> Lamine habl\u00f3 directamente con Eric y tambi\u00e9n intercambi\u00f3 algunas palabras con De Jong.<\/p>\n<p>Un capit\u00e1n no sale en la foto<\/p>\n<p class=\"ft-text\"><strong>La cl\u00e1sica foto de equipo dej\u00f3 una imagen ins\u00f3lita antes del comienzo del partido<\/strong>. Mientras el equipo posaba Ronald Araujo estaba hablando con el colegiado Alberola Rojas. El motivo era que estaba dando explicaciones del cambio a \u00faltima hora de Casad\u00f3, que se qued\u00f3 sin jugar por sentir unas molestias durante el calentamiento.<\/p>\n<p><img decoding=\"async\" src=\"https:\/\/www.europesays.com\/es\/wp-content\/uploads\/2025\/11\/d9b8819d-f05b-48d0-bcb1-abe429962796_alta-libre-aspect-ratio_default_0.jpg\" width=\"1200\" height=\"800\" alt=\"Una foto con 10 jugadores\" class=\"ft-helper-img-rd\" loading=\"lazy\"\/><\/p>\n<p class=\"ft-helper-fontColor-quaternary ft-helper-fontSize-body-S ft-helper-spacer-t-xxs\">Una foto con 10 jugadores  \/ Valent\u00ed Enrich \/ SPO<\/p>\n<p class=\"ft-text\"><strong>Su sustituto, Dani Olmo, pos\u00f3 con el resto de titulares, pero no as\u00ed Araujo<\/strong>, lo que hizo que aparecieran solo 10 futbolistas en la fotograf\u00eda. Estaban Szcz\u0119sny, Eric, Cubars\u00ed, Balde; De Jong, Olmo, Ferm\u00edn, Lamine, Rashford y Lewandowski, pero falt\u00f3 Araujo. El uruguayo no se pod\u00eda creer que sus compa\u00f1eros no le esperaron.<\/p>\n<p>El susto de Alberola Rojas<\/p>\n<p class=\"ft-text\"><strong>El colegiado Alberola Rojas no vivi\u00f3 un encuentro sencillo<\/strong>. En la primera mitad fue reclamado por el VAR para que revisara unas manos de Marcos Alonso y finalmente concedi\u00f3 penalti. Adem\u00e1s protagoniz\u00f3 otra jugada controvertida cuando expuls\u00f3 a De Jong en el tiempo a\u00f1adido.<\/p>\n<p class=\"ft-text\">Pero las c\u00e1maras tambi\u00e9n captaron como <strong>la lluvia le jug\u00f3 una mala pasada y se iba al suelo<\/strong>, pero logr\u00f3 reccionar en el \u00faltimo minuto para evitar una ca\u00edda aparatosa que dio buen material a Daimiel y Guille en Movistar+.<\/p>\n","protected":false},"excerpt":{"rendered":"Celta y Bar\u00e7a protagonizaron un partido en Bala\u00eddos que tuvo de todo. Hubo goles, hasta seis, con un&hellip;\n","protected":false},"author":2,"featured_media":228142,"comment_status":"","ping_status":"","sticky":false,"template":"","format":"standard","meta":{"footnotes":""},"categories":[93],"tags":[210,290,168,25,24,11680,23,167],"class_list":{"0":"post-228141","1":"post","2":"type-post","3":"status-publish","4":"format-standard","5":"has-post-thumbnail","7":"category-deportes","8":"tag-barcelona","9":"tag-celta","10":"tag-deportes","11":"tag-es","12":"tag-espana","13":"tag-lamine","14":"tag-spain","15":"tag-sports"},"share_on_mastodon":{"url":"https:\/\/pubeurope.com\/@es\/115524258209584926","error":""},"_links":{"self":[{"href":"https:\/\/www.europesays.com\/es\/wp-json\/wp\/v2\/posts\/228141","targetHints":{"allow":["GET"]}}],"collection":[{"href":"https:\/\/www.europesays.com\/es\/wp-json\/wp\/v2\/posts"}],"about":[{"href":"https:\/\/www.europesays.com\/es\/wp-json\/wp\/v2\/types\/post"}],"author":[{"embeddable":true,"href":"https:\/\/www.europesays.com\/es\/wp-json\/wp\/v2\/users\/2"}],"replies":[{"embeddable":true,"href":"https:\/\/www.europesays.com\/es\/wp-json\/wp\/v2\/comments?post=228141"}],"version-history":[{"count":0,"href":"https:\/\/www.europesays.com\/es\/wp-json\/wp\/v2\/posts\/228141\/revisions"}],"wp:featuredmedia":[{"embeddable":true,"href":"https:\/\/www.europesays.com\/es\/wp-json\/wp\/v2\/media\/228142"}],"wp:attachment":[{"href":"https:\/\/www.europesays.com\/es\/wp-json\/wp\/v2\/media?parent=228141"}],"wp:term":[{"taxonomy":"category","embeddable":true,"href":"https:\/\/www.europesays.com\/es\/wp-json\/wp\/v2\/categories?post=228141"},{"taxonomy":"post_tag","embeddable":true,"href":"https:\/\/www.europesays.com\/es\/wp-json\/wp\/v2\/tags?post=228141"}],"curies":[{"name":"wp","href":"https:\/\/api.w.org\/{rel}","templated":true}]}}