{"id":228164,"date":"2025-11-10T07:56:08","date_gmt":"2025-11-10T07:56:08","guid":{"rendered":"https:\/\/www.europesays.com\/es\/228164\/"},"modified":"2025-11-10T07:56:08","modified_gmt":"2025-11-10T07:56:08","slug":"el-sabio-consejo-de-noemi-galera-a-los-concursantes-de-ot-2025","status":"publish","type":"post","link":"https:\/\/www.europesays.com\/es\/228164\/","title":{"rendered":"El sabio consejo de Noem\u00ed Galera a los concursantes de &#8216;OT 2025&#8217;"},"content":{"rendered":"<p class=\"c-paragraph\">A <b>Omar Samba<\/b> se le escap\u00f3 el secreto en plena academia: los concursantes de OT 2025 actuar\u00e1n en el Movistar Arena de Madrid. Y, claro, todos empezaron a brincar de emoci\u00f3n. <b><a href=\"https:\/\/www.20minutos.es\/television\/estrategia-rufian-que-deberia-seguir-ivan-rojo-tras-golpe-ser-expulsado-ot-2025_6401804_3.html\" target=\"_blank\" rel=\"nofollow noopener\">Iv\u00e1n Rojo<\/a><\/b> no err\u00f3 en su pron\u00f3stico.<\/p>\n<p class=\"c-paragraph\">La mano de Samba se fue r\u00e1pidamente a su boca. Hab\u00eda metido la pata. Los alumnos a\u00fan desconoc\u00edan la ubicaci\u00f3n de su concierto en Madrid. Y el emblem\u00e1tico Palacio de Deportes era la plaza m\u00e1s deseada. Junto con el <b>Bernab\u00e9u<\/b>, cuando no moleste a los vecinos.<\/p>\n<p class=\"c-paragraph\">\u201c<b>Netflix, Netflix, Netflix<\/b>\u201d, grit\u00f3 alguno de los chicos de OT. T\u00e1ctica para intentar proteger al propio Omar. Porque hay palabras claves que nunca se podr\u00e1n emitir en Prime Video. O eso creen, pues es tan f\u00e1cil como silenciar Netflix y punto.<\/p>\n<p class=\"c-paragraph\">Lo importante es que su euforia traspasaba la pantalla de Youtube. La fama excitada es contagiosa. <b>A veces, la vida te da alegr\u00edas. Incluso, a veces, muy a veces, los sue\u00f1os son cumplidos. <\/b>Aunque suela durar m\u00e1s el tiempo que lo imaginaste que el momento que lo viviste.<\/p>\n<p class=\"c-paragraph\">Y, entonces, apareci\u00f3 Noem\u00ed en plena ebullici\u00f3n de la euforia. Y les dio un consejo que les servir\u00e1 m\u00e1s de lo que creen hoy: \u201c<b>Ahora falta llenarlo. Porque pod\u00e9is ir al Movistar Arena y que haya cuatro. Y el de la guitarra<\/b>\u201d. <b>\u201cA la gente hay que gan\u00e1rsela\u201d<\/b>, a\u00f1ade. El p\u00fablico es tan generoso que, tambi\u00e9n, hay que ser generosos con el p\u00fablico. Y ni siquiera ese ejercicio de generosidad asegura demasiado. Aunque s\u00ed otorga la gratitud de encontrar complicidades.<\/p>\n<p class=\"c-paragraph\">Otros realities calientan\u00a0las cabezas para que el show provoque m\u00e1s murmuraciones en la audiencia. <b>Cu\u00e1nto peor, mejor. Cu\u00e1nta m\u00e1s desubicaci\u00f3n, m\u00e1s espect\u00e1culo.<\/b> Piensan. OT, desde 2017, est\u00e1 en otro lugar mucho m\u00e1s interesante: construir. As\u00ed Noem\u00ed Galera no trata a sus alumnos con condescendencia y afronta la realidad inevitable: \u201c<b>Esto (la academia) es una burbuja que luego hace puf y no todos vais a tener a la discogr\u00e1fica apoy\u00e1ndoos a full ni todos vais a tener discos a full.<\/b> Lo m\u00e1s probable es que la discogr\u00e1fica os tenga un tiempo y que, luego, os teng\u00e1is que buscar vosotros la vida\u201d, les explica.\u00a0Omar, asiente. Lo ha sentido en primera persona. \u00ab<b>Las comparativas son odiosas y todos tendemos a eso. Me pas\u00f3, pero cambi\u00e9 el chip y decid\u00ed disfrutar del proceso<\/b>. Porque, al final, si no, llega el momento en el que te desamoras de la m\u00fasica. Y eso es lo peor que le puede pasar a un artista\u00bb.<\/p>\n<p class=\"c-paragraph\">Es el <a href=\"https:\/\/www.20minutos.es\/lainformacion\/opinion\/perdida-inocencia-ot-2017-que-refleja-nosotros-mismos-5585500\/\" target=\"_blank\" rel=\"nofollow noopener\">otro triunfo que OT llega ejerciendo a\u00f1os, con todos y cada uno de sus castings<\/a>. En un tiempo de poca profundidad dentro y fuera de la televisi\u00f3n, este programa nos conecta\u00a0con unos j\u00f3venes talentos con mucho por aprender y, tambi\u00e9n, con mucho por ense\u00f1ar. Con sus ilusiones, con sus aspiraciones, con sus v\u00e9rtigos, con sus ansias, con sus dudas. Con una evoluci\u00f3n ante las c\u00e1maras que\u00a0<b>define la monta\u00f1a rusa de los propios estados de \u00e1nimo que protagonizamos todos<\/b>: de la ingenuidad festiva, ambiciosa e inconsciente a<a href=\"https:\/\/www.20minutos.es\/lainformacion\/opinion\/perdida-inocencia-ot-2017-que-refleja-nosotros-mismos-5585500\/\" target=\"_blank\" rel=\"nofollow noopener\"> sentir la alargada sombra del\u00a0<b>temor ante un futuro complicado<\/b>, no con las mismas oportunidades y apoyos para todos.<\/a>\u00a0La vida, en definitiva.<\/p>\n","protected":false},"excerpt":{"rendered":"A Omar Samba se le escap\u00f3 el secreto en plena academia: los concursantes de OT 2025 actuar\u00e1n en&hellip;\n","protected":false},"author":2,"featured_media":228165,"comment_status":"","ping_status":"","sticky":false,"template":"","format":"standard","meta":{"footnotes":""},"categories":[171],"tags":[1576,146,147,25,24,33686,4417,10867,53833,23,214],"class_list":{"0":"post-228164","1":"post","2":"type-post","3":"status-publish","4":"format-standard","5":"has-post-thumbnail","7":"category-tv","8":"tag-consejo","9":"tag-entertainment","10":"tag-entretenimiento","11":"tag-es","12":"tag-espana","13":"tag-galera","14":"tag-los","15":"tag-noemi","16":"tag-sabio","17":"tag-spain","18":"tag-tv"},"share_on_mastodon":{"url":"https:\/\/pubeurope.com\/@es\/115524336748886772","error":""},"_links":{"self":[{"href":"https:\/\/www.europesays.com\/es\/wp-json\/wp\/v2\/posts\/228164","targetHints":{"allow":["GET"]}}],"collection":[{"href":"https:\/\/www.europesays.com\/es\/wp-json\/wp\/v2\/posts"}],"about":[{"href":"https:\/\/www.europesays.com\/es\/wp-json\/wp\/v2\/types\/post"}],"author":[{"embeddable":true,"href":"https:\/\/www.europesays.com\/es\/wp-json\/wp\/v2\/users\/2"}],"replies":[{"embeddable":true,"href":"https:\/\/www.europesays.com\/es\/wp-json\/wp\/v2\/comments?post=228164"}],"version-history":[{"count":0,"href":"https:\/\/www.europesays.com\/es\/wp-json\/wp\/v2\/posts\/228164\/revisions"}],"wp:featuredmedia":[{"embeddable":true,"href":"https:\/\/www.europesays.com\/es\/wp-json\/wp\/v2\/media\/228165"}],"wp:attachment":[{"href":"https:\/\/www.europesays.com\/es\/wp-json\/wp\/v2\/media?parent=228164"}],"wp:term":[{"taxonomy":"category","embeddable":true,"href":"https:\/\/www.europesays.com\/es\/wp-json\/wp\/v2\/categories?post=228164"},{"taxonomy":"post_tag","embeddable":true,"href":"https:\/\/www.europesays.com\/es\/wp-json\/wp\/v2\/tags?post=228164"}],"curies":[{"name":"wp","href":"https:\/\/api.w.org\/{rel}","templated":true}]}}