{"id":228168,"date":"2025-11-10T07:59:16","date_gmt":"2025-11-10T07:59:16","guid":{"rendered":"https:\/\/www.europesays.com\/es\/228168\/"},"modified":"2025-11-10T07:59:16","modified_gmt":"2025-11-10T07:59:16","slug":"el-chimy-calienta-el-final-del-valencia","status":"publish","type":"post","link":"https:\/\/www.europesays.com\/es\/228168\/","title":{"rendered":"El Chimy calienta el final del Valencia"},"content":{"rendered":"<p class=\"ft-text\">El partido entre <a class=\"ft-link ft-link--decoration\" href=\"https:\/\/www.superdeporte.es\/tags\/valencia-cf\/\" rel=\"nofollow noopener\" target=\"_blank\"><strong>Valencia CF<\/strong><\/a> y Real Betis termin\u00f3 de la peor manera posible. Tras el pitido final de Garc\u00eda Verdura, <strong>una tangana sobre el c\u00e9sped de Mestalla empa\u00f1\u00f3 el cierre de un encuentro ya de por s\u00ed caliente<\/strong>. Los protagonistas fueron <strong>Hugo Duro<\/strong> y el<strong> Chimy \u00c1vila<\/strong>, quienes se enzarzaron en una acalorada disputa que encendi\u00f3 a\u00fan m\u00e1s los \u00e1nimos entre ambos equipos.<\/p>\n<p class=\"ft-text\">Todo comenz\u00f3 cuando el delantero valencianista golpe\u00f3 en el brazo al jugador argentino. El Chimy respondi\u00f3 con una doble provocaci\u00f3n: primero un pellizco y despu\u00e9s un empuj\u00f3n por la espalda, cuando Hugo Duro se encontraba de espaldas. <strong>La acci\u00f3n desat\u00f3 una trifulca entre varios futbolistas, obligando a los miembros de ambos equipos y a la seguridad del estadio a intervenir para separarles<\/strong>.<\/p>\n<p>Un partido que ya ven\u00eda caliente<\/p>\n<p class=\"ft-text\"><strong>El ambiente en Mestalla ya era tenso desde minutos antes<\/strong>. El gol de Cucho Hern\u00e1ndez hab\u00eda levantado la temperatura del encuentro, y los roces entre jugadores fueron en aumento. Tras el tanto, T\u00e1rrega y Abde se encararon, y <strong>el futbolista marroqu\u00ed lleg\u00f3 a propinar un cabezazo<\/strong>, que no fue sancionado por el colegiado, aumentando el malestar entre los jugadores locales y la afici\u00f3n.<\/p>\n<p><img decoding=\"async\" src=\"https:\/\/www.europesays.com\/es\/wp-content\/uploads\/2025\/11\/7d29cd5e-9ad4-4498-b058-7d90a23c33ee_alta-libre-aspect-ratio_default_0.jpg\" width=\"1200\" height=\"800\" alt=\"Javi Guerra recrimina a Abde\" class=\"ft-helper-img-rd\" loading=\"lazy\"\/><\/p>\n<p class=\"ft-helper-fontColor-quaternary ft-helper-fontSize-body-S ft-helper-spacer-t-xxs\">Javi Guerra recrimina a Abde  \/ JM LOPEZ<\/p>\n<p>Abde, se\u00f1alado por la grada<\/p>\n<p class=\"ft-text\">La tensi\u00f3n no termin\u00f3 ah\u00ed. <strong>Tras ser sustituido en los \u00faltimos minutos, Abde volvi\u00f3 a protagonizar un incidente al dirigirse hacia una parte de la grada<\/strong>, un gesto que fue interpretado como una provocaci\u00f3n directa al p\u00fablico valencianista. Su actitud encendi\u00f3 a\u00fan m\u00e1s los \u00e1nimos de una afici\u00f3n ya molesta por las decisiones arbitrales y por las acciones de los jugadores del Real Betis.<\/p>\n<p class=\"ft-text\">El calor ambiental y las provocaciones mutuas desembocaron en una escena que nada tuvo que ver con el f\u00fatbol.<strong> <\/strong>La tangana final entre Hugo Duro y el Chimy \u00c1vila fue la culminaci\u00f3n de un encuentro en el que la tensi\u00f3n se impuso al juego.<\/p>\n","protected":false},"excerpt":{"rendered":"El partido entre Valencia CF y Real Betis termin\u00f3 de la peor manera posible. Tras el pitido final&hellip;\n","protected":false},"author":2,"featured_media":228169,"comment_status":"","ping_status":"","sticky":false,"template":"","format":"standard","meta":{"footnotes":""},"categories":[93],"tags":[7607,291,3967,37682,168,25,24,1058,27896,23081,23,167,235,5419],"class_list":{"0":"post-228168","1":"post","2":"type-post","3":"status-publish","4":"format-standard","5":"has-post-thumbnail","7":"category-deportes","8":"tag-avila","9":"tag-betis","10":"tag-calienta","11":"tag-chimy","12":"tag-deportes","13":"tag-es","14":"tag-espana","15":"tag-final","16":"tag-hugo-duro","17":"tag-mestalla","18":"tag-spain","19":"tag-sports","20":"tag-valencia","21":"tag-valencia-cf"},"share_on_mastodon":{"url":"https:\/\/pubeurope.com\/@es\/115524348747498177","error":""},"_links":{"self":[{"href":"https:\/\/www.europesays.com\/es\/wp-json\/wp\/v2\/posts\/228168","targetHints":{"allow":["GET"]}}],"collection":[{"href":"https:\/\/www.europesays.com\/es\/wp-json\/wp\/v2\/posts"}],"about":[{"href":"https:\/\/www.europesays.com\/es\/wp-json\/wp\/v2\/types\/post"}],"author":[{"embeddable":true,"href":"https:\/\/www.europesays.com\/es\/wp-json\/wp\/v2\/users\/2"}],"replies":[{"embeddable":true,"href":"https:\/\/www.europesays.com\/es\/wp-json\/wp\/v2\/comments?post=228168"}],"version-history":[{"count":0,"href":"https:\/\/www.europesays.com\/es\/wp-json\/wp\/v2\/posts\/228168\/revisions"}],"wp:featuredmedia":[{"embeddable":true,"href":"https:\/\/www.europesays.com\/es\/wp-json\/wp\/v2\/media\/228169"}],"wp:attachment":[{"href":"https:\/\/www.europesays.com\/es\/wp-json\/wp\/v2\/media?parent=228168"}],"wp:term":[{"taxonomy":"category","embeddable":true,"href":"https:\/\/www.europesays.com\/es\/wp-json\/wp\/v2\/categories?post=228168"},{"taxonomy":"post_tag","embeddable":true,"href":"https:\/\/www.europesays.com\/es\/wp-json\/wp\/v2\/tags?post=228168"}],"curies":[{"name":"wp","href":"https:\/\/api.w.org\/{rel}","templated":true}]}}