{"id":228177,"date":"2025-11-10T08:04:12","date_gmt":"2025-11-10T08:04:12","guid":{"rendered":"https:\/\/www.europesays.com\/es\/228177\/"},"modified":"2025-11-10T08:04:12","modified_gmt":"2025-11-10T08:04:12","slug":"la-cop30-arranca-sin-los-deberes-hechos-y-con-un-planeta-en-plena-combustion-el-salto","status":"publish","type":"post","link":"https:\/\/www.europesays.com\/es\/228177\/","title":{"rendered":"La COP30 arranca sin los deberes hechos y con un planeta en plena combusti\u00f3n &#8211; El Salto"},"content":{"rendered":"<p>El mundo est\u00e1 cambiando a una velocidad de v\u00e9rtigo. 2024 super\u00f3 <a href=\"https:\/\/www.elsaltodiario.com\/cambio-climatico\/temperatura-tierra-bate-todos-records-mundo-roza-aumento-uno-cinco-grados-2023\" rel=\"nofollow noopener\" target=\"_blank\">a 2023<\/a> como<a href=\"https:\/\/www.elsaltodiario.com\/cambio-climatico\/2024-bienvenidos-planeta-15oc-calido\" rel=\"nofollow noopener\" target=\"_blank\"> el a\u00f1o m\u00e1s c\u00e1lido<\/a> jam\u00e1s registrado. Con toda probabilidad, fue el m\u00e1s caluroso en la friolera de 125.000 a\u00f1os. Por primera vez se sobrepas\u00f3<a href=\"https:\/\/www.elsaltodiario.com\/cambio-climatico\/planeta-ano-temperatura-15oc-preindustrial\" rel=\"nofollow noopener\" target=\"_blank\"> la l\u00ednea roja de los 1,5\u00baC<\/a> que marca el Acuerdo de Par\u00eds. Y 2025 va a pugnar con 2023 por la segunda posici\u00f3n, como acaba de adelantar el Servicio Clim\u00e1tico Copernicus. Los gases que hemos expulsado a la atm\u00f3sfera en los \u00faltimos dos siglos se han acumulado a <a href=\"https:\/\/wmo.int\/es\/media\/news\/aumento-sin-precedentes-de-la-concentracion-de-dioxido-de-carbono-en-2024-y-nuevo-maximo-historico\" rel=\"nofollow noopener\" target=\"_blank\">niveles cr\u00edticos<\/a> \u2014423,9 partes por mill\u00f3n\u2014 con un ritmo de acumulaci\u00f3n que se est\u00e1 incrementando peligrosamente a\u00f1o a a\u00f1o. Como se\u00f1ala el \u00faltimo bolet\u00edn de la Organizaci\u00f3n Meteorol\u00f3gica Mundial (OMM), \u201ccorremos el riesgo de que el clima se adentre en un c\u00edrculo vicioso\u201d. La COP30 es la gran cita anual para que el conjunto de Homo sapiens frene su mayor amenaza: la desestabilizaci\u00f3n del clima del planeta que habita.<\/p>\n<p>  <img alt=\"Copernicus 2025 prediccion\" class=\"card-img-top figure-img\" \/><\/p>\n<p>\n        Proyecci\u00f3n del Servicio Clim\u00e1tico Europeo Copernicus de los a\u00f1os m\u00e1s calurosos de la historia, con 2025 pugnando por la segunda posici\u00f3n.<\/p>\n<p>Este lunes comienza la agenda oficial de negociaciones de la 30\u00aa Conferencia de las Partes de la Convenci\u00f3n Marco de las Naciones Unidas sobre el Cambio Clim\u00e1tico, como oficialmente se llama la COP30. La cita, que acoge la ciudad amaz\u00f3nica de Bel\u00e9m en el Brasil postbolsonarista de Lula, durar\u00e1, al menos, hasta el 21 de noviembre. Prev\u00e9 la asistencia de 50.000 personas, aunque no todas ellas son integrantes de delegaciones para trabajar por frenar la crisis clim\u00e1tica. <a href=\"https:\/\/www.elsaltodiario.com\/cop29\/cierra-acuerdo-financiacion-300000-millones-corta-ambicion-paises-del-sur\" rel=\"nofollow noopener\" target=\"_blank\">En Bak\u00fa<\/a>, la anterior cita, la cifra de lobistas mandados por la industria de los combustibles f\u00f3siles y sus aliados fue de 1.773 personas, un peque\u00f1o ej\u00e9rcito que hizo <a href=\"https:\/\/www.elsaltodiario.com\/cop29\/sombra-lobby-fosil-1773-paracaidistas-bloqueo-cumbre-clima\" rel=\"nofollow noopener\" target=\"_blank\">muy bien su trabajo<\/a>.<\/p>\n<p>Tampoco ayudan a empezar con buen pie las ausencias. En el <a href=\"https:\/\/cop30.br\/es\/noticias-de-la-cop30\/se-anuncian-mas-de-usd-5-5-mil-millones-para-el-fondo-bosques-tropicales-para-siempre-con-53-paises-que-han-ratificado-su-declaracion-de-lanzamiento\" target=\"_blank\" rel=\"nofollow noopener\">encuentro previo de mandatarios<\/a> del pasado viernes, que sirvi\u00f3 como escaparate adelantado de las negociaciones de la COP30 con la presencia de medio centenar de jefes de Estado y de gobierno, incluido Pedro S\u00e1nchez, no se vio ni al presidente chino, Xi Jinping, ni al estadounidense, Donald Trump, los mandatarios de los dos pa\u00edses que m\u00e1s emisiones de gases de efecto invernadero emiten, respectivamente. Si bien el primero envi\u00f3 una delegaci\u00f3n encabezada por el viceprimer ministro, Ding Xuexiang, el segundo no mand\u00f3 representaci\u00f3n, en l\u00ednea con su habitual desprecio a la lucha clim\u00e1tica que llev\u00f3 a la primera potencia del mundo a <a href=\"https:\/\/www.elsaltodiario.com\/estados-unidos\/portazo-trump-acuerdo-paris-decision-costara-vidas\" target=\"_blank\" rel=\"nofollow noopener\">abandonar el Acuerdo de Par\u00eds<\/a>, algo que se har\u00e1 efectivo el 1 de enero de 2026.<\/p>\n<p>Una cumbre que arranca sin ser lo que quer\u00eda que ser<\/p>\n<p>La historia de las Cumbres del Clima est\u00e1 plagada de claroscuros, y en la totalidad de ellas los acuerdos han ido por detr\u00e1s de lo que la comunidad cient\u00edfica demandaba. En esta ocasi\u00f3n, ambas premisas se vuelven a cumplir.\u00a0Antes de empezar, esta cumbre ya cuenta con su primer fracaso, pues hay que diferenciar entre \u201clo que \u00e9sta deber\u00eda haber sido y lo que va a ser\u201d, como sintetiza Javier Andaluz, coordinador de Energ\u00eda y Clima de Ecologistas en Acci\u00f3n y buen conocedor de las negociaciones hist\u00f3rica de las COP. \u201cTen\u00eda que haber sido una cumbre de mitigaci\u00f3n, el momento en el cual los pa\u00edses hubiesen puesto sus compromisos, tras lo que hubi\u00e9semos tenido un informe previo del Panel Intergubernamental de Expertos sobre el Cambio Clim\u00e1tico de la ONU (IPCC) que nos dar\u00eda el dato de \u2018los compromisos de los pa\u00edses nos llevan a un calentamiento global de equis\u2019\u201d.\u00a0<\/p>\n<p>Andaluz se refiere a las Contribuciones Determinadas a Nivel Nacional (NDC), los planes que sintetizan los esfuerzos a corto y medio plazo de cada pa\u00eds para hacer frente a la crisis clim\u00e1tica, cuyas nuevas versiones para los pr\u00f3ximos cinco a\u00f1os deber\u00edan haber estado sobre la mesa hace meses. Solo 74 firmantes del Acuerdo de Par\u00eds, algo m\u00e1s de un tercio, <a href=\"https:\/\/www.climatewatchdata.org\/2020-ndc-tracker\" rel=\"nofollow noopener\" target=\"_blank\">han presentado sus planes<\/a>, y la mayor\u00eda de ellos lo han hecho tarde, lo que ha lastrado la agenda de la COP.\u00a0<\/p>\n<blockquote><p>\u201cEl giro hacia posiciones m\u00e1s negacionistas y retardistas de muchos  pa\u00edses de la UE est\u00e1 minando los esfuerzos, que ya eran insuficientes,  del ciclo europeo anterior\u201d, lamenta Javier Andaluz<\/p><\/blockquote>\n<p>Sintom\u00e1tico es lo realizado por la Uni\u00f3n Europea, hasta ahora el bloque que remaba con m\u00e1s fuerza en la lucha clim\u00e1tica \u2014dentro de los est\u00e1ndares limitados de las COP\u2014, un papel que est\u00e1 perdiendo fruto del aumento del poder en su seno de la ultraderecha partidaria de retrasar la lucha clim\u00e1tica, cuando no negacionista. Sus ministros de Medio Ambiente presentaban las NDC conjuntas de los 27 este 5 de noviembre, apenas a una semana de la COP, con un objetivo a 2040 por debajo de las expectativas de la comunidad cient\u00edfica y con mucha trampas. Anunciaban <a href=\"https:\/\/www.elsaltodiario.com\/cop30\/ue-reduccion-emisiones-2040-paises-comprar-bonos\" rel=\"nofollow noopener\" target=\"_blank\">un 90% de reducci\u00f3n de emisiones<\/a>, pero con mecanismos de revisi\u00f3n que pod\u00edan rebajar esa cifra al 80%, entre otros instrumentos de \u201cflexibilizaci\u00f3n\u201d aupados por los pa\u00edses m\u00e1s retardistas. \u201cUna mala noticia\u201d, para Andaluz, que se\u00f1ala que la UE deb\u00eda tener como objetivo en 2040 la neutralidad clim\u00e1tica, algo que los 27 planean para 2050. \u201cEl giro hacia posiciones m\u00e1s negacionistas y retardistas de muchos pa\u00edses de la UE est\u00e1 minando los esfuerzos, que ya eran insuficientes, del ciclo europeo anterior\u201d, lamenta este experto.<\/p>\n<p>El retraso en la entrega de los planes nacionales supone que el IPCC,\u00a0m\u00e1ximo exponente cient\u00edfico en materia clim\u00e1tica del planeta, no tenga la informaci\u00f3n necesaria para trabajar con tiempo y sacar conclusiones de cara a nuevas actualizaciones de la lucha clim\u00e1tica. Ese an\u00e1lisis, con el que inicialmente contaba la presidencia de la COP30, es clave para llevar a cabo el Balance Mundial o Global Stocktake, el instrumento del Acuerdo de Par\u00eds por el que se monitorean los esfuerzos de los pa\u00edses de cara a implementar nuevas mejoras y poder cuadrar las decisiones con las necesidades que marca la comunidad cient\u00edfica.<\/p>\n<p>El primer Balance Global culmin\u00f3 en la COP28 de Dubai incluyendo, por primera vez en la historia \u2014por incre\u00edble que parezca\u2014, la menci\u00f3n a los combustibles f\u00f3siles en un acuerdo final de una Cumbre del Clima. \u00c9ste dicta la necesidad de llevar a cabo una \u201ctransici\u00f3n que deje atr\u00e1s los combustibles f\u00f3siles\u201d, para lo cual aboga por triplicar la capacidad mundial de renovables, duplicar la tasa anual de mejora de la eficiencia energ\u00e9tica o eliminar progresivamente las subvenciones \u201cineficientes\u201d a los combustibles f\u00f3siles.\u00a0<\/p>\n<blockquote><p>\u201cEn julio, la Corte Internacional de justicia emiti\u00f3 una Opini\u00f3n  Consultiva que dice que \u2018los pa\u00edses responsables de la crisis  clim\u00e1tica tienen que financiar los costes de las p\u00e9rdidas y da\u00f1os que  sufren los pa\u00edses afectados\u2019\u201d, se\u00f1ala Rubiera<\/p><\/blockquote>\n<p>\u201cC\u00f3mo implementamos este primer Balance Mundial es algo que a la presidencia de Brasil le parece muy importante\u201d, se\u00f1ala Andaluz, quien sin embargo destaca que existe una \u201cbrecha de ambici\u00f3n\u201d muy amplia entre los datos que revela el primer Balance Global y los NDC presentados hasta ahora. Es un descuadre que aleja los planes de los pa\u00edses de un alineamiento con un planeta que no sobrepase un calentamiento medio de 1,5\u00baC. La COP30, no obstante, no tiene en su agenda un espacio dedicado a  discutir sobre esta brecha de ambici\u00f3n, aunque algunas de las Partes  est\u00e1 presionando para tener un debate sobre ellas en Bel\u00e9m. Seg\u00fan el <a href=\"https:\/\/www.unep.org\/resources\/emissions-gap-report-2024\" target=\"_blank\" rel=\"nofollow noopener\">Informe de la Brecha de Emisiones<\/a> del Programa de las Naciones Unidas para el Medio Ambiente, se necesitan recortes de emisiones del 42% para 2030 y del 57% para 2035 comparados con niveles de 2019 para encaminarse hacia el objetivo de 1,5\u00b0C.<\/p>\n<p>Una cumbre clave para la financiaci\u00f3n de la transici\u00f3n global<\/p>\n<p>La pasada cumbre de Bak\u00fa finaliz\u00f3 con un\u00a0<a href=\"https:\/\/www.elsaltodiario.com\/cop29\/cierra-acuerdo-financiacion-300000-millones-corta-ambicion-paises-del-sur\" rel=\"nofollow noopener\" target=\"_blank\">acuerdo in extremis<\/a> para aumentar la financiaci\u00f3n clim\u00e1tica de los 100.000 millones de d\u00f3lares anuales pactados a 300.000 millones de financiaci\u00f3n p\u00fablica al a\u00f1o para 2035. La cifra es considerada un acuerdo de m\u00ednimos y est\u00e1 muy alejada de la demanda de los pa\u00edses del Sur global, m\u00e1s afectados por las consecuencias de la crisis sin ser sus causantes hist\u00f3ricos. Ped\u00edan un m\u00ednimo, ya rebajado de sus expectativas, de 500.000 millones de d\u00f3lares, mientras que las organizaciones de la sociedad civil hablaban de la necesidad de hablar de una cifra\u00a0 muy superior: en torno a una decena de billones. La exsecretaria del Tesoro de Estados Unidos, Janet Yellen, calculaba el pasado a\u00f1o en al menos tres billones de d\u00f3lares las necesidades reales del Fondo Verde para el Clima, instrumento clave para ayudar a los pa\u00edses en desarrollo en materia de adaptaci\u00f3n y mitigaci\u00f3n del cambio clim\u00e1tico.\u00a0<\/p>\n<p>Paralelamente, en Bak\u00fa se se\u00f1al\u00f3 la necesidad de complementar esos 300.000 millones de fondos p\u00fablicos con capital privado hasta llegar a 1,3 billones en 2035. Este ep\u00edgrafe s\u00ed tendr\u00e1 un espacio claro en Bel\u00e9n: la llamada Hoja de Ruta de Bak\u00fa a Bel\u00e9m (B2B) que discutir\u00e1 el grupo hom\u00f3nimo. No obstante, Andaluz se muestra esc\u00e9ptico al respecto, ya que \u201cno quedan muy claras\u201d las fuentes de ese dinero. Si bien el Grupo B2B ha tenido avances, \u201cno hay un plan de acci\u00f3n claro ni indicadores claros de c\u00f3mo se van a implementar esas medidas\u201d, se\u00f1ala Andaluz, muy cr\u00edtico, al igual que la inmensa mayor\u00eda de organizaciones medioambientales, con el hecho de que sea la financiaci\u00f3n privada la que suponga el grueso del monto necesario para la financiaci\u00f3n de la adaptaci\u00f3n y la mitigaci\u00f3n del cambio clim\u00e1tico de los pa\u00edses en desarrollo.\u00a0<\/p>\n<blockquote><p>Eliminado el perfil de cumbre centrada en la mitigaci\u00f3n, y ante la falta de acuerdo en materia de financiaci\u00f3n,  uno de los puntos que la presidencia promover\u00e1 es el Mecanismo de Acci\u00f3n de Bel\u00e9m para la Transici\u00f3n Justa<\/p><\/blockquote>\n<p>Estos n\u00fameros son una \u201chipocres\u00eda evidente\u201d para los grupos de la sociedad civil en lucha contra el calentamiento del planeta, que llevan a\u00f1os pelando por una financiaci\u00f3n clim\u00e1tica justa mientras ven aumentar gastos militares como los recientemente <a href=\"https:\/\/www.elsaltodiario.com\/otan\/otan-una-cumbre-marcada-aumento-del-gasto-militar-elogios-donald-trump\" rel=\"nofollow noopener\" target=\"_blank\">anunciados por la OTAN <\/a>y observan c\u00f3mo perviven las <a href=\"https:\/\/www.elsaltodiario.com\/cambio-climatico\/consejo-asesor-clima-alerta-incrementar-compromisos-eliminar-subsidios-fosiles\" rel=\"nofollow noopener\" target=\"_blank\">subvenciones a la industria<\/a> del gas o del petr\u00f3leo. \u201cMientras nos cuesta prometer financiaci\u00f3n para la emergencia clim\u00e1tica, en la UE nos gastamos 46.700 millones anuales en subvenciones a los combustibles f\u00f3siles\u201d, lamenta Andaluz.<\/p>\n<p>La Corte Penal Internacional se cuela en el debate clim\u00e1tico<\/p>\n<p>Las p\u00e9rdidas y da\u00f1os \u2014el tercer pilar del Acuerdo de Par\u00eds tras la mitigaci\u00f3n y la adaptaci\u00f3n al cambio clim\u00e1tico\u2014, entendidos como aquellos impactos que ya no pueden evitarse ni reduciendo emisiones ni adapt\u00e1ndonos a ellos, tambi\u00e9n estar\u00e1n presentes en la COP30. Si en la COP27 se cre\u00f3 el Fondo para Responder a P\u00e9rdidas y Da\u00f1os (FRLD) y al a\u00f1o siguiente se avanz\u00f3 instaur\u00e1ndolo en el Banco Mundial, algo que no gust\u00f3 al Sur global, en la COP29 de Bak\u00fa se perdi\u00f3 la oportunidad de garantizar financiaci\u00f3n para \u00e9ste. Ahora, en Bel\u00e9m se espera un compromiso claro sobre la ampliaci\u00f3n de recursos basados en donaciones para el FRLD.\u00a0<\/p>\n<p>Como explica Irene Rubiera, del gabinete jur\u00eddico de Ecologistas en Acci\u00f3n, hay necesidades de en torno a 400.000 millones de d\u00f3lares\u201d en materia de p\u00e9rdida y da\u00f1os, y aunque la empresa es ardua, el contexto ha cambiado y 2025 ha marcado un punto de inflexi\u00f3n en materia de derecho clim\u00e1tico internacional que afecta a este ep\u00edgrafe. \u201cEn julio, la Corte Internacional de Justicia (CIJ) emiti\u00f3 una Opini\u00f3n Consultiva y mencion\u00f3 espec\u00edficamente el tema de las p\u00e9rdidas y da\u00f1os hasta el punto de decir que \u2018los pa\u00edses responsables de la crisis clim\u00e1tica tienen que financiar los costes de las p\u00e9rdidas y da\u00f1os que sufren los pa\u00edses afectados\u2019\u201d, se\u00f1ala Rubiera. <\/p>\n<p>Si bien la Opini\u00f3n Consultiva no es una sentencia vinculante en s\u00ed misma, s\u00ed supone un marco legal internacional nuevo al que los pa\u00edses deben acogerse. \u201cLa CIJ es el organismo jur\u00eddico m\u00e1s poderoso del planeta. Cuando la Corte habla todo el mundo escucha. Aunque solo sea como argumento negociador, esperamos que esto d\u00e9 un poco de sopas con honda en la COP30\u201d, apunta Rubiera.<\/p>\n<p>Mecanismo de Acci\u00f3n de Bel\u00e9m para la Transici\u00f3n Justa<\/p>\n<p>Eliminado el perfil de cumbre centrada en la mitigaci\u00f3n que inicialmente ten\u00eda la COP30, y ante la falta de acuerdo en materia de financiaci\u00f3n, uno de los puntos que la presidencia promover\u00e1 con toda seguridad es el llamado Mecanismo de Acci\u00f3n de Bel\u00e9m para la Transici\u00f3n Justa (BAM, por sus siglas en ingl\u00e9s), cuya aprobaci\u00f3n podr\u00eda convertirse \u201cen el gran mensaje que saldr\u00eda de esta cumbre\u201d, seg\u00fan Javier Andaluz.<\/p>\n<p>Este mecanismo, que podr\u00eda ayudar a desatascar algunas cuestiones importantes, pretende acelerar una transici\u00f3n justa de los pa\u00edses del Sur global facilitando a los gobiernos poder planificar y financiar sus propios procesos de descarbonizaci\u00f3n sin obst\u00e1culos como la falta de fondos, disputas fronterizas, falta de tecnolog\u00eda o demandas de inversores. \u201cSe est\u00e1 convirtiendo en una caja de herramientas para poner tanto las medidas necesarias para poner fin a esos combustibles f\u00f3siles como se acord\u00f3 en Dubai como para acompa\u00f1arlo de una financiaci\u00f3n clim\u00e1tica adecuada\u201d, explica Andaluz.<\/p>\n<p>En la Cumbre Clim\u00e1tica de Bonn del pasado junio, uno de los eventos intermedios que han ido allanando el camino para la COP30, se avanz\u00f3 en un primer texto al respecto que, no obstante, \u201cincluye las mejores y las peores opciones\u201d, indica el experto de Ecologistas en Acci\u00f3n. \u201cQueda mucho trabajo a\u00fan, los bloqueos entre los pa\u00edses persisten y se repiten con la misma din\u00e1mica que se ve en otros temas\u201d. <\/p>\n<blockquote><p>La agenda de la Cumbre de los Pueblos concentrar\u00e1 en la primera semana de la COP, con una fecha de movilizaci\u00f3n internacional  global lanzada para el 15 de noviembre<\/p><\/blockquote>\n<p>En concreto, Andaluz destaca que, si bien los pa\u00edses ricos del Norte global exigen un programa de transici\u00f3n detallada, \u201cno quieren entrar en cuestiones vinculadas con la financiaci\u00f3n de todas estas medidas\u201d. En el lado opuesto, desde el sur hay un cierre de filas con posiciones contrarias, \u201cparticularmente con los pa\u00edses de la Organizaci\u00f3n de Pa\u00edses Exportadores de Petr\u00f3leo, que se niegan a que cualquier paquete sea prescriptivo y punitivo; o sea, no quieren saber nada de que nadie les fiscalice\u201d.<\/p>\n<p>En cualquier caso, desde la sociedad civil y las organizaciones estar\u00e1n vigilantes y, como viene siendo habitual, la COP acoger\u00e1 una contracumbre paralela, que en esta ocasi\u00f3n se llamar\u00e1 la Cumbre de los Pueblos. Su agenda se concentrar\u00e1 en la primera semana de la COP, particularmente entre los d\u00edas 12 y 16 de noviembre, con una fecha de movilizaci\u00f3n internacional global lanzada para el 15 de noviembre.<\/p>\n<p>Otro de sus momentos clave de esta cumbre paralela ser\u00e1 el 16 de noviembre, cuando sus demandas, recogidas en una amplio proceso de convergencia entre movimiento sociales, sindicatos y organizaciones de la sociedad civil que empez\u00f3 en agosto 2023, ser\u00e1n escuchadas en sesi\u00f3n plenaria de la COP de Alto Nivel.<\/p>\n","protected":false},"excerpt":{"rendered":"El mundo est\u00e1 cambiando a una velocidad de v\u00e9rtigo. 2024 super\u00f3 a 2023 como el a\u00f1o m\u00e1s c\u00e1lido&hellip;\n","protected":false},"author":2,"featured_media":228178,"comment_status":"","ping_status":"","sticky":false,"template":"","format":"standard","meta":{"footnotes":""},"categories":[42],"tags":[517,17,18,13,14,11,61,62,63,64,19,20,9,10,15,16,12,21,22,65,66,67],"class_list":{"0":"post-228177","1":"post","2":"type-post","3":"status-publish","4":"format-standard","5":"has-post-thumbnail","7":"category-internacional","8":"tag-actualidad","9":"tag-breaking-news","10":"tag-breakingnews","11":"tag-featured-news","12":"tag-featurednews","13":"tag-headlines","14":"tag-internacional","15":"tag-international","16":"tag-international-news","17":"tag-internationalnews","18":"tag-latest-news","19":"tag-latestnews","20":"tag-news","21":"tag-noticias","22":"tag-noticias-destacadas","23":"tag-noticiasdestacadas","24":"tag-titulares","25":"tag-ultimas-noticias","26":"tag-ultimasnoticias","27":"tag-world","28":"tag-world-news","29":"tag-worldnews"},"share_on_mastodon":{"url":"https:\/\/pubeurope.com\/@es\/115524368323484697","error":""},"_links":{"self":[{"href":"https:\/\/www.europesays.com\/es\/wp-json\/wp\/v2\/posts\/228177","targetHints":{"allow":["GET"]}}],"collection":[{"href":"https:\/\/www.europesays.com\/es\/wp-json\/wp\/v2\/posts"}],"about":[{"href":"https:\/\/www.europesays.com\/es\/wp-json\/wp\/v2\/types\/post"}],"author":[{"embeddable":true,"href":"https:\/\/www.europesays.com\/es\/wp-json\/wp\/v2\/users\/2"}],"replies":[{"embeddable":true,"href":"https:\/\/www.europesays.com\/es\/wp-json\/wp\/v2\/comments?post=228177"}],"version-history":[{"count":0,"href":"https:\/\/www.europesays.com\/es\/wp-json\/wp\/v2\/posts\/228177\/revisions"}],"wp:featuredmedia":[{"embeddable":true,"href":"https:\/\/www.europesays.com\/es\/wp-json\/wp\/v2\/media\/228178"}],"wp:attachment":[{"href":"https:\/\/www.europesays.com\/es\/wp-json\/wp\/v2\/media?parent=228177"}],"wp:term":[{"taxonomy":"category","embeddable":true,"href":"https:\/\/www.europesays.com\/es\/wp-json\/wp\/v2\/categories?post=228177"},{"taxonomy":"post_tag","embeddable":true,"href":"https:\/\/www.europesays.com\/es\/wp-json\/wp\/v2\/tags?post=228177"}],"curies":[{"name":"wp","href":"https:\/\/api.w.org\/{rel}","templated":true}]}}