{"id":228179,"date":"2025-11-10T08:05:10","date_gmt":"2025-11-10T08:05:10","guid":{"rendered":"https:\/\/www.europesays.com\/es\/228179\/"},"modified":"2025-11-10T08:05:10","modified_gmt":"2025-11-10T08:05:10","slug":"dana-valencia-cientos-de-vecinos-se-concentran-frente-a-les-corts-para-pedir-el-enjuiciamiento-de-mazon","status":"publish","type":"post","link":"https:\/\/www.europesays.com\/es\/228179\/","title":{"rendered":"Dana Valencia | Cientos de vecinos se concentran frente a les Corts para pedir el enjuiciamiento de Maz\u00f3n"},"content":{"rendered":"<p class=\"ft-text ft-helper-closenews\">Unas mil personas -cifra ofrecida por fuentes de la Delegaci\u00f3n del Gobierno en la Comunitat Valenciana- se han concentrado este domingo frente a <a class=\"ft-link ft-link--decoration\" href=\"https:\/\/www.levante-emv.com\/tags\/les-corts\/\" target=\"_blank\" rel=\"nofollow noopener\">las Corts<\/a> para <a class=\"ft-link ft-link--decoration\" href=\"https:\/\/www.levante-emv.com\/comunitat-valenciana\/2025\/11\/09\/manifestacion-29-noviembre-valencia-exigira-enjuiciamiento-mazon-dana-29-o-123533378.html\" target=\"_blank\" rel=\"nofollow noopener\"><strong>exigir que Maz\u00f3n sea enjuiciado<\/strong><\/a> por la gesti\u00f3n de la emergencia del 29-O. <strong>Rosa \u00c1lvarez<\/strong>, presidenta de la <strong>Asociaci\u00f3n de V\u00edctimas Mortales Dana 29-O<\/strong>, ha reclamado que \u00abuna vez coseguido el primer objetivo, que dimitiera Maz\u00f3n, ahora queremos que deje el acta de diputado y se someta a la justicia\u00bb.<\/p>\n<p class=\"ft-text\">\u00c1lvarez ha a\u00f1adido que las v\u00edctimas no van a permitir, <a class=\"ft-link ft-link--decoration\" href=\"https:\/\/www.levante-emv.com\/espana\/2025\/11\/04\/feijoo-abascal-valencia-mazon-123341578.html\" target=\"_blank\" rel=\"nofollow noopener\">en referencia a <\/a><a class=\"ft-link ft-link--decoration\" href=\"https:\/\/www.levante-emv.com\/espana\/2025\/11\/04\/feijoo-abascal-valencia-mazon-123341578.html\" target=\"_blank\" rel=\"nofollow noopener\"><strong>Abascal <\/strong><\/a><a class=\"ft-link ft-link--decoration\" href=\"https:\/\/www.levante-emv.com\/espana\/2025\/11\/04\/feijoo-abascal-valencia-mazon-123341578.html\" target=\"_blank\" rel=\"nofollow noopener\">y <\/a><a class=\"ft-link ft-link--decoration\" href=\"https:\/\/www.levante-emv.com\/espana\/2025\/11\/04\/feijoo-abascal-valencia-mazon-123341578.html\" target=\"_blank\" rel=\"nofollow noopener\"><strong>Feij\u00f3o<\/strong><\/a>, que \u00abdesde Madrid dos &#8216;se\u00f1oros&#8217; nos impongan un Consell\u00bb. Afirmaci\u00f3n ante la cual los manifestantes ha empezado a gritar \u00abvolem votar!\u00bb.<\/p>\n<p class=\"ft-text\">Los gritos m\u00e1s coreados han sido \u00abMaz\u00f3n a pres\u00f3, Consell dimissi\u00f3!\u00bb, \u00abNo s\u00f3n morts, s\u00f3n assassinats!\u00bb Y \u00ab\u00a1Susana Camarero nos lleva al matadero!\u00bb.<\/p>\n<p>\u00abNo estamos haciendo partidismo\u00bb<\/p>\n<p class=\"ft-text\"><strong>Maril\u00f3 Gradol\u00ed<\/strong>, portavoz de la Associaci\u00f3 de V\u00edctimes Dana 29 d\u2019octubre de 2024, ha destacado que \u00abno tenemos suficiente con la <a class=\"ft-link ft-link--decoration\" href=\"https:\/\/www.levante-emv.com\/comunitat-valenciana\/2025\/11\/03\/carlos-mazon-dimite-un-ano-despues-dana-29o-123295278.html\" target=\"_blank\" rel=\"nofollow noopener\">dimisi\u00f3n de Maz\u00f3n<\/a>, queremos que dimita todo el Consell, que abandon\u00f3 a su pueblo en el d\u00eda que m\u00e1s lo necesitaba\u00bb.<\/p>\n<p class=\"ft-text\">Los concentrados han exigido la <strong>reconstrucci\u00f3n de los colegios e institutos<\/strong> anegados por la &#8216;barrancada&#8217;, \u00abque un a\u00f1o despu\u00e9s a\u00fan <a class=\"ft-link ft-link--decoration\" href=\"https:\/\/www.levante-emv.com\/comunitat-valenciana\/2025\/09\/12\/vuelta-cole-medias-ultimos-barracones-dana-121476725.html\" target=\"_blank\" rel=\"nofollow noopener\">siguen en barracones<\/a>\u00ab, a lo que la multitud ha respondido coreando \u00abRovira dimissi\u00f3!\u00bb en referencia al conseller de Educaci\u00f3n, <strong>Jos\u00e9 Antonio Rovira<\/strong>.<\/p>\n<p class=\"ft-text\">Rosa \u00c1lvarez, entre l\u00e1grimas, ha dicho \u00abestar harta\u00bb de que <a class=\"ft-link ft-link--decoration\" href=\"https:\/\/www.levante-emv.com\/comunitat-valenciana\/2025\/11\/04\/sergio-alonso-pp-rosa-alvarez-insulta-cargo-psoe-123350186.html\" target=\"_blank\" rel=\"nofollow noopener\">acusen a las v\u00edctimas de estar politizadas<\/a>. \u00abNo nos vamos a quedar en casa llorando mientras ellos siguen haciendo pol\u00edticas que matan\u00bb<\/p>\n<p class=\"ft-text\">\u00abEstoy harta de que nos ataquen por decir que mataron a nuestros familiares, nosotros no estamos haciendo partidismo, cada cual que vote lo que quiera, que nosotros <strong>seguiremos denunciando la gesti\u00f3n de la emergencia que hizo el Consell el 29-O y los d\u00edas previos<\/strong>\u00ab, ha dicho.<\/p>\n<p class=\"ft-text\"><strong>Los manifestantes han depositado 231 rosas blancas<\/strong>, una por cada v\u00edctima a las puertas\u00a0de\u00a0les\u00a0Corts. Han se\u00f1alado que no van a parar \u00abhasta que Maz\u00f3n entregue el acta de diputado y se presente ante la jueza de Catarroja, que ya tarda\u00bb, ha dicho Beatriu Cardona,\u00a0del\u00a0Stepv.<\/p>\n<p data-close=\"closedContent\" class=\"subscribeHideForDisplay\">Suscr\u00edbete para seguir leyendo<\/p>\n","protected":false},"excerpt":{"rendered":"Unas mil personas -cifra ofrecida por fuentes de la Delegaci\u00f3n del Gobierno en la Comunitat Valenciana- se han&hellip;\n","protected":false},"author":2,"featured_media":228180,"comment_status":"","ping_status":"","sticky":false,"template":"","format":"standard","meta":{"footnotes":""},"categories":[8],"tags":[39024,17,18,2007,5762,60035,25,24,13,14,3419,11,49205,19,20,5087,1439,4177,9,10,15,16,10803,7602,23,12,21,22],"class_list":{"0":"post-228179","1":"post","2":"type-post","3":"status-publish","4":"format-standard","5":"has-post-thumbnail","7":"category-espana","8":"tag-afectados-dana","9":"tag-breaking-news","10":"tag-breakingnews","11":"tag-carlos-mazon","12":"tag-concentracion","13":"tag-corts","14":"tag-es","15":"tag-espana","16":"tag-featured-news","17":"tag-featurednews","18":"tag-frente","19":"tag-headlines","20":"tag-juicio-dana","21":"tag-latest-news","22":"tag-latestnews","23":"tag-manifestacion","24":"tag-mazon","25":"tag-multitudinaria","26":"tag-news","27":"tag-noticias","28":"tag-noticias-destacadas","29":"tag-noticiasdestacadas","30":"tag-pedir","31":"tag-protesta","32":"tag-spain","33":"tag-titulares","34":"tag-ultimas-noticias","35":"tag-ultimasnoticias"},"share_on_mastodon":{"url":"https:\/\/pubeurope.com\/@es\/115524372054852307","error":""},"_links":{"self":[{"href":"https:\/\/www.europesays.com\/es\/wp-json\/wp\/v2\/posts\/228179","targetHints":{"allow":["GET"]}}],"collection":[{"href":"https:\/\/www.europesays.com\/es\/wp-json\/wp\/v2\/posts"}],"about":[{"href":"https:\/\/www.europesays.com\/es\/wp-json\/wp\/v2\/types\/post"}],"author":[{"embeddable":true,"href":"https:\/\/www.europesays.com\/es\/wp-json\/wp\/v2\/users\/2"}],"replies":[{"embeddable":true,"href":"https:\/\/www.europesays.com\/es\/wp-json\/wp\/v2\/comments?post=228179"}],"version-history":[{"count":0,"href":"https:\/\/www.europesays.com\/es\/wp-json\/wp\/v2\/posts\/228179\/revisions"}],"wp:featuredmedia":[{"embeddable":true,"href":"https:\/\/www.europesays.com\/es\/wp-json\/wp\/v2\/media\/228180"}],"wp:attachment":[{"href":"https:\/\/www.europesays.com\/es\/wp-json\/wp\/v2\/media?parent=228179"}],"wp:term":[{"taxonomy":"category","embeddable":true,"href":"https:\/\/www.europesays.com\/es\/wp-json\/wp\/v2\/categories?post=228179"},{"taxonomy":"post_tag","embeddable":true,"href":"https:\/\/www.europesays.com\/es\/wp-json\/wp\/v2\/tags?post=228179"}],"curies":[{"name":"wp","href":"https:\/\/api.w.org\/{rel}","templated":true}]}}