{"id":228188,"date":"2025-11-10T08:17:08","date_gmt":"2025-11-10T08:17:08","guid":{"rendered":"https:\/\/www.europesays.com\/es\/228188\/"},"modified":"2025-11-10T08:17:08","modified_gmt":"2025-11-10T08:17:08","slug":"asi-sera-la-torre-de-merlin","status":"publish","type":"post","link":"https:\/\/www.europesays.com\/es\/228188\/","title":{"rendered":"as\u00ed ser\u00e1 la torre de Merlin"},"content":{"rendered":"<p class=\"c-paragraph\"><b>El &#8216;skyline&#8217; de Madrid <\/b>no se caracteriza por tener un gran n\u00famero de rascacielos <a href=\"https:\/\/www.20minutos.es\/madrid\/discoteca-madrid-que-puedes-salir-fiesta-un-vagon-metro-nueva-york_6662547_0.html\" rel=\"nofollow noopener\" target=\"_blank\">como Nueva York<\/a> o Londres, aunque a las ya emblem\u00e1ticas &#8216;Cinco Torres&#8217; se les unir\u00e1 <b>un nuevo edificio<\/b> que se alzar\u00e1 sobre la capital de Espa\u00f1a: <b>la Torre Merlin.<\/b> Esta nueva e impresionante construcci\u00f3n se unir\u00e1 al ic\u00f3nico horizonte madrile\u00f1o, y su edificaci\u00f3n se enmarca dentro de uno de los <b>proyectos urban\u00edsticos m\u00e1s importantes<\/b> de los \u00faltimos tiempos en la metr\u00f3poli.<\/p>\n<p class=\"c-paragraph\">Este <a href=\"https:\/\/www.20minutos.es\/noticia\/5718882\/0\/nuevo-rascacielos-lujo-barrio-salamanca-madrid\/\" rel=\"nofollow noopener\" target=\"_blank\">novedoso rascacielos<\/a> no ser\u00e1 tan gigantesco como Torre de Cristal y sus &#8216;hermanos&#8217;, aunque s\u00ed <b>rozar\u00e1 el centenar de metros de altura,<\/b> lo que le har\u00e1 entrar en el &#8216;Top-20&#8217; de los edificios m\u00e1s altos de todo Madrid. A pesar de que <b>todav\u00eda quedan algunos a\u00f1os<\/b> para verlo terminado, sin duda se trata de una de las obras m\u00e1s trascendentales que se llevar\u00e1n a cabo en la ciudad y que <b>cambiar\u00e1 para siempre el paisaje capitalino.<\/b><\/p>\n<p>La Torre Merlin, el rascacielos que se construir\u00e1 en Madrid<\/p>\n<p class=\"c-paragraph\">Esta torre estar\u00e1 dentro del <b>proyecto Madrid Nuevo Norte<\/b> y se ubicar\u00e1 en el parque empresarial Adequa. Esta megaconstrucci\u00f3n tendr\u00e1 casi 100 metros de altura y contar\u00e1 <b>con m\u00e1s de 20 plantas,<\/b> y llegar\u00e1 de la mano de la socimi Merlin Properties y de BOD Arquitectura e Ingenier\u00eda, que forma parte de la empresa canadiense WSP. Una vez est\u00e1 totalmente completado, tendr\u00e1 <b>unos 25.000 metros cuadrados de oficinas,<\/b> las cuales todav\u00eda no tienen propietario.<\/p>\n<p class=\"c-paragraph\">La inversi\u00f3n econ\u00f3mica para poder pasar del papel al plano real es de <b>unos 80 millones de euros. <\/b>El comienzo de las obras est\u00e1 previsto para el pr\u00f3ximo <b>a\u00f1o 2026,<\/b> aunque el plazo de finalizaci\u00f3n se extiende hasta<b> el 2029, <\/b>por lo que habr\u00e1 que esperar para poder ver acabado este nuevo rascacielos que se unir\u00e1 al resto de alt\u00edsimos edificios que hay en Madrid y que conforman una de las <b>vistas m\u00e1s c\u00e9lebres<\/b> de toda Espa\u00f1a.<\/p>\n<p class=\"c-paragraph\">Esta nueva &#8216;Torre Merlin&#8217; estar\u00e1 ubicada en el<b> distrito de Las Tablas<\/b> y se sumar\u00e1 a este descomunal complejo que <b>cambiar\u00e1 por completo el aspecto y la movilidad<\/b> en la zona m\u00e1s septentrional de la ciudad de Madrid. Este rascacielos es solo un elemento m\u00e1s de este proyecto de dimensiones monumentales que se est\u00e1 llevando a cabo en dicha zona de la capital de Espa\u00f1a, en el que habr\u00e1 desde <b>miles de viviendas y oficinas<\/b> junto a la <a href=\"https:\/\/www.20minutos.es\/madrid\/se-acabaron-las-pasarelas-chamartin-abre-paso-inferior-para-conectar-los-ave-con-calle-metro-cercanias_6515470_0.html\" rel=\"nofollow noopener\" target=\"_blank\">Estaci\u00f3n de Chamart\u00edn.<\/a> Eso s\u00ed, todav\u00eda faltan algunos a\u00f1os para que sea una realidad, pero ya va tomando forma.<\/p>\n","protected":false},"excerpt":{"rendered":"El &#8216;skyline&#8217; de Madrid no se caracteriza por tener un gran n\u00famero de rascacielos como Nueva York o&hellip;\n","protected":false},"author":2,"featured_media":228189,"comment_status":"","ping_status":"","sticky":false,"template":"","format":"standard","meta":{"footnotes":""},"categories":[173],"tags":[52585,229,233,231,230,5297,232,234,146,147,25,24,205,19932,59757,23,59756],"class_list":{"0":"post-228188","1":"post","2":"type-post","3":"status-publish","4":"format-standard","5":"has-post-thumbnail","7":"category-arte-y-diseno","8":"tag-20loc","9":"tag-arte","10":"tag-arte-y-diseno","11":"tag-arts","12":"tag-arts-and-design","13":"tag-construccion","14":"tag-design","15":"tag-diseno","16":"tag-entertainment","17":"tag-entretenimiento","18":"tag-es","19":"tag-espana","20":"tag-madrid","21":"tag-rascacielos","22":"tag-skyline","23":"tag-spain","24":"tag-torre-merlin"},"share_on_mastodon":{"url":"https:\/\/pubeurope.com\/@es\/115524419118620711","error":""},"_links":{"self":[{"href":"https:\/\/www.europesays.com\/es\/wp-json\/wp\/v2\/posts\/228188","targetHints":{"allow":["GET"]}}],"collection":[{"href":"https:\/\/www.europesays.com\/es\/wp-json\/wp\/v2\/posts"}],"about":[{"href":"https:\/\/www.europesays.com\/es\/wp-json\/wp\/v2\/types\/post"}],"author":[{"embeddable":true,"href":"https:\/\/www.europesays.com\/es\/wp-json\/wp\/v2\/users\/2"}],"replies":[{"embeddable":true,"href":"https:\/\/www.europesays.com\/es\/wp-json\/wp\/v2\/comments?post=228188"}],"version-history":[{"count":0,"href":"https:\/\/www.europesays.com\/es\/wp-json\/wp\/v2\/posts\/228188\/revisions"}],"wp:featuredmedia":[{"embeddable":true,"href":"https:\/\/www.europesays.com\/es\/wp-json\/wp\/v2\/media\/228189"}],"wp:attachment":[{"href":"https:\/\/www.europesays.com\/es\/wp-json\/wp\/v2\/media?parent=228188"}],"wp:term":[{"taxonomy":"category","embeddable":true,"href":"https:\/\/www.europesays.com\/es\/wp-json\/wp\/v2\/categories?post=228188"},{"taxonomy":"post_tag","embeddable":true,"href":"https:\/\/www.europesays.com\/es\/wp-json\/wp\/v2\/tags?post=228188"}],"curies":[{"name":"wp","href":"https:\/\/api.w.org\/{rel}","templated":true}]}}