{"id":228194,"date":"2025-11-10T08:22:09","date_gmt":"2025-11-10T08:22:09","guid":{"rendered":"https:\/\/www.europesays.com\/es\/228194\/"},"modified":"2025-11-10T08:22:09","modified_gmt":"2025-11-10T08:22:09","slug":"cadiz-valladolid-minuto-a-minuto","status":"publish","type":"post","link":"https:\/\/www.europesays.com\/es\/228194\/","title":{"rendered":"C\u00e1diz &#8211; Valladolid, minuto a minuto"},"content":{"rendered":"<p>El C\u00e1diz mantiene la sexta plaza de la clasificaci\u00f3n de Segunda Divisi\u00f3n y <strong>sigue en promoci\u00f3n de ascenso pese a haber empatado a cero en casa ante el Valladolid este domingo en el estadio Nuevo Mirandilla.<\/strong><br \/>Los pucelanos, que con un triunfo habr\u00edan superado a los gaditanos en la tabla, se colocan s\u00e9ptimos, a un punto de ellos.<\/p>\n<p>El C\u00e1diz sali\u00f3 dominador al inicio de la primera parte, con un juego r\u00e1pido y vistoso encabezado por el uruguayo Brian Ocampo y el gaditano Jes\u00fas Fern\u00e1ndez \u2018Suso\u2019.<br \/><strong>El \u00e1rbitro del encuentro, Luis Bestard, anul\u00f3 un gol del georgiano Iuri Tabatadze por fuera de juego posicional de \u00c1lvaro Garc\u00eda Pascual (m.7).<\/strong><\/p>\n<p>El juego estuvo nivelado a partir de los quince primeros minutos, con un f\u00fatbol homog\u00e9neo que hizo desaparecer de las \u00e1reas las jugadas de peligro.<\/p>\n<p>En la \u00faltima jugada de la primera parte, el guardameta visitante Guilherme realiz\u00f3 una gran parada a remate de Garc\u00eda Pascual.<br \/><strong>Tras la reanudaci\u00f3n, no tard\u00f3 el C\u00e1diz en disponer de otra oportunidad, en un chut de Tabatadze desde el interior del \u00e1rea pucelana que rechaz\u00f3 el portero (m.50).<\/strong><br \/>En los siguientes minutos, los ataques de ambos equipos fueron cercenados por las defensas adversarias.<br \/>Hubo que esperar hasta el minuto 70 para ver alguna nueva ocasi\u00f3n, en un disparo a la media vuelta de Biuk que se march\u00f3 alto.<br \/>Las oportunidades de gol brillaron por su ausencia en este periodo y ni siquiera a bal\u00f3n parado fueron capaces los dos equipos de asustar al contrincante, con lo que el partido finaliz\u00f3 con el empate inicial.<br \/><strong\/><\/p>\n<p><strong>Ficha t\u00e9cnica:<\/strong><br \/>0 &#8211; C\u00e1diz: Aznar; Caicedo, Kovacevic, Recio, Climent; Diakit\u00e9, Ortu\u00f1o (Joaqu\u00edn, m.46), Suso (Ontiveros, m.67), Ocampo (De la Rosa, m.67), Tabatadze (Aghama, m.79); y Garc\u00eda Pascual (Roger, m.74).<br \/>0 &#8211; Valladolid: Guilherme; Alejo, Tomeo, Torres, Bueno; Peter (Biuk, m.56), Juric, Ponceau, Amath; Marcos Andr\u00e9 (Chuki, m.56) y Delgado (Arnu, m.91). <br \/>\u00c1rbitro: Bestard Servera (comit\u00e9 balear). Amonest\u00f3 por el C\u00e1diz con cartulina amarilla a Ortu\u00f1o (m.24), Climent (m.37), Ocampo (m.39), Kovacevic (m.44), al entrenador local, Gaizka Garitano (m.53), Joaqu\u00edn (m.59) y Caicedo (m.76) y por el Valladolid, a Chuki (m.91).<br \/>Incidencias: Partido de la jornada 13 de Segunda Divisi\u00f3n, disputado en el estadio Nuevo Mirandilla ante unos trece mil espectadores. Se guard\u00f3 un minuto de silencio en memoria del exentrenador del C\u00e1diz Colin Addison<\/p>\n","protected":false},"excerpt":{"rendered":"El C\u00e1diz mantiene la sexta plaza de la clasificaci\u00f3n de Segunda Divisi\u00f3n y sigue en promoci\u00f3n de ascenso&hellip;\n","protected":false},"author":2,"featured_media":228195,"comment_status":"","ping_status":"","sticky":false,"template":"","format":"standard","meta":{"footnotes":""},"categories":[93],"tags":[60037,168,25,24,3600,23,167],"class_list":{"0":"post-228194","1":"post","2":"type-post","3":"status-publish","4":"format-standard","5":"has-post-thumbnail","7":"category-deportes","8":"tag-cadiz-valladolid","9":"tag-deportes","10":"tag-es","11":"tag-espana","12":"tag-minuto-a-minuto","13":"tag-spain","14":"tag-sports"},"share_on_mastodon":{"url":"https:\/\/pubeurope.com\/@es\/115524438819040642","error":""},"_links":{"self":[{"href":"https:\/\/www.europesays.com\/es\/wp-json\/wp\/v2\/posts\/228194","targetHints":{"allow":["GET"]}}],"collection":[{"href":"https:\/\/www.europesays.com\/es\/wp-json\/wp\/v2\/posts"}],"about":[{"href":"https:\/\/www.europesays.com\/es\/wp-json\/wp\/v2\/types\/post"}],"author":[{"embeddable":true,"href":"https:\/\/www.europesays.com\/es\/wp-json\/wp\/v2\/users\/2"}],"replies":[{"embeddable":true,"href":"https:\/\/www.europesays.com\/es\/wp-json\/wp\/v2\/comments?post=228194"}],"version-history":[{"count":0,"href":"https:\/\/www.europesays.com\/es\/wp-json\/wp\/v2\/posts\/228194\/revisions"}],"wp:featuredmedia":[{"embeddable":true,"href":"https:\/\/www.europesays.com\/es\/wp-json\/wp\/v2\/media\/228195"}],"wp:attachment":[{"href":"https:\/\/www.europesays.com\/es\/wp-json\/wp\/v2\/media?parent=228194"}],"wp:term":[{"taxonomy":"category","embeddable":true,"href":"https:\/\/www.europesays.com\/es\/wp-json\/wp\/v2\/categories?post=228194"},{"taxonomy":"post_tag","embeddable":true,"href":"https:\/\/www.europesays.com\/es\/wp-json\/wp\/v2\/tags?post=228194"}],"curies":[{"name":"wp","href":"https:\/\/api.w.org\/{rel}","templated":true}]}}