{"id":228198,"date":"2025-11-10T08:24:08","date_gmt":"2025-11-10T08:24:08","guid":{"rendered":"https:\/\/www.europesays.com\/es\/228198\/"},"modified":"2025-11-10T08:24:08","modified_gmt":"2025-11-10T08:24:08","slug":"quiere-entrar-en-la-isla-de-las-tentaciones","status":"publish","type":"post","link":"https:\/\/www.europesays.com\/es\/228198\/","title":{"rendered":"\u00abQuiere entrar en &#8216;La isla de las tentaciones&#8217;\u00bb"},"content":{"rendered":"<p>El exfutbolista del <a href=\"https:\/\/www.ultimahora.es\/etiqueta\/Real+Mallorca.html?utm_source=Inline-tag&amp;utm_medium=internal\" rel=\"nofollow noopener\" target=\"_blank\">Real Mallorca<\/a> <strong><a href=\"https:\/\/www.ultimahora.es\/etiqueta\/Dani+G%C3%BCiza.html?utm_source=Inline-tag&amp;utm_medium=internal\" rel=\"nofollow noopener\" target=\"_blank\">Dani G\u00fciza<\/a> ha decidido romper su silencio<\/strong> tras meses de controversia familiar. En una conversaci\u00f3n exclusiva con el programa &#8216;Fiesta&#8217; a trav\u00e9s del periodista Sa\u00fal Ortiz, G\u00fciza ha lanzado duras acusaciones contra su hijo Cristian y varias de sus exparejas. El que fuera delantero de la selecci\u00f3n espa\u00f1ola ha sorprendido con unas declaraciones donde <strong>acusa a su primog\u00e9nito de querer aprovecharse econ\u00f3micamente<\/strong> de \u00e9l y buscar fama en programas de telerrealidad.<\/p>\n<p>Seg\u00fan revel\u00f3 Sa\u00fal Ortiz durante la emisi\u00f3n del programa, G\u00fciza ha manifestado que su hijo Cristian solo busca notoriedad medi\u00e1tica: \u00abA mi hijo siempre le hemos pagado todo, le he pagado dos carreras, pero lleg\u00f3 un d\u00eda y me dijo que no quer\u00eda seguir estudiando, que se quer\u00eda dedicar a la tele\u00bb. El exfutbolista ha sido contundente al afirmar que <strong>su hijo \u00abquiere dinero y hacerse famoso\u00bb<\/strong>, a\u00f1adiendo que \u00abquer\u00eda entrar en &#8216;<a href=\"https:\/\/www.ultimahora.es\/etiqueta\/la+isla+de+las+tentaciones.html?utm_source=Inline-tag&amp;utm_medium=internal\" rel=\"nofollow noopener\" target=\"_blank\">La isla de las tentaciones<\/a>&#8216; o ser un gran hermano\u00bb. Estas declaraciones han provocado un fuerte impacto, especialmente porque Cristian se encontraba presente en el plat\u00f3 cuando se emitieron.<\/p>\n<p>La respuesta del joven no se ha hecho esperar, explicando que tras su anterior aparici\u00f3n televisiva, recibi\u00f3 una llamada de su padre que apenas dur\u00f3 un minuto: \u00abLo que me dijo es que yo desde ese momento estaba muerto para \u00e9l y que \u00e9l lo estaba para m\u00ed. Vengo aqu\u00ed a pedir cari\u00f1o y lo que recibo es esto\u00bb, declar\u00f3 <strong>visiblemente afectado por las palabras de su progenitor<\/strong>.<\/p>\n<p>El conflicto con Nuria Berm\u00fadez y sus acusaciones<\/p>\n<p>Pero Dani G\u00fciza no se ha limitado a criticar a su hijo mayor. El exfutbolista tambi\u00e9n ha dirigido <strong>duras palabras contra <a href=\"https:\/\/www.ultimahora.es\/etiqueta\/Nuria+Berm%C3%BAdez.html?utm_source=Inline-tag&amp;utm_medium=internal\" rel=\"nofollow noopener\" target=\"_blank\">Nuria Berm\u00fadez<\/a>, madre de su segundo hijo<\/strong> y con quien mantuvo una turbulenta relaci\u00f3n. En sus declaraciones, G\u00fciza ha acusado a Berm\u00fadez de orquestar una campa\u00f1a para da\u00f1ar su imagen: \u00abNuria est\u00e1 moviendo todo su c\u00edrculo para hundir mi imagen, es lo que lleva haciendo 18 a\u00f1os, mi mujer y yo no podemos consentir ya m\u00e1s este acoso y derribo\u00bb.<\/p>\n<p>Seg\u00fan la versi\u00f3n ofrecida por el exdelantero, Berm\u00fadez estar\u00eda utilizando a Cristian como parte de su estrategia: \u00abMe dijo que me iba a hundir la imagen y lo ha hecho, y para ello est\u00e1 utilizando a mi hijo Cristian. Ella es la persona que le ha dicho a Cristian lo que ten\u00eda que hacer para entrar en el tema reality\u00bb. G\u00fciza ha sido especialmente duro en su caracterizaci\u00f3n de Berm\u00fadez, afirmando que <strong>\u00abella es lo peor que me ha pasado en la vida\u00bb<\/strong> y a\u00f1adiendo: \u00abNuria era conocida por acostarse con futbolistas, no ha sido mi representante en ning\u00fan momento\u00bb.<\/p>\n<p>Roc\u00edo Aranda y su entrevista reveladora<\/p>\n<p>En este complejo escenario familiar, Roc\u00edo Aranda, primera esposa de G\u00fciza y madre de Cristian, tambi\u00e9n ha concedido una entrevista a &#8216;Fiesta&#8217; a trav\u00e9s del colaborador Kike Calleja. Tras a\u00f1os alejada del foco medi\u00e1tico, Aranda ha hablado sin rodeos sobre <strong>los a\u00f1os de enfrentamientos con el exfutbolista del Real Mallorca<\/strong>. En sus declaraciones, ha expresado su profunda decepci\u00f3n: \u00abA m\u00ed Dani me ha decepcionado en todos los sentidos posibles, como marido, como padre, como persona\u00bb.<\/p>\n<p>Uno de los momentos m\u00e1s emotivos de la entrevista se produjo cuando Aranda record\u00f3 c\u00f3mo G\u00fciza obtuvo la custodia de su hijo: \u00abQue me quitara a mi hijo es algo que no le voy a perdonar nunca, a mi hijo s\u00ed que se lo perdono, pero a \u00e9l no\u00bb. Este episodio parece haber <strong>marcado profundamente la relaci\u00f3n entre los tres implicados<\/strong>, contribuyendo al distanciamiento que ahora se ha hecho p\u00fablico.<\/p>\n<p>La trayectoria de Dani G\u00fciza: del \u00e9xito futbol\u00edstico a las pol\u00e9micas personales<\/p>\n<p>Dani G\u00fciza, nacido en Jerez de la Frontera en 1980, alcanz\u00f3 la cima de su carrera deportiva durante su etapa en el Real Mallorca (2007-2008), donde <strong>se proclam\u00f3 Pichichi de La Liga con 27 goles<\/strong>. Este rendimiento le vali\u00f3 ser convocado con la selecci\u00f3n espa\u00f1ola, con la que conquist\u00f3 la Eurocopa de 2008. Posteriormente fich\u00f3 por el Fenerbah\u00e7e turco, aunque nunca volvi\u00f3 a alcanzar el mismo nivel futbol\u00edstico.<\/p>\n<p>Su vida personal ha estado marcada por relaciones turbulentas y conflictos familiares que han ocupado numerosos titulares en la prensa del coraz\u00f3n. Su matrimonio con Roc\u00edo Aranda, del que naci\u00f3 su hijo Cristian, termin\u00f3 en divorcio, y <strong>posteriormente mantuvo una medi\u00e1tica relaci\u00f3n con Nuria Berm\u00fadez<\/strong>, quien ejerci\u00f3 brevemente como su representante y es madre de su segundo hijo. En la actualidad, G\u00fciza est\u00e1 casado con Mari\u00e1n G\u00f3mez, con quien tiene un tercer hijo.<\/p>\n<p>\u00bfQu\u00e9 papel juegan los realities en este conflicto familiar?<\/p>\n<p>Uno de los aspectos m\u00e1s llamativos de esta disputa es la menci\u00f3n a los programas de telerrealidad. Seg\u00fan las acusaciones de Dani G\u00fciza, <strong>su hijo Cristian estar\u00eda buscando participar en formatos como &#8216;La isla de las tentaciones&#8217;<\/strong>, algo que el exfutbolista ve como una traici\u00f3n a los valores que intent\u00f3 inculcarle. Este elemento a\u00f1ade una dimensi\u00f3n contempor\u00e1nea al conflicto, reflejando c\u00f3mo la fama televisiva y las redes sociales pueden convertirse en factores de tensi\u00f3n intergeneracional.<\/p>\n<p>La industria del entretenimiento y los realities show han transformado el panorama medi\u00e1tico espa\u00f1ol en los \u00faltimos a\u00f1os, creando nuevas v\u00edas para alcanzar notoriedad p\u00fablica. Para j\u00f3venes como Cristian, <strong>con apellidos conocidos, estos programas pueden suponer una tentadora puerta<\/strong> de entrada al mundo del espect\u00e1culo, algo que choca frontalmente con la visi\u00f3n m\u00e1s tradicional que parece defender su padre.<\/p>\n<p>Consecuencias de los conflictos familiares p\u00fablicos<\/p>\n<p>Este caso pone de manifiesto las complejas din\u00e1micas que se generan cuando los conflictos familiares trascienden al \u00e1mbito p\u00fablico. La exposici\u00f3n medi\u00e1tica puede <strong>amplificar las tensiones y dificultar cualquier intento de reconciliaci\u00f3n<\/strong>, especialmente cuando las partes implicadas utilizan los medios de comunicaci\u00f3n para lanzarse acusaciones mutuas.<\/p>\n<p>Los expertos en psicolog\u00eda familiar se\u00f1alan que estos enfrentamientos p\u00fablicos suelen tener consecuencias negativas para todos los implicados, pero especialmente para los hijos. En el caso de Cristian G\u00fciza, quien ha crecido bajo el escrutinio p\u00fablico por ser hijo de un futbolista famoso, <strong>la ruptura p\u00fablica con su padre podr\u00eda suponer un impacto emocional significativo<\/strong>, independientemente de las motivaciones que cada uno pueda tener.<\/p>\n<p>\u00bfQu\u00e9 futuro tiene la relaci\u00f3n entre Dani G\u00fciza y su hijo?<\/p>\n<p>Tras estas declaraciones cruzadas, muchos se preguntan si existe posibilidad de reconciliaci\u00f3n entre Dani G\u00fciza y su hijo Cristian. Las palabras del exfutbolista sugieren un distanciamiento profundo, llegando a afirmar que <strong>\u00abno quiero saber nada m\u00e1s de \u00e9l porque s\u00e9 que est\u00e1 muy metido en este mundo\u00bb<\/strong>, en referencia al entorno televisivo.<\/p>\n<p>Por su parte, Cristian ha manifestado que acude a los plat\u00f3s \u00aba pedir cari\u00f1o\u00bb, lo que podr\u00eda interpretarse como un intento de reconexi\u00f3n con su padre a trav\u00e9s de los medios. Sin embargo, la estrategia parece haber tenido el efecto contrario, ahondando m\u00e1s la brecha entre ambos. Los pr\u00f3ximos meses ser\u00e1n determinantes para ver si <strong>este conflicto familiar encuentra v\u00edas de soluci\u00f3n o contin\u00faa escalando<\/strong> en el terreno medi\u00e1tico.<\/p>\n","protected":false},"excerpt":{"rendered":"El exfutbolista del Real Mallorca Dani G\u00fciza ha decidido romper su silencio tras meses de controversia familiar. En&hellip;\n","protected":false},"author":2,"featured_media":228199,"comment_status":"","ping_status":"","sticky":false,"template":"","format":"standard","meta":{"footnotes":""},"categories":[91],"tags":[5233,60038,146,147,25,24,12648,14194,60039,25283,25281,25282,14023,23],"class_list":{"0":"post-228198","1":"post","2":"type-post","3":"status-publish","4":"format-standard","5":"has-post-thumbnail","7":"category-entretenimiento","8":"tag-audiencias-um","9":"tag-dani-guiza","10":"tag-entertainment","11":"tag-entretenimiento","12":"tag-es","13":"tag-espana","14":"tag-ia-news","15":"tag-la-isla-de-las-tentaciones","16":"tag-nuria-bermudez","17":"tag-parejas-de-famosos","18":"tag-prensa-rosa","19":"tag-quiosco-rosa","20":"tag-real-mallorca","21":"tag-spain"},"share_on_mastodon":{"url":"https:\/\/pubeurope.com\/@es\/115524446876779512","error":""},"_links":{"self":[{"href":"https:\/\/www.europesays.com\/es\/wp-json\/wp\/v2\/posts\/228198","targetHints":{"allow":["GET"]}}],"collection":[{"href":"https:\/\/www.europesays.com\/es\/wp-json\/wp\/v2\/posts"}],"about":[{"href":"https:\/\/www.europesays.com\/es\/wp-json\/wp\/v2\/types\/post"}],"author":[{"embeddable":true,"href":"https:\/\/www.europesays.com\/es\/wp-json\/wp\/v2\/users\/2"}],"replies":[{"embeddable":true,"href":"https:\/\/www.europesays.com\/es\/wp-json\/wp\/v2\/comments?post=228198"}],"version-history":[{"count":0,"href":"https:\/\/www.europesays.com\/es\/wp-json\/wp\/v2\/posts\/228198\/revisions"}],"wp:featuredmedia":[{"embeddable":true,"href":"https:\/\/www.europesays.com\/es\/wp-json\/wp\/v2\/media\/228199"}],"wp:attachment":[{"href":"https:\/\/www.europesays.com\/es\/wp-json\/wp\/v2\/media?parent=228198"}],"wp:term":[{"taxonomy":"category","embeddable":true,"href":"https:\/\/www.europesays.com\/es\/wp-json\/wp\/v2\/categories?post=228198"},{"taxonomy":"post_tag","embeddable":true,"href":"https:\/\/www.europesays.com\/es\/wp-json\/wp\/v2\/tags?post=228198"}],"curies":[{"name":"wp","href":"https:\/\/api.w.org\/{rel}","templated":true}]}}