{"id":228204,"date":"2025-11-10T08:27:09","date_gmt":"2025-11-10T08:27:09","guid":{"rendered":"https:\/\/www.europesays.com\/es\/228204\/"},"modified":"2025-11-10T08:27:09","modified_gmt":"2025-11-10T08:27:09","slug":"aun-estamos-muy-lejos-para-conseguir-estabilizar-el-aumento-de-temperatura","status":"publish","type":"post","link":"https:\/\/www.europesays.com\/es\/228204\/","title":{"rendered":"A\u00fan estamos muy lejos para conseguir estabilizar el aumento de temperatura"},"content":{"rendered":"<p>Hablamos con Olga Alcaraz, f\u00edsica e invetigadora en la Universidad Polit\u00e9cnica de Catalu\u00f1a<\/p>\n<p>Esta semana se celebra la <strong>COP30, la primera cumbre del clima de Naciones Unidas organizada en el Amazonas.<\/strong> Las negociaciones tienen lugar en Brasil, en la ciudad de Bel\u00e9m, donde desemboca el r\u00edo m\u00e1s caudaloso del mundo. En &#8216;Las Ma\u00f1anas de RNE&#8217; hablamos con <strong>Olga Alcaraz, f\u00edsica e investigadora en la Universitat Polit\u00e8cnica de Catalunya, que dirige el Grupo de Gobernanza del Cambio Clim\u00e1tico: <\/strong>\u00abEstamos avanzando, pero a\u00fan estamos muy lejos de ir al ritmo que deber\u00edamos llevar para conseguir estabilizar el aumento de temperatura\u00bb.<\/p>\n<p>Respecto a <strong>terminar<\/strong> con los <strong>combustibles f\u00f3siles, la investigadora cree que \u00ablos avances son muy lentos\u00bb<\/strong> y adem\u00e1s se\u00f1ala que \u00ab<strong>en la COP tenemos muchos pa\u00edses productores de petr\u00f3leo<\/strong> y que est\u00e1n haciendo lo imposible para intentar frenar, paralizar cualquier acuerdo, cualquier menci\u00f3n a los combustibles f\u00f3siles\u00bb. <\/p>\n","protected":false},"excerpt":{"rendered":"Hablamos con Olga Alcaraz, f\u00edsica e invetigadora en la Universidad Polit\u00e9cnica de Catalu\u00f1a Esta semana se celebra la&hellip;\n","protected":false},"author":2,"featured_media":228205,"comment_status":"","ping_status":"","sticky":false,"template":"","format":"standard","meta":{"footnotes":""},"categories":[42],"tags":[60040,17,18,13,14,11,61,62,63,64,33005,19,20,9,10,15,16,133,1448,1986,1987,12,21,22,65,66,67],"class_list":{"0":"post-228204","1":"post","2":"type-post","3":"status-publish","4":"format-standard","5":"has-post-thumbnail","7":"category-internacional","8":"tag-aun-estamos-muy-lejos-para-conseguir-estabilizar-el-aumento-de-temperatura","9":"tag-breaking-news","10":"tag-breakingnews","11":"tag-featured-news","12":"tag-featurednews","13":"tag-headlines","14":"tag-internacional","15":"tag-international","16":"tag-international-news","17":"tag-internationalnews","18":"tag-las-mananas-de-rne","19":"tag-latest-news","20":"tag-latestnews","21":"tag-news","22":"tag-noticias","23":"tag-noticias-destacadas","24":"tag-noticiasdestacadas","25":"tag-online","26":"tag-radio","27":"tag-rne","28":"tag-rtve-play","29":"tag-titulares","30":"tag-ultimas-noticias","31":"tag-ultimasnoticias","32":"tag-world","33":"tag-world-news","34":"tag-worldnews"},"share_on_mastodon":{"url":"","error":"Validation failed: Text character limit of 500 exceeded"},"_links":{"self":[{"href":"https:\/\/www.europesays.com\/es\/wp-json\/wp\/v2\/posts\/228204","targetHints":{"allow":["GET"]}}],"collection":[{"href":"https:\/\/www.europesays.com\/es\/wp-json\/wp\/v2\/posts"}],"about":[{"href":"https:\/\/www.europesays.com\/es\/wp-json\/wp\/v2\/types\/post"}],"author":[{"embeddable":true,"href":"https:\/\/www.europesays.com\/es\/wp-json\/wp\/v2\/users\/2"}],"replies":[{"embeddable":true,"href":"https:\/\/www.europesays.com\/es\/wp-json\/wp\/v2\/comments?post=228204"}],"version-history":[{"count":0,"href":"https:\/\/www.europesays.com\/es\/wp-json\/wp\/v2\/posts\/228204\/revisions"}],"wp:featuredmedia":[{"embeddable":true,"href":"https:\/\/www.europesays.com\/es\/wp-json\/wp\/v2\/media\/228205"}],"wp:attachment":[{"href":"https:\/\/www.europesays.com\/es\/wp-json\/wp\/v2\/media?parent=228204"}],"wp:term":[{"taxonomy":"category","embeddable":true,"href":"https:\/\/www.europesays.com\/es\/wp-json\/wp\/v2\/categories?post=228204"},{"taxonomy":"post_tag","embeddable":true,"href":"https:\/\/www.europesays.com\/es\/wp-json\/wp\/v2\/tags?post=228204"}],"curies":[{"name":"wp","href":"https:\/\/api.w.org\/{rel}","templated":true}]}}