{"id":22821,"date":"2025-08-03T13:06:10","date_gmt":"2025-08-03T13:06:10","guid":{"rendered":"https:\/\/www.europesays.com\/es\/22821\/"},"modified":"2025-08-03T13:06:10","modified_gmt":"2025-08-03T13:06:10","slug":"entramos-en-el-manantial-la-casa-de-verano-de-ana-obregon-en-mallorca-con-siete-dormitorios-y-dos-accesos-al-mar","status":"publish","type":"post","link":"https:\/\/www.europesays.com\/es\/22821\/","title":{"rendered":"Entramos en &#8216;El Manantial&#8217;, la casa de verano de Ana Obreg\u00f3n en Mallorca con siete dormitorios y dos accesos al mar"},"content":{"rendered":"<p><strong><a href=\"https:\/\/www.ultimahora.es\/etiqueta\/Ana+Obreg%C3%B3n.html?utm_source=Inline-tag&amp;utm_medium=internal\" rel=\"nofollow noopener\" target=\"_blank\">Ana Obreg\u00f3n<\/a><\/strong> es una de las grandes embajadoras de Mallorca, donde veranea desde hace cincuenta a\u00f1os en la Costa de los Pinos. Para la bi\u00f3loga y presentadora, esta mansi\u00f3n representa mucho m\u00e1s que una simple casa de verano; es un aut\u00e9ntico<strong> refugio personal<\/strong> donde ha experimentado momentos de alegr\u00eda y tristeza, pero donde siempre ha encontrado confort y tranquilidad. Ahora la actriz disfruta de esta emblem\u00e1tica mansi\u00f3n junto a su nieta Ana Sandra, continuando as\u00ed con una tradici\u00f3n familiar que se remonta a varias d\u00e9cadas.<\/p>\n<p>La propiedad, que cuenta con m\u00e1s de <strong>1.000 metros cuadrados de construcci\u00f3n sobre un terreno<\/strong> de 8.000 metros cuadrados, fue edificada por Antonio Garc\u00eda Fern\u00e1ndez, padre de Ana Obreg\u00f3n y reconocido empresario y constructor. Tras el fallecimiento del patriarca, la mansi\u00f3n pas\u00f3 a manos de sus herederos, entre los que se encuentra la popular presentadora. Ubicada en un enclave privilegiado, esta residencia ha sido testigo de numerosos posados veraniegos de la polifac\u00e9tica Ana Obreg\u00f3n, tanto en su salida privada a la playa como en la piscina del chalet.<\/p>\n<p>De hecho, muchas de las <strong>ic\u00f3nicas fotograf\u00edas estivales de la presentadora <\/strong>tienen como escenario este paradis\u00edaco rinc\u00f3n mallorqu\u00edn, convirti\u00e9ndose en im\u00e1genes que han marcado \u00e9poca en las revistas del coraz\u00f3n espa\u00f1olas durante d\u00e9cadas. El nombre de esta espectacular propiedad no es casualidad. &#8216;El Manantial&#8217; debe su denominaci\u00f3n a una particularidad que la hace \u00fanica en toda la urbanizaci\u00f3n: <strong>es el \u00fanico terreno que dispone de pozo<\/strong> de agua propio con una calidad excepcional. Este detalle, que podr\u00eda parecer anecd\u00f3tico, representa una ventaja considerable en una isla donde el agua es un bien preciado, especialmente durante los meses estivales.<\/p>\n<p><img loading=\"lazy\" decoding=\"async\" src=\"https:\/\/www.europesays.com\/es\/wp-content\/uploads\/2025\/08\/3416247.jpg\" border=\"0\" alt=\"MALLORCA - Ana Obreg\u00c3\u00b3n PONE A LA VENTA LA CASA DE MALLORCA.El chalet de verano de la familia en Costa de los Pinos se oferta e\" width=\"1110\" height=\"728\"\/>&#13;<br \/>\nImagen de archivo de la entrada.&#13;<\/p>\n<p>Construida hace cinco d\u00e9cadas, la vivienda se dise\u00f1\u00f3 siguiendo un <strong>estilo mediterr\u00e1neo que aprovecha al m\u00e1ximo la luz<\/strong> natural caracter\u00edstica de las Baleares. Para su construcci\u00f3n se emplearon materiales de primera calidad, propios de la \u00e9poca, que han resistido magn\u00edficamente el paso del tiempo. El inmueble conserva su est\u00e9tica original de los a\u00f1os 70, predominando los colores blanco y azul turquesa que evocan la esencia mediterr\u00e1nea. Entre sus caracter\u00edsticas m\u00e1s destacadas se encuentran sus <strong>siete amplios dormitorios, todos ellos con ba\u00f1o<\/strong> incluido, aseo, una cocina completamente equipada y un impresionante sal\u00f3n comedor con acceso directo a la piscina.<\/p>\n<p>La vivienda cuenta adem\u00e1s con una terraza que incluye zona chill out, perfecta para las veladas estivales. La extensi\u00f3n exterior no es menos impresionante: una terraza de 250 m\u00b2, una pista habilitada para el aterrizaje de helic\u00f3pteros, un embarcadero y un sol\u00e1rium. Una de las caracter\u00edsticas m\u00e1s exclusivas de &#8216;El Manantial&#8217; es <strong>su doble acceso privado al mar Mediterr\u00e1neo<\/strong>. Por un lado, la propiedad cuenta con una salida directa a la peque\u00f1a y recogida playa de El Rajol\u00ed, un rinc\u00f3n paradis\u00edaco donde la familia ha disfrutado de momentos de privacidad lejos de miradas indiscretas. Por otro lado, dispone de un peque\u00f1o embarcadero de car\u00e1cter privado, que facilita las salidas n\u00e1uticas sin necesidad de desplazarse a puertos cercanos. La vegetaci\u00f3n es otro de los puntos fuertes de esta propiedad.<\/p>\n<p>El jard\u00edn est\u00e1 poblado por <strong>numerosos granados y pinos aut\u00f3ctonos que proporcionan<\/strong> sombra natural y contribuyen a crear un ambiente fresco y acogedor incluso en los d\u00edas m\u00e1s calurosos del verano mallorqu\u00edn. Esta vegetaci\u00f3n, cuidadosamente mantenida a lo largo de los a\u00f1os, aporta privacidad y encanto a todo el conjunto. Durante las d\u00e9cadas de los 80 y 90, la urbanizaci\u00f3n de Costa de los Pinos se convirti\u00f3 en el <strong>destino predilecto de la alta sociedad madrile\u00f1a<\/strong> para sus vacaciones estivales. Empresarios de \u00e9xito, personalidades adineradas y rostros conocidos eleg\u00edan este enclave mallorqu\u00edn para adquirir sus residencias de verano, atra\u00eddos por su exclusividad y belleza natural.<\/p>\n<p>En aquellos a\u00f1os, las glamurosas fiestas veraniegas eran habituales en los jardines y terrazas frente al mar de estas lujosas propiedades. Sin embargo, el panorama ha cambiado significativamente en los \u00faltimos a\u00f1os. En la actualidad, <strong>muchas de aquellas mansiones han sido vendidas<\/strong> a compradores extranjeros, siguiendo la tendencia general del mercado inmobiliario de lujo en Baleares. Los pocos propietarios originales que a\u00fan conservan sus viviendas empiezan a plantearse la posibilidad de venderlas, lo que podr\u00eda transformar definitivamente el perfil sociocultural de esta exclusiva urbanizaci\u00f3n.<\/p>\n","protected":false},"excerpt":{"rendered":"Ana Obreg\u00f3n es una de las grandes embajadoras de Mallorca, donde veranea desde hace cincuenta a\u00f1os en la&hellip;\n","protected":false},"author":2,"featured_media":22822,"comment_status":"","ping_status":"","sticky":false,"template":"","format":"standard","meta":{"footnotes":""},"categories":[174],"tags":[13318,5233,255,146,147,25,24,256,12648,2088,492,23,2922,12645,1529,12646,12647],"class_list":{"0":"post-22821","1":"post","2":"type-post","3":"status-publish","4":"format-standard","5":"has-post-thumbnail","7":"category-famosos","8":"tag-ana-obregon","9":"tag-audiencias-um","10":"tag-celebrities","11":"tag-entertainment","12":"tag-entretenimiento","13":"tag-es","14":"tag-espana","15":"tag-famosos","16":"tag-ia-news","17":"tag-ocio-en-mallorca","18":"tag-sociedad","19":"tag-spain","20":"tag-tendencias","21":"tag-turismo-en-mallorca","22":"tag-ultima-hora","23":"tag-vacaciones-en-mallorca","24":"tag-verano-en-mallorca"},"share_on_mastodon":{"url":"","error":""},"_links":{"self":[{"href":"https:\/\/www.europesays.com\/es\/wp-json\/wp\/v2\/posts\/22821","targetHints":{"allow":["GET"]}}],"collection":[{"href":"https:\/\/www.europesays.com\/es\/wp-json\/wp\/v2\/posts"}],"about":[{"href":"https:\/\/www.europesays.com\/es\/wp-json\/wp\/v2\/types\/post"}],"author":[{"embeddable":true,"href":"https:\/\/www.europesays.com\/es\/wp-json\/wp\/v2\/users\/2"}],"replies":[{"embeddable":true,"href":"https:\/\/www.europesays.com\/es\/wp-json\/wp\/v2\/comments?post=22821"}],"version-history":[{"count":0,"href":"https:\/\/www.europesays.com\/es\/wp-json\/wp\/v2\/posts\/22821\/revisions"}],"wp:featuredmedia":[{"embeddable":true,"href":"https:\/\/www.europesays.com\/es\/wp-json\/wp\/v2\/media\/22822"}],"wp:attachment":[{"href":"https:\/\/www.europesays.com\/es\/wp-json\/wp\/v2\/media?parent=22821"}],"wp:term":[{"taxonomy":"category","embeddable":true,"href":"https:\/\/www.europesays.com\/es\/wp-json\/wp\/v2\/categories?post=22821"},{"taxonomy":"post_tag","embeddable":true,"href":"https:\/\/www.europesays.com\/es\/wp-json\/wp\/v2\/tags?post=22821"}],"curies":[{"name":"wp","href":"https:\/\/api.w.org\/{rel}","templated":true}]}}