{"id":228257,"date":"2025-11-10T09:10:10","date_gmt":"2025-11-10T09:10:10","guid":{"rendered":"https:\/\/www.europesays.com\/es\/228257\/"},"modified":"2025-11-10T09:10:10","modified_gmt":"2025-11-10T09:10:10","slug":"matias-prats-sorprende-con-su-pronunciamiento-sobre-su-jubilacion-durante-el-informativo","status":"publish","type":"post","link":"https:\/\/www.europesays.com\/es\/228257\/","title":{"rendered":"Mat\u00edas Prats sorprende con su pronunciamiento sobre su jubilaci\u00f3n durante el Informativo"},"content":{"rendered":"<p style=\"\">Si hay un rostro en la televisi\u00f3n m\u00edtico, ese es sin duda el de <strong>Mat\u00edas Prats<\/strong>. Y es que, el periodista ha relatado la actualidad a generaciones y generaciones y a\u00fan lo sigue haciendo de manera incombustible y con su personal sello. Pues bien,  &#8230; estos d\u00edas el <a href=\"https:\/\/www.abc.es\/espana\/comunidad-valenciana\/matias-prats-duro-dana-valencia-persona-acontecimiento-terrible-20251027134838-nt.html\" target=\"_self\" data-voc-vtm-id=\"in-text-traffic\" title=\"presentador\" data-mrf-link=\"www.abc.es\" rel=\"nofollow noopener\">presentador<\/a> de los Informativos de Antena 3 se ha pronunciado sobre su <strong>jubilaci\u00f3n<\/strong> en unos premios y ha dejado a todos at\u00f3nitos con sus palabras que ha corroborado durante la emisi\u00f3n del Telediario.<\/p>\n<p class=\"voc-p\" style=\"\">Este pasado s\u00e1bado, <strong>Mat\u00edas Prats<\/strong> recib\u00eda de la Federaci\u00f3n de Asociaciones de Televisi\u00f3n y Radio de Espa\u00f1a la Antena de Oro Extraordinaria  por su  trayectoria profesional y, evidentemente, el Telediario de Antena 3 se hac\u00eda eco del premio. \u00abHubo grandes premiados, Susanna (Griso) lanz\u00f3 un alegato en favor del periodismo libre y yo no s\u00e9 si estuve a la altura de poder responder a tanto afecto como me brindaron\u00bb, comentaba el <a href=\"https:\/\/www.abc.es\/play\/television\/noticias\/matias-prats-irrumpe-espejo-publico-inesperado-reproche-20250408120628-nt.html\" target=\"_self\" data-voc-vtm-id=\"in-text-traffic\" title=\"periodista\" data-mrf-link=\"www.abc.es\" rel=\"nofollow noopener\">periodista<\/a> ante las c\u00e1maras de la primera edici\u00f3n del Informativo de la cadena de <strong>Atresmedia<\/strong> que tambi\u00e9n subrayaba el momento en el que cambi\u00f3 \u00abel gui\u00f3n\u00bb dejando al auditorio perplejo y que mostraban a la audiencia.<\/p>\n<p class=\"voc-p\" style=\"\"> \u00abTal vez sea este el momento m\u00e1s oportuno, con un premio reci\u00e9n recibido, entre compa\u00f1eros de la profesi\u00f3n&#8230;\u00bb, dec\u00eda en su discurso <strong>Mat\u00edas Prats<\/strong> dejando ver al p\u00fablico presente que iba a hablar sobre su <strong>jubilaci\u00f3n<\/strong>. \u00abMomento dulce de la cadena, l\u00edderes, con esas noticias de Antena 3 imbatibles\u2026 Que yo les diga\u2026 que yo les anuncie\u2026 que yo ratifique\u2026\u00bb, volv\u00eda a decir, generando un gran suspense. \u00abQue voy a seguir bastante m\u00e1s en la tele, \u00a1muchas gracias!\u00bb, terminaba diciendo el <a href=\"https:\/\/www.abc.es\/play\/television\/noticias\/matias-prats-relata-visita-reyes-paiporta-tras-20250205225736-nt.html\" target=\"_self\" data-voc-vtm-id=\"in-text-traffic\" title=\"presentador\" data-mrf-link=\"www.abc.es\" rel=\"nofollow noopener\">presentador<\/a>.<\/p>\n<p class=\"voc-p\" style=\"\">Tras finalizar el v\u00eddeo, M\u00f3nica Carrillo, compa\u00f1era de <strong>Mat\u00edas Prats<\/strong>, no pudo dirigirse a \u00e9l. \u00ab\u00bfEsto es una fake news?\u00bb, le pregunt\u00f3 la periodista. \u00abDefinitivamente, fue un gui\u00f1o humor\u00edstico\u00bb, asever\u00f3 el presentador, mientras su compa\u00f1era volvi\u00f3 a interesarse por su <strong>jubilaci\u00f3n<\/strong> a lo que \u00e9l se pronunci\u00f3 sin rodeos. \u00abDe momento, no. Vamos a seguir un poquito m\u00e1s\u00bb, sentenci\u00f3 <a href=\"https:\/\/www.abc.es\/gente\/vida-personal-matias-prats-mujer-desconocida-hija-patrimonio-20250205171000-nt.html\" target=\"_self\" data-voc-vtm-id=\"in-text-traffic\" title=\"Mat\u00edas Prats\" data-mrf-link=\"www.abc.es\" rel=\"nofollow noopener\">Mat\u00edas Prats<\/a> en el Informativo de Antena 3.<\/p>\n","protected":false},"excerpt":{"rendered":"Si hay un rostro en la televisi\u00f3n m\u00edtico, ese es sin duda el de Mat\u00edas Prats. Y es&hellip;\n","protected":false},"author":2,"featured_media":228258,"comment_status":"","ping_status":"","sticky":false,"template":"","format":"standard","meta":{"footnotes":""},"categories":[91],"tags":[146,147,25,24,10188,8881,21697,59921,60041,57,6924,23],"class_list":{"0":"post-228257","1":"post","2":"type-post","3":"status-publish","4":"format-standard","5":"has-post-thumbnail","7":"category-entretenimiento","8":"tag-entertainment","9":"tag-entretenimiento","10":"tag-es","11":"tag-espana","12":"tag-informativo","13":"tag-jubilacion","14":"tag-matias","15":"tag-prats","16":"tag-pronunciamiento","17":"tag-sobre","18":"tag-sorprende","19":"tag-spain"},"share_on_mastodon":{"url":"https:\/\/pubeurope.com\/@es\/115524627767880955","error":""},"_links":{"self":[{"href":"https:\/\/www.europesays.com\/es\/wp-json\/wp\/v2\/posts\/228257","targetHints":{"allow":["GET"]}}],"collection":[{"href":"https:\/\/www.europesays.com\/es\/wp-json\/wp\/v2\/posts"}],"about":[{"href":"https:\/\/www.europesays.com\/es\/wp-json\/wp\/v2\/types\/post"}],"author":[{"embeddable":true,"href":"https:\/\/www.europesays.com\/es\/wp-json\/wp\/v2\/users\/2"}],"replies":[{"embeddable":true,"href":"https:\/\/www.europesays.com\/es\/wp-json\/wp\/v2\/comments?post=228257"}],"version-history":[{"count":0,"href":"https:\/\/www.europesays.com\/es\/wp-json\/wp\/v2\/posts\/228257\/revisions"}],"wp:featuredmedia":[{"embeddable":true,"href":"https:\/\/www.europesays.com\/es\/wp-json\/wp\/v2\/media\/228258"}],"wp:attachment":[{"href":"https:\/\/www.europesays.com\/es\/wp-json\/wp\/v2\/media?parent=228257"}],"wp:term":[{"taxonomy":"category","embeddable":true,"href":"https:\/\/www.europesays.com\/es\/wp-json\/wp\/v2\/categories?post=228257"},{"taxonomy":"post_tag","embeddable":true,"href":"https:\/\/www.europesays.com\/es\/wp-json\/wp\/v2\/tags?post=228257"}],"curies":[{"name":"wp","href":"https:\/\/api.w.org\/{rel}","templated":true}]}}