{"id":228265,"date":"2025-11-10T09:14:09","date_gmt":"2025-11-10T09:14:09","guid":{"rendered":"https:\/\/www.europesays.com\/es\/228265\/"},"modified":"2025-11-10T09:14:09","modified_gmt":"2025-11-10T09:14:09","slug":"se-metia-en-mi-cama-me-acariciaba-y-besaba","status":"publish","type":"post","link":"https:\/\/www.europesays.com\/es\/228265\/","title":{"rendered":"Se met\u00eda en mi cama, me acariciaba y besaba"},"content":{"rendered":"<p class=\"article-text\">\n        El Vaticano tiene una investigaci\u00f3n abierta contra Rafael Zornoza, de 76 a\u00f1os, y actualmente obispo de C\u00e1diz y Ceuta. <a href=\"https:\/\/elpais.com\/sociedad\/2025-11-10\/el-vaticano-abre-una-investigacion-por-pederastia-contra-el-obispo-de-cadiz-cuando-era-cura-en-madrid.html?event_log=oklogin\" target=\"_blank\" data-mrf-recirculation=\"links-noticia\" class=\"link\" rel=\"nofollow noopener\">Seg\u00fan publica El Pa\u00eds<\/a>, se trata de unos hechos ocurridos en los a\u00f1os 90 en Madrid, cuando Zornoza habr\u00eda abusado presuntamente de un menor durante su etapa como sacerdote en Getafe, donde dirig\u00eda el seminario. La v\u00edctima envi\u00f3 una denuncia al Dicasterio de la Fe contando los hechos el pasado verano.\n    <\/p>\n<p class=\"article-text\">\n        Es la primera vez que el Vaticano abre una investigaci\u00f3n por pederastia contra un obispo en ejercicio por presuntos abusos sexuales. El caso ya est\u00e1 prescrito ante la justicia ordinaria y ser\u00e1 instruido a nivel eclesi\u00e1stico por el arzobispo de Sevilla \u2013superior de Zornoza dentro de la estructura territorial eclesial\u2013 y podr\u00eda culminar en un juicio can\u00f3nico en Roma, seg\u00fan recoge <a href=\"https:\/\/www.religiondigital.org\/espana\/Vaticano-investigacion-Cadiz-Zornoza-Madrid-obispo-abusos-encubrimiento_0_2833216651.html\" target=\"_blank\" data-mrf-recirculation=\"links-noticia\" class=\"link\" rel=\"nofollow noopener\">Religi\u00f3n Digital<\/a>.\n    <\/p>\n<p class=\"article-text\">\n        La v\u00edctima acusa a Zornoza de haber abusado sexualmente de \u00e9l desde los 14 hasta los 21 a\u00f1os: \u201cEscribo esta carta solo con la intenci\u00f3n de evitar que lo que me pas\u00f3 a m\u00ed le pueda seguir pasando a otro ni\u00f1o\u201d, recoge la misiva publicada por El Pa\u00eds. Zornoza, que entonces ten\u00eda 45 a\u00f1os, habr\u00eda tocado, besado y acariciado a la v\u00edctima durante convivencias y campamentos.\n    <\/p>\n<p class=\"article-text\">\n        \u201cDesde los 14 hasta los 18 a\u00f1os iba casi todos los fines de semana al Seminario Mayor del Cerro de los \u00c1ngeles. Durante este tiempo abus\u00f3 de m\u00ed. Era por las noches cuando ven\u00eda a la habitaci\u00f3n y sufr\u00eda los abusos. Se met\u00eda en mi cama, me acariciaba y besaba. Por las ma\u00f1anas tambi\u00e9n me despertaba del mismo modo. En esos momentos nunca le dije nada, la par\u00e1lisis me controlaba\u201d, a\u00f1ade la carta.\n    <\/p>\n<p class=\"article-text\">\n        E la misiva, la v\u00edctima se\u00f1ala que confes\u00f3 su homosexualidad a Zornoza, que le llev\u00f3 a una terapia de conversi\u00f3n de las que prometen \u201ccurar la homosexualidad\u201d. Al mismo tiempo, y mientras estaba en el seminario, Zornoza se met\u00eda \u201ccasi todas las noches y ma\u00f1anas\u201d en la cama de la v\u00edctima para tocarle y besarle. Frente a las quejas de la v\u00edctima, el prelado se defend\u00eda diciendo que eso era \u201cuna amistad \u00edntima\u201d y que \u201cmalinterpretaba su amistad\u201d.\n    <\/p>\n<p class=\"article-text\">\n        Zornoza naci\u00f3 en Madrid en 1949, cre\u00f3 la di\u00f3cesis de Getafe y es obispo de C\u00e1diz y Ceuta desde 201. Adem\u00e1s es miembro de la Conferencia Episcopal, actualmente en la Comisi\u00f3n Episcopal para las Misiones y Cooperaci\u00f3n con las Iglesias.\n    <\/p>\n<p>    Las acusaciones son \u201cgraves y falsas\u201d<\/p>\n<p class=\"article-text\">\n        La diocesis de C\u00e1diz y Ceuta ha emitido un comunicado en el que se\u00f1ala que \u201clas acusaciones que se hacen, referidas a hechos que tuvieron lugar hace casi treinta a\u00f1os, son muy graves y adem\u00e1s falsas\u201d. \u201cEl caso fue introducido la semana pasada en el\u00a0tribunal de la Rota de la Nunciatura apost\u00f3lica en Espa\u00f1a. Hay una plena confianza en la justicia y se colaborar\u00e1 con ella en todo lo que sea requerido. Al mismo tiempo, es necesario recordar el respeto a la presunci\u00f3n de inocencia que asiste a todas las persona\u201d, reclama la di\u00f3cesis.\n    <\/p>\n<p>    <a href=\"https:\/\/www.eldiario.es\/andalucia\/cadiz\/obispo-cadiz-polemicas-despidos-desahucios-operaciones-inmobiliarias-vive-lejos-problematica-fieles_1_9579923.html\" data-mrf-recirculation=\"saber-mas-abajo\" data-dl-event=\"saber-mas-abajo\" rel=\"nofollow noopener\" target=\"_blank\"><\/p>\n<p class=\"know-more__title\">El obispo de C\u00e1diz y sus pol\u00e9micas por despidos, desahucios y operaciones inmobiliarias: \u201cVive lejos de la problem\u00e1tica de los fieles\u201d\n<\/p>\n<p>            <img decoding=\"async\" class=\"lazy\" loading=\"lazy\" data-src=\"https:\/\/static.eldiario.es\/clip\/07cd4b98-b483-49e7-949b-455194a40a5f_16-9-aspect-ratio_default_0.jpg\" src=\"data:image\/svg+xml,%3Csvg xmlns=\" http:=\"\" viewbox=\"0 0 880 495\" alt=\"El obispo de C\u00e1diz y sus pol\u00e9micas por despidos, desahucios y operaciones inmobiliarias: &quot;Vive lejos de la problem\u00e1tica de los fieles&quot;\"\/><\/p>\n<p>                        <\/a><\/p>\n<p class=\"article-text\">\n        \u201cEl obispo ha decidido suspender temporalmente su agenda para el esclarecimiento de los hechos y para atender el tratamiento de un c\u00e1ncer agresivo que est\u00e1 recibiendo\u201d, a\u00f1ade el comunicado, que se\u00f1ala que no habr\u00e1 nuevas declaraciones hasta \u201cconocer la decisi\u00f3n del tribunal eclesi\u00e1stico.\n    <\/p>\n","protected":false},"excerpt":{"rendered":"El Vaticano tiene una investigaci\u00f3n abierta contra Rafael Zornoza, de 76 a\u00f1os, y actualmente obispo de C\u00e1diz y&hellip;\n","protected":false},"author":2,"featured_media":228266,"comment_status":"","ping_status":"","sticky":false,"template":"","format":"standard","meta":{"footnotes":""},"categories":[8],"tags":[60049,60050,17,18,2193,5109,2471,25,24,13,14,11,15307,19,20,60048,9,10,15,16,35960,18948,23,12,21,22,403,14281],"class_list":{"0":"post-228265","1":"post","2":"type-post","3":"status-publish","4":"format-standard","5":"has-post-thumbnail","7":"category-espana","8":"tag-acariciaba","9":"tag-besaba","10":"tag-breaking-news","11":"tag-breakingnews","12":"tag-cadiz","13":"tag-cama","14":"tag-carta","15":"tag-es","16":"tag-espana","17":"tag-featured-news","18":"tag-featurednews","19":"tag-headlines","20":"tag-investiga","21":"tag-latest-news","22":"tag-latestnews","23":"tag-metia","24":"tag-news","25":"tag-noticias","26":"tag-noticias-destacadas","27":"tag-noticiasdestacadas","28":"tag-obispo","29":"tag-pederastia","30":"tag-spain","31":"tag-titulares","32":"tag-ultimas-noticias","33":"tag-ultimasnoticias","34":"tag-vaticano","35":"tag-victima"},"share_on_mastodon":{"url":"https:\/\/pubeurope.com\/@es\/115524643282414778","error":""},"_links":{"self":[{"href":"https:\/\/www.europesays.com\/es\/wp-json\/wp\/v2\/posts\/228265","targetHints":{"allow":["GET"]}}],"collection":[{"href":"https:\/\/www.europesays.com\/es\/wp-json\/wp\/v2\/posts"}],"about":[{"href":"https:\/\/www.europesays.com\/es\/wp-json\/wp\/v2\/types\/post"}],"author":[{"embeddable":true,"href":"https:\/\/www.europesays.com\/es\/wp-json\/wp\/v2\/users\/2"}],"replies":[{"embeddable":true,"href":"https:\/\/www.europesays.com\/es\/wp-json\/wp\/v2\/comments?post=228265"}],"version-history":[{"count":0,"href":"https:\/\/www.europesays.com\/es\/wp-json\/wp\/v2\/posts\/228265\/revisions"}],"wp:featuredmedia":[{"embeddable":true,"href":"https:\/\/www.europesays.com\/es\/wp-json\/wp\/v2\/media\/228266"}],"wp:attachment":[{"href":"https:\/\/www.europesays.com\/es\/wp-json\/wp\/v2\/media?parent=228265"}],"wp:term":[{"taxonomy":"category","embeddable":true,"href":"https:\/\/www.europesays.com\/es\/wp-json\/wp\/v2\/categories?post=228265"},{"taxonomy":"post_tag","embeddable":true,"href":"https:\/\/www.europesays.com\/es\/wp-json\/wp\/v2\/tags?post=228265"}],"curies":[{"name":"wp","href":"https:\/\/api.w.org\/{rel}","templated":true}]}}