{"id":228269,"date":"2025-11-10T09:20:17","date_gmt":"2025-11-10T09:20:17","guid":{"rendered":"https:\/\/www.europesays.com\/es\/228269\/"},"modified":"2025-11-10T09:20:17","modified_gmt":"2025-11-10T09:20:17","slug":"la-leccion-que-2025-ha-dejado-a-paula-badosa-tras-tocar-fondo-el-alma-se-rompe","status":"publish","type":"post","link":"https:\/\/www.europesays.com\/es\/228269\/","title":{"rendered":"La lecci\u00f3n que 2025 ha dejado a Paula Badosa tras tocar fondo: \u201cEl alma se rompe\u201d"},"content":{"rendered":"<p class=\"\">Definitivamente este <b>2025 no ha sido el mejor a\u00f1o para Paula Badosa<\/b>. La tenista espa\u00f1ola no ha podido mostrar su mejor versi\u00f3n sobre la pistas por culpa de las lesiones, aunque, tras desconectar con unas vacaciones rodeada de sus seres queridos, ya se encuentra entrenando de cara a la pr\u00f3xima temporada, en la que espera que se reconduzca la situaci\u00f3n. <\/p>\n<p class=\"\">Mientras, ha compartido con sus seguidores un emotivo mensaje a trav\u00e9s de las redes sociales, donde hace balance de lo que han supuesto para ella estos \u00faltimos meses, que le han hecho aprender una \u201clecci\u00f3n\u201d: <b>\u201cA veces la vida nos sacude tan fuerte que creemos que no vamos a poder levantarnos\u201d<\/b>, empieza diciendo.<\/p>\n<p class=\"\">\u201cPasamos por <b>momentos en los que el alma se rompe en silencio<\/b>, donde las dudas pesan m\u00e1s que la esperanza y donde el ruido interno no deja escuchar nada m\u00e1s. Pero es justo ah\u00ed, en ese vac\u00edo, donde comienza algo sagrado: el reencuentro con uno mismo\u201d, agrega.<\/p>\n<p>Pulla a TsitsipasNoticias relacionadas<a href=\"https:\/\/as.com\/tikitakas\/famosos\/la-confesion-de-paula-badosa-sobre-la-isla-de-las-tentaciones-necesito-ver-algo-super-extremo-n\/\" class=\"s_m_w _rt-16x9\" title=\"La tenista fue preguntada en rueda de prensa por c\u00f3mo lograba desconectar de la competici\u00f3n, y ella se refiri\u00f3 al programa de Telecinco.\" data-tb-link=\"\" rel=\"nofollow noopener\" target=\"_blank\"><img decoding=\"async\" src=\"https:\/\/www.europesays.com\/es\/wp-content\/uploads\/2025\/11\/ALOKCX64TM24CTYLCNWG5E2TLE.jpg\" alt=\"La confesi\u00f3n de Paula Badosa sobre \u2018La isla de las tentaciones\u2019: \u201cNecesito ver algo super extremo\u201d\" class=\"\" height=\"1\" width=\"1\"   loading=\"lazy\" data-tb-thumbnail=\"\"\/><\/a><a href=\"https:\/\/as.com\/tikitakas\/famosos\/paula-badosa-y-stefanos-tsitsipas-revelan-por-que-sienten-que-son-almas-gemelas-n\/\" class=\"s_m_w _rt-16x9\" title=\"La tenista espa\u00f1ola y el griego han dado una entrevista a la revista \u2018Hola\u2019 en la que hablan sobre c\u00f3mo fue su flechazo y cu\u00e1les son sus prioridades en su historia de amor.\" data-tb-link=\"\" rel=\"nofollow noopener\" target=\"_blank\"><img decoding=\"async\" src=\"https:\/\/www.europesays.com\/es\/wp-content\/uploads\/2025\/11\/AS5QYZ45XYARGUQAE32FKHHAMY.jpg\" alt=\"Stefanos Tsitsipas revela qu\u00e9 le atrae de Paula Badosa \" class=\"\" height=\"1\" width=\"1\"   loading=\"lazy\" data-tb-thumbnail=\"\"\/><\/a><\/p>\n<p class=\"\">Un mensaje en que se podr\u00eda entrever tambi\u00e9n una pulla al que fuera su pareja, el tambi\u00e9n <b>tenista Stefanos Tsitsipas<\/b>: \u201cSanar no es olvidar ni fingir que no doli\u00f3. Sanar es mirarte con compasi\u00f3n, reconocer tus heridas y entender que todo lo que viviste fue una parte necesaria del camino. Es descubrir que <b>la paz no est\u00e1 en lo que tienes, ni en quien te acompa\u00f1a<\/b>, sino en el simple hecho de poder respirar en calma contigo mismo\u201d.\u201cLlega un momento en el que comprendes que no necesitas nada externo para sentirte completo. Que la <b>serenidad nace cuando dejas de buscar fuera lo que siempre estuvo dentro<\/b>. Y es entonces cuando todo cambia: lo que antes dol\u00eda, ahora ense\u00f1a; lo que antes pesaba, ahora impulsa. Porque cuando sanas, no solo te liberas del pasado, te reconcilias con la vida\u201d, concluye la deportista.<\/p>\n<p class=\"\"><b>\u00a1Tus opiniones importan!<\/b> Comenta en los art\u00edculos y suscr\u00edbete gratis a nuestra <a href=\"https:\/\/asfan.as.com\/newsletters\/\" target=\"_blank\" rel=\"nofollow noopener\" title=\"https:\/\/asfan.as.com\/newsletters\/\">newsletter<\/a> y a las alertas informativas en la <a href=\"https:\/\/as.com\/aplicacion-de-as-n\/\" target=\"_blank\" rel=\"nofollow noopener\" title=\"https:\/\/as.com\/aplicacion-de-as-n\/\">App<\/a> o el canal de <a href=\"https:\/\/www.whatsapp.com\/channel\/0029VaAasdA7j6g745nz9M10\" target=\"_blank\" rel=\"nofollow noopener\" title=\"https:\/\/www.whatsapp.com\/channel\/0029VaAasdA7j6g745nz9M10\">WhatsApp<\/a>. \u00bfBuscas licenciar contenido? Haz clic <a href=\"https:\/\/profesional.elpais.com\/soluciones-sindicacion?utm_medium=interno&amp;utm_source=crosslinking&amp;utm_campaign=sindicacion_as_pie_articulos\" target=\"_blank\" rel=\"nofollow noopener\" title=\"https:\/\/profesional.elpais.com\/soluciones-sindicacion?utm_medium=interno&amp;utm_source=crosslinking&amp;utm_campaign=sindicacion_as_pie_articulos\">aqu\u00ed<\/a><\/p>\n","protected":false},"excerpt":{"rendered":"Definitivamente este 2025 no ha sido el mejor a\u00f1o para Paula Badosa. La tenista espa\u00f1ola no ha podido&hellip;\n","protected":false},"author":2,"featured_media":228270,"comment_status":"","ping_status":"","sticky":false,"template":"","format":"standard","meta":{"footnotes":""},"categories":[274],"tags":[168,25,24,23,167,327,326],"class_list":{"0":"post-228269","1":"post","2":"type-post","3":"status-publish","4":"format-standard","5":"has-post-thumbnail","7":"category-tenis","8":"tag-deportes","9":"tag-es","10":"tag-espana","11":"tag-spain","12":"tag-sports","13":"tag-tenis","14":"tag-tennis"},"share_on_mastodon":{"url":"https:\/\/pubeurope.com\/@es\/115524667461316054","error":""},"_links":{"self":[{"href":"https:\/\/www.europesays.com\/es\/wp-json\/wp\/v2\/posts\/228269","targetHints":{"allow":["GET"]}}],"collection":[{"href":"https:\/\/www.europesays.com\/es\/wp-json\/wp\/v2\/posts"}],"about":[{"href":"https:\/\/www.europesays.com\/es\/wp-json\/wp\/v2\/types\/post"}],"author":[{"embeddable":true,"href":"https:\/\/www.europesays.com\/es\/wp-json\/wp\/v2\/users\/2"}],"replies":[{"embeddable":true,"href":"https:\/\/www.europesays.com\/es\/wp-json\/wp\/v2\/comments?post=228269"}],"version-history":[{"count":0,"href":"https:\/\/www.europesays.com\/es\/wp-json\/wp\/v2\/posts\/228269\/revisions"}],"wp:featuredmedia":[{"embeddable":true,"href":"https:\/\/www.europesays.com\/es\/wp-json\/wp\/v2\/media\/228270"}],"wp:attachment":[{"href":"https:\/\/www.europesays.com\/es\/wp-json\/wp\/v2\/media?parent=228269"}],"wp:term":[{"taxonomy":"category","embeddable":true,"href":"https:\/\/www.europesays.com\/es\/wp-json\/wp\/v2\/categories?post=228269"},{"taxonomy":"post_tag","embeddable":true,"href":"https:\/\/www.europesays.com\/es\/wp-json\/wp\/v2\/tags?post=228269"}],"curies":[{"name":"wp","href":"https:\/\/api.w.org\/{rel}","templated":true}]}}