{"id":22827,"date":"2025-08-03T13:09:09","date_gmt":"2025-08-03T13:09:09","guid":{"rendered":"https:\/\/www.europesays.com\/es\/22827\/"},"modified":"2025-08-03T13:09:09","modified_gmt":"2025-08-03T13:09:09","slug":"los-ultimos-dias-de-don-pedro","status":"publish","type":"post","link":"https:\/\/www.europesays.com\/es\/22827\/","title":{"rendered":"Los \u00faltimos d\u00edas de don Pedro"},"content":{"rendered":"<p data-journey-content=\"true\" data-node-id=\"2\" class=\"css-i9p093 emevuu60\">Esta semana en &#8216;<a href=\"https:\/\/www.diezminutos.es\/suenos-de-libertad\/\" target=\"_blank\" data-vars-ga-outbound-link=\"https:\/\/www.diezminutos.es\/suenos-de-libertad\/\" data-vars-ga-ux-element=\"Hyperlink\" data-vars-ga-call-to-action=\"Sue\u00f1os de libertad\" data-node-id=\"2.1\" class=\"body-link css-177bzfx emevuu60\" rel=\"nofollow noopener\">Sue\u00f1os de libertad<\/a>&#8216;, la se\u00f1ora Almenar no duda en criticar duramente el trabajo de Fina como fot\u00f3grafa. <a href=\"https:\/\/www.diezminutos.es\/telenovela\/espanolas\/a65547673\/suenos-de-libertad-capitulo-362-avance-jueves-31-julio-antena-3\/\" target=\"_blank\" data-vars-ga-outbound-link=\"https:\/\/www.diezminutos.es\/telenovela\/espanolas\/a65547673\/suenos-de-libertad-capitulo-362-avance-jueves-31-julio-antena-3\/\" data-vars-ga-ux-element=\"Hyperlink\" data-vars-ga-call-to-action=\"Sus palabras caen como una lluvia fr\u00eda\" data-node-id=\"2.3\" class=\"body-link css-177bzfx emevuu60\" rel=\"nofollow noopener\">Sus palabras caen como una lluvia fr\u00eda<\/a> sobre la joven, que se siente desmoronarse por dentro. La pasi\u00f3n que la ha mantenido viva comienza a tambalearse, y por un instante piensa en abandonar su sue\u00f1o. Sin embargo, <strong data-node-id=\"2.5\">sus amigas, faros de luz en su oscuridad, la alientan a no rendirse<\/strong>, a seguir luchando contra viento y marea.<\/p>\n<p><img alt=\"suenos de libertad\" title=\"Suenos de libertad\" loading=\"lazy\" width=\"2048\" height=\"1366\" decoding=\"async\" data-nimg=\"1\" style=\"color:transparent;width:100%;height:auto;\"   src=\"https:\/\/www.europesays.com\/es\/wp-content\/uploads\/2025\/08\/gw88r-6wwaaklrz-68887dcef1651.jpeg\" class=\"css-0 e1g79fud0\"\/><\/p>\n<p>Atresmedia<\/p>\n<p data-journey-content=\"true\" data-node-id=\"4\" class=\"css-i9p093 emevuu60\">En otro rinc\u00f3n de la casa, Gema observa con preocupaci\u00f3n el comportamiento extra\u00f1o de Teo. Sospecha que el ni\u00f1o ha robado dinero a Luz, y el miedo la atenaza. Pronto, Ra\u00fal descubre la verdad oculta: <strong data-node-id=\"4.1\">Teo sufre acoso en la escuela<\/strong>. Con paciencia y ternura, le pide que conf\u00ede en sus padres adoptivos, que hable, que no cargue solo con ese dolor. La escena se llena de emoci\u00f3n contenida y esperanza.<\/p>\n<p>Mar\u00eda presiona a Gabriel en &#8216;Sue\u00f1os de libertad&#8217;<\/p>\n<p data-journey-content=\"true\" data-node-id=\"6\" class=\"css-i9p093 emevuu60\">Mientras tanto, Don Pedro recibe un diagn\u00f3stico inquietante que prefiere guardar en secreto. Le pide a Luz que no revele nada y decide luchar en silencio, aferr\u00e1ndose a la esperanza y al cari\u00f1o de Cristina, con quien intenta construir una relaci\u00f3n sincera pese a la incertidumbre. <strong data-node-id=\"6.1\">Gabriel informa a Mar\u00eda sobre los avances en el sabotaje a Perfumer\u00edas De La Reina.<\/strong> La tensi\u00f3n entre ellos se hace palpable en un abrazo cargado de sentimientos encontrados. Para protegerse, Gabriel idea un plan fr\u00edo: utilizar un chivo expiatorio para desviar sospechas.<\/p>\n<p data-journey-content=\"true\" data-node-id=\"8\" class=\"css-i9p093 emevuu60\">Pero la calma dura poco. Mar\u00eda, impaciente por que Gabriel oficialice su relaci\u00f3n con Bego\u00f1a, decide revelar el secreto a Andr\u00e9s. Los celos estallan en un enfrentamiento tenso y doloroso. <strong data-node-id=\"8.1\">Mar\u00eda, con astucia, manipula a Julia<\/strong> para conseguir su aprobaci\u00f3n, mientras Gabriel sigue tejiendo sus planes.<\/p>\n<p>Claudia, entre dos amores, en &#8216;Sue\u00f1os de libertad&#8217;<img alt=\"sue\u00f1os de libertad\" title=\"Sue\u00f1os de libertad\" loading=\"lazy\" width=\"1280\" height=\"853\" decoding=\"async\" data-nimg=\"1\" style=\"color:transparent;width:100%;height:auto;\"   src=\"https:\/\/www.europesays.com\/es\/wp-content\/uploads\/2025\/07\/gvehxaewwaedjm3-6878d9fa13edb.jpeg\" class=\"css-0 e1g79fud0\"\/><\/p>\n<p>Add antena 3<\/p>\n<p data-journey-content=\"true\" data-node-id=\"11\" class=\"css-i9p093 emevuu60\">En la f\u00e1brica, Luis se opone a que Cristina reciba parte de los beneficios, pero Don Pedro la apoya, orgulloso del \u00e9xito del perfume que ha salvado la producci\u00f3n. La tranquilidad se rompe cuando Remedios, trabajadora honesta, es acusada falsamente de espionaje. <strong data-node-id=\"11.1\">Gabriel, con mano maestra, deja pruebas contra ella, y la Guardia Civil la detiene<\/strong>, sumiendo a todos en la incertidumbre. Por otro lado, Chema regresa de Par\u00eds dispuesto a reconquistar a Claudia, sin saber que ella ahora est\u00e1 con Ra\u00fal. Y Gaspar, decidido, se enfrenta a don Agust\u00edn para proteger su relaci\u00f3n con Manuela, sin temer las consecuencias.<\/p>\n<p><img src=\"https:\/\/www.europesays.com\/es\/wp-content\/uploads\/2025\/08\/1754226549_985_43af9b8f-983e-4e74-8e74-9a7479b0966b_1681831601.file\" alt=\"Headshot of Pilar Mart\u00ednez\" title=\"Headshot of Pilar Mart\u00ednez\" width=\"100%\" height=\"100%\" decoding=\"async\" loading=\"lazy\" class=\"css-o0wq4v ev8dhu53\"\/><\/p>\n<p>Pilar Mart\u00ednez es periodista especializada en contenidos de televisi\u00f3n y cultura, se gradu\u00f3 en la carrera en Periodismo en la Facultad de Ciencias de la Informaci\u00f3n (Universidad Complutense de Madrid) en el a\u00f1o 2018. Desde entonces ha pasado por las redacciones de Ecoteuve (El Economista), donde realiz\u00f3 sus primeras pr\u00e1cticas durante el verano del 2016.<\/p>\n<p>Posteriormente, concretamente, en el a\u00f1o 2017 se pas\u00f3 al grupo Hearst Espa\u00f1a, donde comenz\u00f3 su andadura en las revistas de televisi\u00f3n: Supertele, Teleprograma, Telenovela. Ahora colabora con Diez Minutos, en su versi\u00f3n web, donde se encarga de realizar los avances semanales de las ficciones diarias de moda, as\u00ed como entrevistas y art\u00edculos sobre los melodramas o telenovelas que aterrizan en nuestro pa\u00eds y aquellos que est\u00e1n por venir.<\/p>\n<p>Toda una cazadora de exclusivas. A esto, se suma su puesto como redactora jefe de la secci\u00f3n de novela narrativa en la revista Culturamas, medio digital de alto impacto al que lleva unida desde el a\u00f1o 2013. \u00c1vida lectora, cin\u00e9fila y seri\u00e9fila de primer nivel, ha hecho de su vocaci\u00f3n su oficio. \u00a0<\/p>\n","protected":false},"excerpt":{"rendered":"Esta semana en &#8216;Sue\u00f1os de libertad&#8216;, la se\u00f1ora Almenar no duda en criticar duramente el trabajo de Fina&hellip;\n","protected":false},"author":2,"featured_media":22828,"comment_status":"","ping_status":"","sticky":false,"template":"","format":"standard","meta":{"footnotes":""},"categories":[171],"tags":[253,146,147,25,24,23,214],"class_list":{"0":"post-22827","1":"post","2":"type-post","3":"status-publish","4":"format-standard","5":"has-post-thumbnail","7":"category-tv","8":"tag-discover","9":"tag-entertainment","10":"tag-entretenimiento","11":"tag-es","12":"tag-espana","13":"tag-spain","14":"tag-tv"},"share_on_mastodon":{"url":"","error":""},"_links":{"self":[{"href":"https:\/\/www.europesays.com\/es\/wp-json\/wp\/v2\/posts\/22827","targetHints":{"allow":["GET"]}}],"collection":[{"href":"https:\/\/www.europesays.com\/es\/wp-json\/wp\/v2\/posts"}],"about":[{"href":"https:\/\/www.europesays.com\/es\/wp-json\/wp\/v2\/types\/post"}],"author":[{"embeddable":true,"href":"https:\/\/www.europesays.com\/es\/wp-json\/wp\/v2\/users\/2"}],"replies":[{"embeddable":true,"href":"https:\/\/www.europesays.com\/es\/wp-json\/wp\/v2\/comments?post=22827"}],"version-history":[{"count":0,"href":"https:\/\/www.europesays.com\/es\/wp-json\/wp\/v2\/posts\/22827\/revisions"}],"wp:featuredmedia":[{"embeddable":true,"href":"https:\/\/www.europesays.com\/es\/wp-json\/wp\/v2\/media\/22828"}],"wp:attachment":[{"href":"https:\/\/www.europesays.com\/es\/wp-json\/wp\/v2\/media?parent=22827"}],"wp:term":[{"taxonomy":"category","embeddable":true,"href":"https:\/\/www.europesays.com\/es\/wp-json\/wp\/v2\/categories?post=22827"},{"taxonomy":"post_tag","embeddable":true,"href":"https:\/\/www.europesays.com\/es\/wp-json\/wp\/v2\/tags?post=22827"}],"curies":[{"name":"wp","href":"https:\/\/api.w.org\/{rel}","templated":true}]}}