{"id":228279,"date":"2025-11-10T09:26:12","date_gmt":"2025-11-10T09:26:12","guid":{"rendered":"https:\/\/www.europesays.com\/es\/228279\/"},"modified":"2025-11-10T09:26:12","modified_gmt":"2025-11-10T09:26:12","slug":"las-velas-venecianas-de-jannis-kounellis-se-expondran-en-es-baluard-en-diciembre","status":"publish","type":"post","link":"https:\/\/www.europesays.com\/es\/228279\/","title":{"rendered":"Las velas venecianas de Jannis Kounellis se expondr\u00e1n en Es Baluard en diciembre"},"content":{"rendered":"<p>En el mar no hay muro ni pared que a uno le frene, pero puede ser el m\u00e1s opresivo y sofocante de los entornos. S\u00edmbolo de libertad para algunos, para otros es un espacio <strong>desasosegante<\/strong>, similar a un laberinto sin muros porque todo es igual en \u00e9l, sin referencias, un azul aparentemente infinito. Para surcarlo, uno necesita, por lo menos, de un muro, uno \u00e1gil, ligero, pero firme, resistente, que pueda ser impulsado por el viento. Hablamos de las <strong>velas<\/strong>. Por otro lado, la historia es otro espacio laber\u00edntico y profundo como un mar, en el que es f\u00e1cil perderse y, para atravesarla sin sobresaltos, uno debe tener en cuenta una vela particular a modo de br\u00fajula: <strong>la memoria<\/strong>.<\/p>\n<p>Estos son los ejes sobre los que pivota la nueva <a href=\"https:\/\/www.ultimahora.es\/etiqueta\/exposici%C3%B3n.html?utm_source=Inline-tag&amp;utm_medium=internal\" rel=\"nofollow noopener\" target=\"_blank\">exposici\u00f3n<\/a> que preparan en <strong><a href=\"https:\/\/www.ultimahora.es\/etiqueta\/Es+Baluard.html?utm_source=Inline-tag&amp;utm_medium=internal\" rel=\"nofollow noopener\" target=\"_blank\">Es Baluard<\/a> Museu d\u2019Art Contemporani<\/strong>, que se inaugurar\u00e1 el pr\u00f3ximo 3 de diciembre (el d\u00eda 4 para el p\u00fablico) y se podr\u00e1 ver hasta el pr\u00f3ximo 30 de agosto de 2026. Hablamos de Laberinto sin paredes, una muestra sobre el <a href=\"https:\/\/www.ultimahora.es\/etiqueta\/artista.html?utm_source=Inline-tag&amp;utm_medium=internal\" rel=\"nofollow noopener\" target=\"_blank\">artista<\/a> griego <strong>Jannis Kounellis<\/strong>, fallecido en 2017, y que se realiza en colaboraci\u00f3n con la Galer\u00eda Kewenig y el archivo del creador heleno. Nacido en El Pireo en 1956, se trata de uno de los <a href=\"https:\/\/www.ultimahora.es\/etiqueta\/artistas.html?utm_source=Inline-tag&amp;utm_medium=internal\" rel=\"nofollow noopener\" target=\"_blank\">artistas<\/a> m\u00e1s importantes de la segunda mitad del siglo XX, caracterizado por poner en di\u00e1logo a trav\u00e9s de materiales de tipo industrial y encontrados situaciones opuestas, siendo uno de los mayores exponentes del <strong><a href=\"https:\/\/www.ultimahora.es\/etiqueta\/arte.html?utm_source=Inline-tag&amp;utm_medium=internal\" rel=\"nofollow noopener\" target=\"_blank\">arte<\/a> povera<\/strong>.<\/p>\n<p><img loading=\"lazy\" decoding=\"async\" src=\"https:\/\/www.europesays.com\/es\/wp-content\/uploads\/2025\/11\/3550771.jpg\" border=\"0\" alt=\"\" width=\"2048\" height=\"1607\"\/>&#13;<br \/>\nSin t\u00edtulo, 1969. \u00a9 Estate of Jannis Kounellis, 2025. Fotograf\u00eda: Mimmo Iodice&#13;<\/p>\n<p>En Es Baluard, la exposici\u00f3n se nutre de obras creadas entre <strong>1993 y 2013<\/strong>, sobre todo de nueve velas venecianas dispuestas en forma de abanico que evocan un ambiente de navegaci\u00f3n, memoria e historia. Las velas, que abarcan desde el <strong>siglo XVII<\/strong> hasta \u00e9pocas m\u00e1s actuales, simbolizan el patrimonio de Venecia y su relaci\u00f3n con el Mediterr\u00e1neo, algo que hermana a la ciudad italiana con la propia Mallorca. Tambi\u00e9n son un reflejo de \u00abla <strong>nostalgia cr\u00edtica de Kounellis<\/strong> respecto a la transformaci\u00f3n del comercio mar\u00edtimo y la ausencia de la huella del individuo en la industria de su presente\u00bb. Se trata de un trabajo realizado para la Bienal de Venecia de 1993.<\/p>\n<p>El proyecto tambi\u00e9n incluye otras obras como las realizadas con <strong>velas blancas mallorquinas<\/strong> de algod\u00f3n por el propio Kounellis, as\u00ed como otras coloridas de tipo italiano que se retuercen como en un escorzo que desde el museo catalogan de <strong>caravaggiesco<\/strong>. Y tambi\u00e9n se incluyen cinco piezas de la serie Albatros, una de las m\u00e1s representativas de la obra total de Kounellis.<\/p>\n<p><img loading=\"lazy\" decoding=\"async\" src=\"https:\/\/www.europesays.com\/es\/wp-content\/uploads\/2025\/11\/3550775.jpg\" border=\"0\" alt=\"\" width=\"2048\" height=\"1365\"\/>&#13;<br \/>\nVista de la acci\u00f3n performativa: Alberto Baraya, Llatina i Mestral, 2025. \u00a9 de la obra, Alberto Baraya, 2025. Fotograf\u00eda: \u00a9 Es Baluard Museu (Carmen Verd\u00fa)&#13;<\/p>\n<p>David Barro, director de Es Baluard, explica que \u00ab<strong>Kounellis<\/strong> propone una reflexi\u00f3n sobre la huella humana en los objetos\u00bb, algo que se engloba de manera ideal con la l\u00f3gica de la <strong>Biennal B<\/strong> que tiene en marcha el museo y que busca, precisamente, la reflexi\u00f3n sobre la relaci\u00f3n entre el territorio, sus oficios artesanos, el arte y las interrelaciones entre ambos.<\/p>\n<p>Las velas, en este sentido, cuentan con un componente muy marcado de pertenencia a la Isla a trav\u00e9s de la vela latina, propuesta para ser <strong>Patrimonio Cultural Inmaterial de la Humanidad por la UNESCO<\/strong> a trav\u00e9s de una candidatura de varios pa\u00edses europeos. Barro reivindica precisamente estas ra\u00edces y la muestra de Kounellis ser\u00e1 una oportunidad ideal de reflexionar sobre el paso humano no solo por el territorio y los objetos, sino del paso y rastro que los propios objetos y territorios dejan en los humanos que los usan y habitan. Una manera de no perderse en los ecos de la historia, en ese laberinto con forma de mar que, bien surcado con buenas velas, puede ser una traves\u00eda placentera.<\/p>\n","protected":false},"excerpt":{"rendered":"En el mar no hay muro ni pared que a uno le frene, pero puede ser el m\u00e1s&hellip;\n","protected":false},"author":2,"featured_media":228280,"comment_status":"","ping_status":"","sticky":false,"template":"","format":"standard","meta":{"footnotes":""},"categories":[173],"tags":[229,1829,233,1830,505,1831,231,230,209,232,234,146,147,25,31811,24,2003,2086,38661,60051,23],"class_list":{"0":"post-228279","1":"post","2":"type-post","3":"status-publish","4":"format-standard","5":"has-post-thumbnail","7":"category-arte-y-diseno","8":"tag-arte","9":"tag-arte-en-mallorca","10":"tag-arte-y-diseno","11":"tag-artista","12":"tag-artistas","13":"tag-artistas-de-mallorca","14":"tag-arts","15":"tag-arts-and-design","16":"tag-cultura","17":"tag-design","18":"tag-diseno","19":"tag-entertainment","20":"tag-entretenimiento","21":"tag-es","22":"tag-es-baluard","23":"tag-espana","24":"tag-exposicion","25":"tag-exposiciones-en-mallorca","26":"tag-exposiciones-en-palma","27":"tag-museu-es-baluard","28":"tag-spain"},"share_on_mastodon":{"url":"https:\/\/pubeurope.com\/@es\/115524690738457360","error":""},"_links":{"self":[{"href":"https:\/\/www.europesays.com\/es\/wp-json\/wp\/v2\/posts\/228279","targetHints":{"allow":["GET"]}}],"collection":[{"href":"https:\/\/www.europesays.com\/es\/wp-json\/wp\/v2\/posts"}],"about":[{"href":"https:\/\/www.europesays.com\/es\/wp-json\/wp\/v2\/types\/post"}],"author":[{"embeddable":true,"href":"https:\/\/www.europesays.com\/es\/wp-json\/wp\/v2\/users\/2"}],"replies":[{"embeddable":true,"href":"https:\/\/www.europesays.com\/es\/wp-json\/wp\/v2\/comments?post=228279"}],"version-history":[{"count":0,"href":"https:\/\/www.europesays.com\/es\/wp-json\/wp\/v2\/posts\/228279\/revisions"}],"wp:featuredmedia":[{"embeddable":true,"href":"https:\/\/www.europesays.com\/es\/wp-json\/wp\/v2\/media\/228280"}],"wp:attachment":[{"href":"https:\/\/www.europesays.com\/es\/wp-json\/wp\/v2\/media?parent=228279"}],"wp:term":[{"taxonomy":"category","embeddable":true,"href":"https:\/\/www.europesays.com\/es\/wp-json\/wp\/v2\/categories?post=228279"},{"taxonomy":"post_tag","embeddable":true,"href":"https:\/\/www.europesays.com\/es\/wp-json\/wp\/v2\/tags?post=228279"}],"curies":[{"name":"wp","href":"https:\/\/api.w.org\/{rel}","templated":true}]}}