{"id":228283,"date":"2025-11-10T09:29:14","date_gmt":"2025-11-10T09:29:14","guid":{"rendered":"https:\/\/www.europesays.com\/es\/228283\/"},"modified":"2025-11-10T09:29:14","modified_gmt":"2025-11-10T09:29:14","slug":"foo-fighters-revientan-amazon-music-live-y-confirman-nueva-gira-de-estadios-2026","status":"publish","type":"post","link":"https:\/\/www.europesays.com\/es\/228283\/","title":{"rendered":"FOO FIGHTERS revientan Amazon Music Live y confirman nueva gira de estadios 2026"},"content":{"rendered":"<p>\u00a0<\/p>\n<p>El pasado 30 de octubre, <strong>Foo Fighters<\/strong> ofrecieron una actuaci\u00f3n especial como parte del ciclo Amazon Music Live en Amazon Prime, emitida justo despu\u00e9s del partido de f\u00fatbol americano del jueves. Desde los East End Studios de Glendale (California), la banda liderada por <strong>Dave Grohl<\/strong> desat\u00f3 un set de 11 canciones dise\u00f1ado para los fans que siguieron el concierto desde casa.<\/p>\n<p>Ya est\u00e1 disponible la versi\u00f3n en directo y con calidad profesional de \u201cAll My Life\u201d, tema con el que abrieron el show, que tambi\u00e9n sirvi\u00f3 como antesala de su nuevo single \u201cAsking For A Friend\u201d.<\/p>\n<p>Adem\u00e1s, el grupo ha confirmado su primera gira de estadios desde la monumental \u201cEverything or Nothing at All\u201d de 2024, con fechas a partir del 4 de agosto de 2026 en Toronto, y <strong>Queens of the Stone Age<\/strong> como invitados especiales en la mayor\u00eda de las fechas.<\/p>\n","protected":false},"excerpt":{"rendered":"\u00a0 El pasado 30 de octubre, Foo Fighters ofrecieron una actuaci\u00f3n especial como parte del ciclo Amazon Music&hellip;\n","protected":false},"author":2,"featured_media":228284,"comment_status":"","ping_status":"","sticky":false,"template":"","format":"standard","meta":{"footnotes":""},"categories":[170],"tags":[146,147,25,24,10133,184,185,23],"class_list":{"0":"post-228283","1":"post","2":"type-post","3":"status-publish","4":"format-standard","5":"has-post-thumbnail","7":"category-musica","8":"tag-entertainment","9":"tag-entretenimiento","10":"tag-es","11":"tag-espana","12":"tag-foo-fighters","13":"tag-music","14":"tag-musica","15":"tag-spain"},"share_on_mastodon":{"url":"https:\/\/pubeurope.com\/@es\/115524702395523275","error":""},"_links":{"self":[{"href":"https:\/\/www.europesays.com\/es\/wp-json\/wp\/v2\/posts\/228283","targetHints":{"allow":["GET"]}}],"collection":[{"href":"https:\/\/www.europesays.com\/es\/wp-json\/wp\/v2\/posts"}],"about":[{"href":"https:\/\/www.europesays.com\/es\/wp-json\/wp\/v2\/types\/post"}],"author":[{"embeddable":true,"href":"https:\/\/www.europesays.com\/es\/wp-json\/wp\/v2\/users\/2"}],"replies":[{"embeddable":true,"href":"https:\/\/www.europesays.com\/es\/wp-json\/wp\/v2\/comments?post=228283"}],"version-history":[{"count":0,"href":"https:\/\/www.europesays.com\/es\/wp-json\/wp\/v2\/posts\/228283\/revisions"}],"wp:featuredmedia":[{"embeddable":true,"href":"https:\/\/www.europesays.com\/es\/wp-json\/wp\/v2\/media\/228284"}],"wp:attachment":[{"href":"https:\/\/www.europesays.com\/es\/wp-json\/wp\/v2\/media?parent=228283"}],"wp:term":[{"taxonomy":"category","embeddable":true,"href":"https:\/\/www.europesays.com\/es\/wp-json\/wp\/v2\/categories?post=228283"},{"taxonomy":"post_tag","embeddable":true,"href":"https:\/\/www.europesays.com\/es\/wp-json\/wp\/v2\/tags?post=228283"}],"curies":[{"name":"wp","href":"https:\/\/api.w.org\/{rel}","templated":true}]}}