{"id":228298,"date":"2025-11-10T09:37:10","date_gmt":"2025-11-10T09:37:10","guid":{"rendered":"https:\/\/www.europesays.com\/es\/228298\/"},"modified":"2025-11-10T09:37:10","modified_gmt":"2025-11-10T09:37:10","slug":"los-geo-abaten-a-un-narco-en-una-operacion-antidroga-en-toledo-tras-recibir-un-tiroteo-tribunales","status":"publish","type":"post","link":"https:\/\/www.europesays.com\/es\/228298\/","title":{"rendered":"Los GEO abaten a un narco en una operaci\u00f3n antidroga en Toledo tras recibir un tiroteo | Tribunales"},"content":{"rendered":"<p class=\"loc\">Toledo<\/p>\n<p>Eran las 19:54 de este domingo. El escenario la urbanizaci\u00f3n Cerro Alberche, en el Casar de Escalona\u00a0 &#8211; en la avenida Talavera de la Reina-. La UDYCO hab\u00eda dise\u00f1ado el operativo antidroga para detener a un objetivo de alto valor, un narco dominicano. <\/p>\n<p>Los mandos de la Unidad de Droga y Crimen Organizado (UDYCO) de la Comisar\u00eda General de Polic\u00eda Judicial que hab\u00edan planificado la operaci\u00f3n eran conscientes del alto nivel de violencia de su objetivo, de ah\u00ed que agentes del GEO, la unidad de \u00e9lite de la Polic\u00eda, participasen en el registro del chalet para arrestar a este criminal. Y as\u00ed fue. Los cuatro narcos \u2013 de entre 25 y 38 a\u00f1os- recibieron a los agentes a balazos. Sacaron sus pistolas y se liaron a tiros contra el operativo policial, seg\u00fan han confirmado a la SER fuentes policiales que han participado directamente en el operativo.<\/p>\n<p>Los agentes del Grupo Especial de Operaciones (GEO) se vieron obligados a hacer uso de sus armas reglamentarias. El resultado, tres narcos heridos, uno de ellos de extrema gravedad, que al final ha fallecido en el hospital de Talavera, pese a las maniobras de reanimaci\u00f3n realizadas por los propios agentes. Los otros dos heridos de bala fueron trasladados al hospital de Toledo.<\/p>\n<p>Precisamente, este fin de semana, en Isla Mayor, en Sevilla, otro agente de la Polic\u00eda Nacional result\u00f3 herido de gravedad tras ser tiroteado por un narcotraficante durante otro operativo antidroga. <\/p>\n<p>El polic\u00eda herido, destinado en los Grupos de Respuesta Especial para el Crimen Organizado (GRECO), vigilaba uno de los almacenes con un alijo de hach\u00eds, conocidos en el argot policial como guarder\u00edas, cuando se vio tiroteado por un atacante que portaba un arma larga. El herido sufri\u00f3 dos impactos de bala y fue operado de urgencia en un hospital de la provincia de Sevilla. <\/p>\n","protected":false},"excerpt":{"rendered":"Toledo Eran las 19:54 de este domingo. El escenario la urbanizaci\u00f3n Cerro Alberche, en el Casar de Escalona\u00a0&hellip;\n","protected":false},"author":2,"featured_media":202929,"comment_status":"","ping_status":"","sticky":false,"template":"","format":"standard","meta":{"footnotes":""},"categories":[8],"tags":[28503,17,18,25,24,13,14,11,55651,19,20,55652,9,10,15,16,23,12,21,22,55653],"class_list":{"0":"post-228298","1":"post","2":"type-post","3":"status-publish","4":"format-standard","5":"has-post-thumbnail","7":"category-espana","8":"tag-arms","9":"tag-breaking-news","10":"tag-breakingnews","11":"tag-es","12":"tag-espana","13":"tag-featured-news","14":"tag-featurednews","15":"tag-headlines","16":"tag-helmets","17":"tag-latest-news","18":"tag-latestnews","19":"tag-national_police","20":"tag-news","21":"tag-noticias","22":"tag-noticias-destacadas","23":"tag-noticiasdestacadas","24":"tag-spain","25":"tag-titulares","26":"tag-ultimas-noticias","27":"tag-ultimasnoticias","28":"tag-uniforms"},"share_on_mastodon":{"url":"https:\/\/pubeurope.com\/@es\/115524733862090512","error":""},"_links":{"self":[{"href":"https:\/\/www.europesays.com\/es\/wp-json\/wp\/v2\/posts\/228298","targetHints":{"allow":["GET"]}}],"collection":[{"href":"https:\/\/www.europesays.com\/es\/wp-json\/wp\/v2\/posts"}],"about":[{"href":"https:\/\/www.europesays.com\/es\/wp-json\/wp\/v2\/types\/post"}],"author":[{"embeddable":true,"href":"https:\/\/www.europesays.com\/es\/wp-json\/wp\/v2\/users\/2"}],"replies":[{"embeddable":true,"href":"https:\/\/www.europesays.com\/es\/wp-json\/wp\/v2\/comments?post=228298"}],"version-history":[{"count":0,"href":"https:\/\/www.europesays.com\/es\/wp-json\/wp\/v2\/posts\/228298\/revisions"}],"wp:featuredmedia":[{"embeddable":true,"href":"https:\/\/www.europesays.com\/es\/wp-json\/wp\/v2\/media\/202929"}],"wp:attachment":[{"href":"https:\/\/www.europesays.com\/es\/wp-json\/wp\/v2\/media?parent=228298"}],"wp:term":[{"taxonomy":"category","embeddable":true,"href":"https:\/\/www.europesays.com\/es\/wp-json\/wp\/v2\/categories?post=228298"},{"taxonomy":"post_tag","embeddable":true,"href":"https:\/\/www.europesays.com\/es\/wp-json\/wp\/v2\/tags?post=228298"}],"curies":[{"name":"wp","href":"https:\/\/api.w.org\/{rel}","templated":true}]}}