{"id":228303,"date":"2025-11-10T09:44:09","date_gmt":"2025-11-10T09:44:09","guid":{"rendered":"https:\/\/www.europesays.com\/es\/228303\/"},"modified":"2025-11-10T09:44:09","modified_gmt":"2025-11-10T09:44:09","slug":"la-locura-del-gitano-pogacar-no-le-llega-ni-a-los-talones-a-merckx","status":"publish","type":"post","link":"https:\/\/www.europesays.com\/es\/228303\/","title":{"rendered":"La locura del \u2018Gitano\u2019: \u201cPogacar no le llega ni a los talones a Merckx\u201d"},"content":{"rendered":"<p class=\"\">En los dos \u00faltimos a\u00f1os se ha intensificado el debate que est\u00e1 dotando de narrativa al actual ciclismo.<b> \u00bfEs mejor Tadej Pogacar que Eddy Merckx?<\/b> La batalla, de distintas \u00e9pocas y contextos, es encarnizada por ser el m\u00e1s grande de la historia, un pulso otrora inexistente y que a d\u00eda de hoy est\u00e1 en el aire por la <a href=\"https:\/\/as.com\/ciclismo\/mas_ciclismo\/pogacar-un-talento-sobrenatural-f202511-n\/\" target=\"_self\" rel=\"nofollow noopener\" title=\"https:\/\/as.com\/ciclismo\/mas_ciclismo\/pogacar-un-talento-sobrenatural-f202511-n\/\"><b>imparable irrupci\u00f3n del esloveno. A sus 27 a\u00f1os,<\/b><\/a> y aunque todav\u00eda le quede camino para ponerse a la altura de los deslumbrantes n\u00fameros de \u2018El Can\u00edbal\u2019, Pogi es el \u00fanico ciclista que, a corto plazo, puede llegar a destronar al belga.<\/p>\n<p class=\"\">Sin embargo, aunque cada vez se estrecha m\u00e1s el cerco en lo estad\u00edstico, tanto en grandes vueltas como Monumentos, otro de los grandes nombres en la historia del ciclismo ve un<b> abismo entre Pogacar y Merckx. Ese es Roger de Vlaeminck <\/b>(78 a\u00f1os), al que no le valen ni los n\u00fameros del esloveno ni su impresionante forma de ganar. \u201c\u00a1Tonter\u00edas! <b>Pogacar no le llega ni a los talones a Merckx.<\/b> Si tuviera 22 a\u00f1os y estuviera rodando en el pelot\u00f3n con \u00e9l, no me dejar\u00eda atr\u00e1s\u201d, clam\u00f3 \u2018El Gitano\u2019 en su reciente entrevista en Het Laatste Nieuws, evitando rotundamente cualquier atisbo de comparativa. <\/p>\n<p class=\"\">Para De Vlaeminck, quien <b>cuestione que Merckx sigue siendo el referente de este deporte \u201cno tiene ni idea\u201d,<\/b> aunque sus ataques en dicha entrevista no quedaron ah\u00ed. El belga reparti\u00f3 m\u00e1s juego&#8230; Y no apunt\u00f3 hacia dos cualquiera, empezando por su compatriota <b>Remco Evenepoel: \u201cNo es mi tipo.<\/b> Es un muy buen ciclista, un contrarrelojista excepcional. Pero a veces me parece <b>un poco arrogante.<\/b> \u00bfLevantar la bicicleta al aire despu\u00e9s de la meta? \u00bfDe verdad es necesario? Simplemente cruza la l\u00ednea y gana\u00bb.<\/p>\n<p>Noticias relacionadas<\/p>\n<p class=\"\">Ah\u00ed no qued\u00f3 la cosa, porque el siempre controvertido De Vlaeminck, puso en duda abiertamente las virtudes de uno de los mejores corredores de la actualidad, <b>Mathieu van der Poel: \u201cNo sabe hacer contrarreloj, no sabe escalar, no sabe esprintar;<\/b> no le queda mucho m\u00e1s\u201d. Pese a todas esas \u2018carencias\u2019, el holand\u00e9s (con 8) est\u00e1 en disposici\u00f3n de alcanzar los 11 Monumentos que gan\u00f3 el belga en su carrera. Por ahora, no le ha ido mal&#8230;<\/p>\n<p class=\"\"><b>\u00a1Tus opiniones importan!<\/b> Comenta en los art\u00edculos y suscr\u00edbete gratis a nuestra <a href=\"https:\/\/asfan.as.com\/newsletters\/\" target=\"_blank\" rel=\"nofollow noopener\" title=\"https:\/\/asfan.as.com\/newsletters\/\">newsletter<\/a> y a las alertas informativas en la <a href=\"https:\/\/as.com\/aplicacion-de-as-n\/\" target=\"_blank\" rel=\"nofollow noopener\" title=\"https:\/\/as.com\/aplicacion-de-as-n\/\">App<\/a> o el canal de <a href=\"https:\/\/www.whatsapp.com\/channel\/0029VaAasdA7j6g745nz9M10\" target=\"_blank\" rel=\"nofollow noopener\" title=\"https:\/\/www.whatsapp.com\/channel\/0029VaAasdA7j6g745nz9M10\">WhatsApp<\/a>. \u00bfBuscas licenciar contenido? Haz clic <a href=\"https:\/\/profesional.elpais.com\/soluciones-sindicacion?utm_medium=interno&amp;utm_source=crosslinking&amp;utm_campaign=sindicacion_as_pie_articulos\" target=\"_blank\" rel=\"nofollow noopener\" title=\"https:\/\/profesional.elpais.com\/soluciones-sindicacion?utm_medium=interno&amp;utm_source=crosslinking&amp;utm_campaign=sindicacion_as_pie_articulos\">aqu\u00ed<\/a><\/p>\n","protected":false},"excerpt":{"rendered":"En los dos \u00faltimos a\u00f1os se ha intensificado el debate que est\u00e1 dotando de narrativa al actual ciclismo.&hellip;\n","protected":false},"author":2,"featured_media":228304,"comment_status":"","ping_status":"","sticky":false,"template":"","format":"standard","meta":{"footnotes":""},"categories":[273],"tags":[313,312,168,25,24,23,167],"class_list":{"0":"post-228303","1":"post","2":"type-post","3":"status-publish","4":"format-standard","5":"has-post-thumbnail","7":"category-ciclismo","8":"tag-ciclismo","9":"tag-cycling","10":"tag-deportes","11":"tag-es","12":"tag-espana","13":"tag-spain","14":"tag-sports"},"share_on_mastodon":{"url":"https:\/\/pubeurope.com\/@es\/115524761217237937","error":""},"_links":{"self":[{"href":"https:\/\/www.europesays.com\/es\/wp-json\/wp\/v2\/posts\/228303","targetHints":{"allow":["GET"]}}],"collection":[{"href":"https:\/\/www.europesays.com\/es\/wp-json\/wp\/v2\/posts"}],"about":[{"href":"https:\/\/www.europesays.com\/es\/wp-json\/wp\/v2\/types\/post"}],"author":[{"embeddable":true,"href":"https:\/\/www.europesays.com\/es\/wp-json\/wp\/v2\/users\/2"}],"replies":[{"embeddable":true,"href":"https:\/\/www.europesays.com\/es\/wp-json\/wp\/v2\/comments?post=228303"}],"version-history":[{"count":0,"href":"https:\/\/www.europesays.com\/es\/wp-json\/wp\/v2\/posts\/228303\/revisions"}],"wp:featuredmedia":[{"embeddable":true,"href":"https:\/\/www.europesays.com\/es\/wp-json\/wp\/v2\/media\/228304"}],"wp:attachment":[{"href":"https:\/\/www.europesays.com\/es\/wp-json\/wp\/v2\/media?parent=228303"}],"wp:term":[{"taxonomy":"category","embeddable":true,"href":"https:\/\/www.europesays.com\/es\/wp-json\/wp\/v2\/categories?post=228303"},{"taxonomy":"post_tag","embeddable":true,"href":"https:\/\/www.europesays.com\/es\/wp-json\/wp\/v2\/tags?post=228303"}],"curies":[{"name":"wp","href":"https:\/\/api.w.org\/{rel}","templated":true}]}}