{"id":228305,"date":"2025-11-10T09:46:19","date_gmt":"2025-11-10T09:46:19","guid":{"rendered":"https:\/\/www.europesays.com\/es\/228305\/"},"modified":"2025-11-10T09:46:19","modified_gmt":"2025-11-10T09:46:19","slug":"una-derrota-que-altera-la-cuentas-en-el-unicaja","status":"publish","type":"post","link":"https:\/\/www.europesays.com\/es\/228305\/","title":{"rendered":"Una derrota que altera la cuentas en el Unicaja"},"content":{"rendered":"<p>La feroz competencia por hacerse con uno de los ocho puestos que dar\u00e1n acceso a la Copa del Rey cuando finalice la primera vuelta se  &#8230; ha evidenciado en estas primeras seis jornadas de la Liga Endesa. El Unicaja, siempre candidato a disputar el torneo del &#8216;KO&#8217; cuando llega febrero, hace cuentas cara a cumplir el pr\u00f3ximo objetivo de su lista en la temporada, aunque la derrota de este s\u00e1bado en la bombonera de Andorra las ha alterado. Una vez superado el tramo aparentemente dif\u00edcil del calendario, con Gran Canaria, Bar\u00e7a y Tenerife en l\u00ednea, contaba con sacar adelante los partidos venideros para hacerse fuerte en lo alto de la clasificaci\u00f3n, pero fall\u00f3. Y las sensaciones tambi\u00e9n invitan a ser algo m\u00e1s dubitativos que en ocasiones anteriores.<\/p>\n<p class=\"v-p\">Con tres victorias (Surne Bilbao, Gran Canaria y Girona) y tres derrotas (Bar\u00e7a, Tenerife y Andorra) aguarda ya sus pr\u00f3ximos compromisos. Sab\u00eda que el del Principado era un partido trampa, ante un rival que estaba en descenso con s\u00f3lo un triunfo, pero cuyos resultados no se correspond\u00edan con su potencial real. A\u00fan as\u00ed fue superado en todos los aspectos del juego por el equipo del conocido Joan Plaza. En el horizonte tiene un viaje a Turqu\u00eda para v\u00e9rseles con el Mersin (el mi\u00e9rcoles a las 18.00 horas) en la BCL, en un encuentro que se presenta como una buena oportunidad para recuperar sensaciones y la confianza que da ganar, y el s\u00e1bado tendr\u00e1 otro dif\u00edcil compromiso frente al Casademont Zaragoza. M\u00e1s all\u00e1, cerrar\u00e1 noviembre recibiendo al Baxi Manresa, en la antesala de la que ser\u00e1 la primera ventana FIBA de la temporada en la ACB.<\/p>\n<p class=\"v-p\">En total son tres partidos consecutivos fuera. Y el Unicaja, por su lado, ha demostrado ser menos competitivo lejos del Carpena que en su casa, por lo que los dos compromisos que tiene en el horizonte se presentan como una buena prueba de fuego para el equipo, que a\u00fan est\u00e1 a tiempo de demostrar que lo del s\u00e1bado no fue m\u00e1s que un desliz. Para ello deber\u00e1 mejorar varios aspectos de su juego: la efectividad en el tiro, su solidez defensiva y la forma de entrar al primer cuarto, que fue lo que decant\u00f3 el partido desde el principio en Andorra.<\/p>\n<p class=\"v-p\">La situaci\u00f3n de la Liga Endesa, en l\u00edneas generales, en estas primeras seis jornadas, deja pocas certezas y muchas a la &#8216;imaginaci\u00f3n&#8217; de cada uno. Con un claro dominador en este arranque, el Valencia, y otros tantos que han empezado a competir a un gran nivel, caso del Tenerife, UCAM Murcia, Joventut o Hiopos Lleida, parece que la clasificaci\u00f3n cara a la Copa estar\u00e1 m\u00e1s abierta que en ocasiones anteriores. Por ah\u00ed pulula tambi\u00e9n un Real Madrid que casi seguro no se perder\u00e1 la cita y un Barcelona que, pese a haber comenzado con el pie izquierdo, todo apunta a que recuperar\u00e1 el paso con el transcurso de la competici\u00f3n.<\/p>\n<p>Gesti\u00f3n de expectativas<\/p>\n<p class=\"v-p\">En esa ecuaci\u00f3n est\u00e1n tambi\u00e9n equipos como el Unicaja, el Gran Canaria, el Baskonia o el Zaragoza. Los tres primeros, por jerarqu\u00eda, tratar\u00e1n de apuntarse a toda costa a la fiesta de la Copa. Eso s\u00ed, no ser\u00e1 un camino de rosas para ninguno. El Unicaja ha de lidiar con las expectativas que inevitablemente se han creado a ra\u00edz de sus anteriores y brillantes campa\u00f1as, con especial atenci\u00f3n a la \u00faltima. La adaptaci\u00f3n y el rendimiento de los nuevos es otro de los asteriscos del equipo en este tramo. Las dudas que dejan Webb y Sulejmanovic y el nulo aporte de Casta\u00f1eda es otro frente con el que ha de lidiar el cuerpo t\u00e9cnico, que ya espera la llegada de un nuevo &#8216;cinco&#8217; que supla a Kravish.<\/p>\n<p class=\"v-p\">El Baskonia de Galbiati, por su lado, cuenta con el aliciente de clasificarse para la Copa del Rey tras dos temporadas qued\u00e1ndose fuera, lastrado, principalmente, por la exigencia de la Euroliga. El peso del club de los de &#8216;siempre&#8217; y el empuje de los otros que se quieren apuntar a la fiesta del Roig Arena dejar\u00e1 una trepidante batalla por ocupar una de las ocho primeras sillas de la Liga, con el Unicaja tratando de &#8216;cuadrar&#8217;, de nuevo, sus cuentas.<\/p>\n","protected":false},"excerpt":{"rendered":"La feroz competencia por hacerse con uno de los ocho puestos que dar\u00e1n acceso a la Copa del&hellip;\n","protected":false},"author":2,"featured_media":228306,"comment_status":"","ping_status":"","sticky":false,"template":"","format":"standard","meta":{"footnotes":""},"categories":[269],"tags":[23834,299,298,10305,168,2244,25,24,23,167,2246],"class_list":{"0":"post-228305","1":"post","2":"type-post","3":"status-publish","4":"format-standard","5":"has-post-thumbnail","7":"category-baloncesto","8":"tag-altera","9":"tag-baloncesto","10":"tag-basketball","11":"tag-cuentas","12":"tag-deportes","13":"tag-derrota","14":"tag-es","15":"tag-espana","16":"tag-spain","17":"tag-sports","18":"tag-unicaja"},"share_on_mastodon":{"url":"https:\/\/pubeurope.com\/@es\/115524769280621674","error":""},"_links":{"self":[{"href":"https:\/\/www.europesays.com\/es\/wp-json\/wp\/v2\/posts\/228305","targetHints":{"allow":["GET"]}}],"collection":[{"href":"https:\/\/www.europesays.com\/es\/wp-json\/wp\/v2\/posts"}],"about":[{"href":"https:\/\/www.europesays.com\/es\/wp-json\/wp\/v2\/types\/post"}],"author":[{"embeddable":true,"href":"https:\/\/www.europesays.com\/es\/wp-json\/wp\/v2\/users\/2"}],"replies":[{"embeddable":true,"href":"https:\/\/www.europesays.com\/es\/wp-json\/wp\/v2\/comments?post=228305"}],"version-history":[{"count":0,"href":"https:\/\/www.europesays.com\/es\/wp-json\/wp\/v2\/posts\/228305\/revisions"}],"wp:featuredmedia":[{"embeddable":true,"href":"https:\/\/www.europesays.com\/es\/wp-json\/wp\/v2\/media\/228306"}],"wp:attachment":[{"href":"https:\/\/www.europesays.com\/es\/wp-json\/wp\/v2\/media?parent=228305"}],"wp:term":[{"taxonomy":"category","embeddable":true,"href":"https:\/\/www.europesays.com\/es\/wp-json\/wp\/v2\/categories?post=228305"},{"taxonomy":"post_tag","embeddable":true,"href":"https:\/\/www.europesays.com\/es\/wp-json\/wp\/v2\/tags?post=228305"}],"curies":[{"name":"wp","href":"https:\/\/api.w.org\/{rel}","templated":true}]}}