{"id":228309,"date":"2025-11-10T09:48:18","date_gmt":"2025-11-10T09:48:18","guid":{"rendered":"https:\/\/www.europesays.com\/es\/228309\/"},"modified":"2025-11-10T09:48:18","modified_gmt":"2025-11-10T09:48:18","slug":"es-una-lider-natural-todos-la-reclaman-la-buscan-tiene-una-buena-base-de-valores","status":"publish","type":"post","link":"https:\/\/www.europesays.com\/es\/228309\/","title":{"rendered":"Es una l\u00edder natural, todos la reclaman, la buscan&#8230; Tiene una buena base de valores"},"content":{"rendered":"<p class=\"paragraph\" data-end=\"410\" data-start=\"151\" id=\"paragraph_1\">Con un look rompedor en color negro y una amplia sonrisa, <a href=\"https:\/\/www.elespanol.com\/corazon\/famosos\/20250612\/lidia-torrent-jaime-astrain-relacion-terapia-pareja-reenamorarse-continuamente\/1003743801168_0.html?utm_cmp_rs=linksinline\" rel=\"nofollow noopener\" target=\"_blank\"><strong>Lidia Torrent<\/strong><\/a> (31 a\u00f1os) se sienta a charlar con <a href=\"https:\/\/www.elespanol.com\/corazon\/?utm_cmp_rs=linksinline\" target=\"_blank\" rel=\"nofollow noopener\"><strong data-end=\"261\" data-start=\"247\">EL ESPA\u00d1OL<\/strong><\/a> en una conversaci\u00f3n distendida. La modelo se muestra muy abierta a hablar sobre su vida privada y su relaci\u00f3n con <strong>Jaime Astrain<\/strong> (37), padre de su hija.<\/p>\n<p class=\"paragraph\" data-end=\"754\" data-start=\"412\" id=\"paragraph_2\">El pasado mi\u00e9rcoles, 5 de noviembre, Torrent asisti\u00f3 a la presentaci\u00f3n de Camino a Arcadia, la serie de SkyShowtime protagonizada por <strong>William Levy<\/strong> (45) y <strong>Paula Echevarr\u00eda<\/strong> (48). Madrid se visti\u00f3 de gala para recibir a los rostros conocidos que no quisieron perderse el estreno, entre ellos, <strong>una de las parejas de moda<\/strong>: Lidia Torrent y Jaime Astrain.<\/p>\n<p class=\"paragraph\" data-end=\"898\" data-start=\"756\" id=\"paragraph_3\">Tras los rumores de crisis, el momento actual de su relaci\u00f3n o su vida junto a su <strong>peque\u00f1a Elsa<\/strong> (3), la modelo se sincera ahora ante este diario.<\/p>\n<p><img loading=\"lazy\" decoding=\"async\" alt=\"DL_u584738_149\" height=\"180\" src=\"https:\/\/www.europesays.com\/es\/wp-content\/uploads\/2025\/11\/1003743801344_256403792_320x180.jpg\" width=\"320\" data-lazy-status=\"processed\" data-lazy-info=\"remove loading item 1\"\/><\/p>\n<p class=\"paragraph\" data-end=\"581\" data-start=\"148\" id=\"paragraph_4\">La pareja sue\u00f1a con vivir fuera de Espa\u00f1a, algo que nunca han contado y que desvela en exclusiva con <a href=\"https:\/\/www.elespanol.com\/corazon\/?utm_cmp_rs=linksinline\" target=\"_blank\" rel=\"nofollow noopener\"><strong data-end=\"263\" data-start=\"249\">EL ESPA\u00d1OL<\/strong><\/a>. Adem\u00e1s, Torrent descubre que le encantar\u00eda haber vivido con su pareja la etapa en la que jugaba al f\u00fatbol, ya que le gusta mucho este deporte.<\/p>\n<p class=\"paragraph\" data-end=\"581\" data-start=\"148\" id=\"paragraph_5\">Y, por \u00faltimo,<strong> habla de la nueva faceta que est\u00e1 viviendo con su peque\u00f1a de 3 a\u00f1os<\/strong>. \u00ab\u00bfEres la bruja Lola?\u00bb, ha comenzado diciendo entre risas ante las primeras cuestiones.<\/p>\n<p><img decoding=\"async\" alt=\"Lidia Torrent en el estreno de 'Camino a Arcadia' en Madrid.\" data-imgm=\"true\" height=\"180\" loading=\"lazy\"  src=\"https:\/\/www.europesays.com\/es\/wp-content\/uploads\/2025\/11\/1003744004358_259811722_1024x576.jpg\"  width=\"320\"\/><\/p>\n<p>                                                            Lidia Torrent en el estreno de &#8216;Camino a Arcadia&#8217; en Madrid.<\/p>\n<p>                    Gtres<\/p>\n<p class=\"paragraph\" id=\"paragraph_6\"><strong>En el momento en el que se encuentra su relaci\u00f3n ahora mismo, \u00bfle apetecer\u00eda dar un paso m\u00e1s e irse a vivir fuera de Espa\u00f1a? <\/strong><\/p>\n<p class=\"paragraph\" data-end=\"618\" data-start=\"431\" id=\"paragraph_7\">\u00bfPor qu\u00e9 lo dice? Ah, porque ha dicho algo \u00e9l\u2026 No, no es que me vaya, pero esas cosas son con las que hemos fantaseado muchas veces.<\/p>\n<p class=\"paragraph\" data-end=\"663\" data-start=\"620\" id=\"paragraph_8\"><strong data-end=\"661\" data-start=\"620\">\u00bfHan fantaseado con qu\u00e9 exactamente?<\/strong><\/p>\n<p class=\"paragraph\" data-end=\"726\" data-start=\"665\" id=\"paragraph_9\">Con estar en otra ciudad en alg\u00fan momento de nuestra vida y vivir la experiencia.<\/p>\n<p class=\"paragraph\" data-end=\"760\" data-start=\"728\" id=\"paragraph_10\"><strong data-end=\"758\" data-start=\"728\">\u00bfY le apetecer\u00eda hacerlo?<\/strong><\/p>\n<p class=\"paragraph\" data-end=\"1080\" data-start=\"762\" id=\"paragraph_11\">S\u00ed. O sea, en la ciudad en la que quiz\u00e1 podr\u00edamos llegar a estar, s\u00ed. No a corto plazo, de decir &#8216;venga, nos vamos ma\u00f1ana&#8217;, pero <strong>s\u00ed que fantaseas un poco con eso: te ves en otro lugar<\/strong>, piensas qu\u00e9 pasar\u00eda si abres el abanico a poder estar all\u00ed\u2026 Bueno, no quiero agafarlo; si alg\u00fan d\u00eda se materializa, te lo contar\u00e9.<\/p>\n<p class=\"paragraph\" data-end=\"1097\" data-start=\"1082\" id=\"paragraph_12\"><strong data-end=\"1095\" data-start=\"1082\">\u00bfPero esa ciudad est\u00e1 en Europa?<\/strong><\/p>\n<p class=\"paragraph\" data-end=\"1166\" data-start=\"1099\" id=\"paragraph_13\">Ah, no, no, no\u2026 nosotros, si lo hacemos, lo hacemos a lo grande.<\/p>\n<p class=\"paragraph\" data-end=\"1214\" data-start=\"1168\" id=\"paragraph_14\"><strong data-end=\"1212\" data-start=\"1168\">O sea, como Mar\u00eda Pombo\u2026 \u00bfMiami, quiz\u00e1s?<\/strong><\/p>\n<p class=\"paragraph\" data-end=\"1297\" data-start=\"1216\" id=\"paragraph_15\">No, no s\u00e9..<\/p>\n<blockquote class=\"content__blockquote\">\n<p class=\"blockquote__quote\">\u00abHemos fantaseado con estar en otra ciudad en alg\u00fan momento de nuestra vida y vivir la experiencia\u00bb.<\/p>\n<\/blockquote>\n<p class=\"paragraph\" data-end=\"1297\" data-start=\"1216\" id=\"paragraph_16\"><strong>\u00bfTe hubiese gustado vivir siendo mujer de futbolista?<\/strong><\/p>\n<p class=\"paragraph\" data-end=\"1733\" data-start=\"1299\" id=\"paragraph_17\">Yo alguna vez se lo he dicho, porque creo que tambi\u00e9n me hubiera gustado mucho vivir con la peque esa etapa de jugador. Poder ir a verle y estar all\u00ed. A m\u00ed me gusta mucho el deporte en general, y seguir a tu pareja. <strong>Verle jugar puede ser algo muy bonito.<\/strong> Y que la peque lo hubiera vivido desde cero, tambi\u00e9n. Pero bueno, ahora le vemos jugar en amateur, maj\u00edsimo \u00e9l ah\u00ed los fines de semana, los domingos, y nosotras vi\u00e9ndole.<\/p>\n<p class=\"paragraph\" data-end=\"1865\" data-start=\"1816\" id=\"paragraph_18\"><strong data-end=\"1863\" data-start=\"1816\">\u00bfQu\u00e9 piensa de las cr\u00edticas que le caen a las mujeres de los futbolistas?<\/strong><\/p>\n<p class=\"paragraph\" data-end=\"2395\" data-start=\"1867\" id=\"paragraph_19\">\u00bfSabe qu\u00e9 pasa? <strong>Eso es un gran prejuicio.<\/strong> Esto es como todo: hay de todo en todas partes. No son \u00ablas que acompa\u00f1an a futbolistas\u00bb. Me refiero a que son mujeres s\u00faper v\u00e1lidas, que tienen su camino, su trabajo, su futuro, sus propias proyecciones.<\/p>\n<p class=\"paragraph\" data-end=\"2395\" data-start=\"1867\" id=\"paragraph_20\">Si las conoces, se te quita mucho el prejuicio, pero como<strong> nos va m\u00e1s tirar de prejuicio que conocer<\/strong>, al final estiramos el chicle. Yo he conocido a much\u00edsimas mujeres de futbolistas que son potent\u00edsimas, valid\u00edsimas y con su propio camino y proyectos.<\/p>\n<p><img decoding=\"async\" alt=\"Lidia Torrent y Jaime Astrain en el estreno de 'Camino a Arcadia'.\" height=\"2239\" loading=\"lazy\" width=\"1706\" data-lazy-status=\"processed\" id=\"81f98c8111\" src=\"https:\/\/www.elespanol.com\/corazon\/famosos\/20251110\/lidia-torrent-hija-elsa-lider-natural-reclaman-buscan-buena-base-valores\/[\" https:=\"\" data-lazy-info=\"changed src\"\/><\/p>\n<p>                                                            Lidia Torrent y Jaime Astrain en el estreno de &#8216;Camino a Arcadia&#8217;.<\/p>\n<p>                    Gtres<\/p>\n<p class=\"paragraph\" data-end=\"2488\" data-start=\"2397\" id=\"paragraph_21\"><strong data-end=\"2486\" data-start=\"2397\">Y ahora que es madre, \u00bfqu\u00e9 consejo le est\u00e1 dando a su hija? \u00bfC\u00f3mo la est\u00e1n educando?<\/strong><\/p>\n<p class=\"paragraph\" data-end=\"2977\" data-start=\"2490\" id=\"paragraph_22\">A ver, tiene tres a\u00f1os\u2026 <strong>No asimila conceptos muy complejos todav\u00eda<\/strong>. Pero, justamente tuvimos una tutor\u00eda el otro d\u00eda, y lo que mola que te digan ahora es que es una ni\u00f1a curiosa, que le gusta aprender, que tiene alma de l\u00edder, que es una ni\u00f1a con confianza y amor propio.<\/p>\n<p class=\"paragraph\" data-end=\"2977\" data-start=\"2490\" id=\"paragraph_23\">Todas esas peque\u00f1as cosas, que son las que dejan m\u00e1s peso y con las que se va formando su identidad, creo que eso lo tiene. Tiene una buena base de valores. Y bueno, tampoco nos ponemos muy intensos con eso, la verdad.<\/p>\n<p class=\"paragraph\" data-end=\"3054\" data-start=\"2979\" id=\"paragraph_24\"><strong data-end=\"3052\" data-start=\"2979\">\u00bfHay algo que le llame especialmente la atenci\u00f3n de su personalidad?<\/strong><\/p>\n<p class=\"paragraph\" data-end=\"3554\" data-start=\"3056\" id=\"paragraph_25\">S\u00ed. Yo te dir\u00e9 que,<strong> cuando era peque\u00f1a, nunca fui l\u00edder.<\/strong> Bueno, no lo he sido nunca, ni lo soy ahora tampoco (r\u00ede). Siempre he intentado estar un poco m\u00e1s al margen. Me ha gustado no pasar desapercibida, pero tampoco ser el centro de atenci\u00f3n. No tengo ese alma de l\u00edder; soy Leo, pero eso no me representa.<\/p>\n<p class=\"paragraph\" data-end=\"3554\" data-start=\"3056\" id=\"paragraph_26\">Ella, sin embargo, gestiona eso muy bien: es una l\u00edder natural. <strong>Todos la reclaman, la buscan\u2026 y eso me hace mucha gracia<\/strong>, porque creo que es algo muy personal y que ya viene predeterminado en ella.<\/p>\n","protected":false},"excerpt":{"rendered":"Con un look rompedor en color negro y una amplia sonrisa, Lidia Torrent (31 a\u00f1os) se sienta a&hellip;\n","protected":false},"author":2,"featured_media":228310,"comment_status":"","ping_status":"","sticky":false,"template":"","format":"standard","meta":{"footnotes":""},"categories":[174],"tags":[255,146,147,25,24,367,256,1913,10852,23],"class_list":{"0":"post-228309","1":"post","2":"type-post","3":"status-publish","4":"format-standard","5":"has-post-thumbnail","7":"category-famosos","8":"tag-celebrities","9":"tag-entertainment","10":"tag-entretenimiento","11":"tag-es","12":"tag-espana","13":"tag-familia","14":"tag-famosos","15":"tag-maternidad","16":"tag-presentadores","17":"tag-spain"},"share_on_mastodon":{"url":"https:\/\/pubeurope.com\/@es\/115524777386886687","error":""},"_links":{"self":[{"href":"https:\/\/www.europesays.com\/es\/wp-json\/wp\/v2\/posts\/228309","targetHints":{"allow":["GET"]}}],"collection":[{"href":"https:\/\/www.europesays.com\/es\/wp-json\/wp\/v2\/posts"}],"about":[{"href":"https:\/\/www.europesays.com\/es\/wp-json\/wp\/v2\/types\/post"}],"author":[{"embeddable":true,"href":"https:\/\/www.europesays.com\/es\/wp-json\/wp\/v2\/users\/2"}],"replies":[{"embeddable":true,"href":"https:\/\/www.europesays.com\/es\/wp-json\/wp\/v2\/comments?post=228309"}],"version-history":[{"count":0,"href":"https:\/\/www.europesays.com\/es\/wp-json\/wp\/v2\/posts\/228309\/revisions"}],"wp:featuredmedia":[{"embeddable":true,"href":"https:\/\/www.europesays.com\/es\/wp-json\/wp\/v2\/media\/228310"}],"wp:attachment":[{"href":"https:\/\/www.europesays.com\/es\/wp-json\/wp\/v2\/media?parent=228309"}],"wp:term":[{"taxonomy":"category","embeddable":true,"href":"https:\/\/www.europesays.com\/es\/wp-json\/wp\/v2\/categories?post=228309"},{"taxonomy":"post_tag","embeddable":true,"href":"https:\/\/www.europesays.com\/es\/wp-json\/wp\/v2\/tags?post=228309"}],"curies":[{"name":"wp","href":"https:\/\/api.w.org\/{rel}","templated":true}]}}