{"id":228315,"date":"2025-11-10T09:53:23","date_gmt":"2025-11-10T09:53:23","guid":{"rendered":"https:\/\/www.europesays.com\/es\/228315\/"},"modified":"2025-11-10T09:53:23","modified_gmt":"2025-11-10T09:53:23","slug":"robert-pattinson-bromea-con-volver-a-crepusculo-me-gusta-quitarles-papeles-a-actores-mas-jovenes","status":"publish","type":"post","link":"https:\/\/www.europesays.com\/es\/228315\/","title":{"rendered":"Robert Pattinson bromea con volver a &#8216;Crep\u00fasculo&#8217;: \u00abMe gusta quitarles papeles a actores m\u00e1s j\u00f3venes\u00bb"},"content":{"rendered":"<p><a href=\"https:\/\/www.ecartelera.com\/personas\/robert-pattinson\/\" rel=\"nofollow noopener\" target=\"_blank\">Robert Pattinson<\/a> ha vuelto a mencionar la saga que lo convirti\u00f3 en una estrella mundial. Durante una entrevista con <a target=\"_blank\" href=\"https:\/\/www.youtube.com\/watch?v=QG8p2LZFVSo\" rel=\"nofollow noopener\">Vanity Fair<\/a> junto a su compa\u00f1era de reparto <a href=\"https:\/\/www.ecartelera.com\/personas\/jennifer-lawrence\/\" rel=\"nofollow noopener\" target=\"_blank\">Jennifer Lawrence<\/a>en &#8216;<a href=\"https:\/\/www.ecartelera.com\/peliculas\/die-my-love\/\" rel=\"nofollow noopener\" target=\"_blank\">Die My Love<\/a>&#8216;, el actor brit\u00e1nico ha confesado entre risas que no tendr\u00eda problema en <b>volver a interpretar a Edward Cullen, el vampiro adolescente<\/b> de &#8216;<a href=\"https:\/\/www.ecartelera.com\/sagas\/crepusculo\/\" rel=\"nofollow noopener\" target=\"_blank\">Crep\u00fasculo<\/a>&#8216;, si el proyecto estuviera en manos de los hermanos Safdie, con quienes trabaj\u00f3 en el aclamado thriller &#8216;<a href=\"https:\/\/www.ecartelera.com\/peliculas\/good-time\/\" rel=\"nofollow noopener\" target=\"_blank\">Good time<\/a>&#8216;.<\/p>\n<p>Trailer Crep\u00fasculo #1<\/p>\n<p><video id=\"vid-531\" class=\"video-js vjs-default-skin\" data-title=\"Trailer Crep\u00fasculo #1\" poster=\"https:\/\/www.ecartelera.com\/images\/videos\/500\/531-m.jpg\" controls=\"\" preload=\"auto\" width=\"640\" height=\"360\" playsinline=\"\" data-vtt=\"\/\/v1.ecartelera.com\/video\/500\/531_sprite.vtt\" data-stream=\"1\">El navegador no soporta el tag de v\u00eddeo.<\/video><\/p>\n<p>X<\/p>\n<p>\u00abClaro que s\u00ed, sin duda\u00bb, ha respondido Pattinson, de 39 a\u00f1os, cuando Lawrence le pregunta si aceptar\u00eda regresar al papel en una hipot\u00e9tica secuela dirigida por <a href=\"https:\/\/www.ecartelera.com\/personas\/joshua-safdie\/\" rel=\"nofollow noopener\" target=\"_blank\">Josh<\/a> y <a href=\"https:\/\/www.ecartelera.com\/personas\/ben-safdie\/\" rel=\"nofollow noopener\" target=\"_blank\">Benny Safdie<\/a>. La actriz replicaba entre carcajadas: \u00abNo creo que debas hacerlo\u00bb. A lo que \u00e9l contestaba: \u00ab\u00a1Ser\u00eda genial! <b>Me gusta quitarle el trabajo a los actores j\u00f3venes. Quiero volver a tener 17 a\u00f1os<\/b>\u00ab.<\/p>\n<p>El int\u00e9rprete incluso hizo un gui\u00f1o a la comedia protagonizada por Zac Efron en 2009, diciendo con iron\u00eda: \u00abHay una pel\u00edcula&#8230; la de <a href=\"https:\/\/www.ecartelera.com\/personas\/zac-efron\/\" rel=\"nofollow noopener\" target=\"_blank\">Zac Efron<\/a>\u00ab. Una referencia a &#8216;<a href=\"https:\/\/www.ecartelera.com\/peliculas\/17-otra-vez\/\" rel=\"nofollow noopener\" target=\"_blank\">17 otra vez<\/a>&#8216;, donde Efron interpretaba a un adulto que volv\u00eda m\u00e1gicamente a su juventud.<\/p>\n<p>\t\t\t\t\t\t\t<img decoding=\"async\" loading=\"lazy\" src=\"https:\/\/www.europesays.com\/es\/wp-content\/uploads\/2025\/11\/247611_robert-pattinson-bromea-con-volver-a-crepusculo.jpg\" alt=\"'Mickey 17'\" width=\"1200\" height=\"800\"\/>\t<\/p>\n<p>\t\t\t\t\t\t&#8216;Mickey 17&#8217; (Warner Bros. Pictures)<\/p>\n<p>Pattinson, que <b>comenz\u00f3 su carrera siendo adolescente<\/b>, alcanz\u00f3 la fama mundial gracias a su papel en &#8216;<a href=\"https:\/\/www.ecartelera.com\/peliculas\/crepusculo\/\" rel=\"nofollow noopener\" target=\"_blank\">Crep\u00fasculo<\/a>&#8216;, donde interpretaba al inmortal vampiro enamorado de Bella Swan (<a href=\"https:\/\/www.ecartelera.com\/personas\/kristen-stewart\/\" rel=\"nofollow noopener\" target=\"_blank\">Kristen Stewart<\/a>). Antes de eso, hab\u00eda aparecido en &#8216;<a href=\"https:\/\/www.ecartelera.com\/peliculas\/harry-potter-y-el-caliz-de-fuego\/\" rel=\"nofollow noopener\" target=\"_blank\">Harry Potter y el c\u00e1liz de fuego<\/a>&#8216; (2005), <b>su primer gran papel en una superproducci\u00f3n<\/b>.<\/p>\n<p>\u00bfMillennial o Gen Z?<\/p>\n<p>Durante la charla \u2014en la que ambos estaban conectados a un detector de mentiras\u2014, Lawrence tambi\u00e9n <b>puso en duda la autodefinici\u00f3n generacional<\/b> de su compa\u00f1ero. \u00abNo puedo creer que me hicieras un FaceTime en fr\u00edo y<b> dijeras que eso era muy Gen Z<\/b>\u00ab, recordaba la actriz. \u00abS\u00ed, lo soy\u00bb, replicaba Pattinson, quien insisti\u00f3 en considerarse parte de esa generaci\u00f3n.<\/p>\n<p>\t\t\t\t\t\t\t<img decoding=\"async\" loading=\"lazy\" src=\"https:\/\/www.europesays.com\/es\/wp-content\/uploads\/2025\/11\/247612_robert-pattinson-bromea-con-volver-a-crepusculo.jpg\" alt=\"'Die My Love'\" width=\"1200\" height=\"675\"\/>\t<\/p>\n<p>\t\t\t\t\t\t&#8216;Die My Love&#8217; (MUBI)<\/p>\n<p>\u00ab<b>Eres millennial&#8230;<\/b> aunque admito que crees de verdad que eres Gen Z\u00bb, bromeaba Lawrence antes de preguntarle su a\u00f1o de nacimiento. El actor evit\u00f3 responder directamente: \u00abNo importa\u00bb, dijo, alimentando a\u00fan m\u00e1s el tono humor\u00edstico de la conversaci\u00f3n.<\/p>\n<p>Pattinson y Lawrence comparten pantalla en &#8216;Die My Love&#8217;, un drama dirigido por <a href=\"https:\/\/www.ecartelera.com\/personas\/lynne-ramsay\/\" rel=\"nofollow noopener\" target=\"_blank\">Lynne Ramsay<\/a> donde interpretan a Grace y Jackson, una pareja que se muda al campo buscando una vida tranquila. Sin embargo, <b>la maternidad y la soledad acaban empujando a Grace hacia una espiral autodestructiva<\/b>. El filme marca la primera colaboraci\u00f3n entre dos de los int\u00e9rpretes m\u00e1s reconocidos de su generaci\u00f3n.<\/p>\n<p>&#8216;Die My Love&#8217; <b>se estrena en cines el 21 de noviembre<\/b>.<\/p>\n","protected":false},"excerpt":{"rendered":"Robert Pattinson ha vuelto a mencionar la saga que lo convirti\u00f3 en una estrella mundial. Durante una entrevista&hellip;\n","protected":false},"author":2,"featured_media":228316,"comment_status":"","ping_status":"","sticky":false,"template":"","format":"standard","meta":{"footnotes":""},"categories":[169],"tags":[1014,1015,1013,177,1011,146,147,25,24,782,176,1019,1016,175,753,1012,23,1017,1018],"class_list":{"0":"post-228315","1":"post","2":"type-post","3":"status-publish","4":"format-standard","5":"has-post-thumbnail","7":"category-cine","8":"tag-actores","9":"tag-actrices","10":"tag-cartelera","11":"tag-cine","12":"tag-ecartelera","13":"tag-entertainment","14":"tag-entretenimiento","15":"tag-es","16":"tag-espana","17":"tag-estrellas","18":"tag-film","19":"tag-fotogramas","20":"tag-fotos","21":"tag-movies","22":"tag-peliculas","23":"tag-pelis","24":"tag-spain","25":"tag-trailers","26":"tag-videos"},"share_on_mastodon":{"url":"https:\/\/pubeurope.com\/@es\/115524797029058295","error":""},"_links":{"self":[{"href":"https:\/\/www.europesays.com\/es\/wp-json\/wp\/v2\/posts\/228315","targetHints":{"allow":["GET"]}}],"collection":[{"href":"https:\/\/www.europesays.com\/es\/wp-json\/wp\/v2\/posts"}],"about":[{"href":"https:\/\/www.europesays.com\/es\/wp-json\/wp\/v2\/types\/post"}],"author":[{"embeddable":true,"href":"https:\/\/www.europesays.com\/es\/wp-json\/wp\/v2\/users\/2"}],"replies":[{"embeddable":true,"href":"https:\/\/www.europesays.com\/es\/wp-json\/wp\/v2\/comments?post=228315"}],"version-history":[{"count":0,"href":"https:\/\/www.europesays.com\/es\/wp-json\/wp\/v2\/posts\/228315\/revisions"}],"wp:featuredmedia":[{"embeddable":true,"href":"https:\/\/www.europesays.com\/es\/wp-json\/wp\/v2\/media\/228316"}],"wp:attachment":[{"href":"https:\/\/www.europesays.com\/es\/wp-json\/wp\/v2\/media?parent=228315"}],"wp:term":[{"taxonomy":"category","embeddable":true,"href":"https:\/\/www.europesays.com\/es\/wp-json\/wp\/v2\/categories?post=228315"},{"taxonomy":"post_tag","embeddable":true,"href":"https:\/\/www.europesays.com\/es\/wp-json\/wp\/v2\/tags?post=228315"}],"curies":[{"name":"wp","href":"https:\/\/api.w.org\/{rel}","templated":true}]}}