{"id":228333,"date":"2025-11-10T10:07:15","date_gmt":"2025-11-10T10:07:15","guid":{"rendered":"https:\/\/www.europesays.com\/es\/228333\/"},"modified":"2025-11-10T10:07:15","modified_gmt":"2025-11-10T10:07:15","slug":"entrevista-ciclismo-santiago-alejandra-neira-tengo-claro-que-hare-todo-lo-posible-para-dar-el-salto-a-profesional","status":"publish","type":"post","link":"https:\/\/www.europesays.com\/es\/228333\/","title":{"rendered":"ENTREVISTA CICLISMO SANTIAGO | Alejandra Neira: \u00abTengo claro que har\u00e9 todo lo posible para dar el salto a profesional\u00bb"},"content":{"rendered":"<p class=\"ft-text\"><strong>Alejandra Neira Dom\u00ednguez<\/strong>. Santiaguesa del barrio de Sar. 17 a\u00f1os cumplidos el 17 de junio. Estudiante de segundo de Bachiller en La Salle. <a class=\"ft-link ft-link--decoration\" href=\"https:\/\/www.elcorreogallego.es\/tags\/ciclismo\/\" target=\"_blank\" rel=\"nofollow noopener\">Ciclista<\/a>. Pocas palabras para ofrecer el perfil de una gran campeona que en su primer a\u00f1o en la categor\u00eda junior fue logrando un \u00e9xito tras otro tanto con el maillot de su equipo, el <strong>Caf\u00e9s Baqu\u00e9<\/strong>, que viene siendo como un filial del <strong>Movistar<\/strong>, como con el de <strong>la selecci\u00f3n espa\u00f1ola<\/strong>. Vivi\u00f3 emocionada el <strong>Mundial de Ruanda<\/strong> en cuya crono individual fue d\u00e9cimo s\u00e9ptima a solo 24 segundos de la octava plaza. En la prueba en l\u00ednea ocup\u00f3 la duod\u00e9cima posici\u00f3n, a seis segundos de la vencedora, que no fue otra que su compa\u00f1era <strong>Paula Ostiz<\/strong>. Y en el<strong> Europeo <\/strong>disputado en Francia fue sexta en la carrera de fondo y und\u00e9cima contra el reloj. Siempre entre las mejores, aunque quiz\u00e1 su mayor \u00e9xito de la temporada fue el t\u00edtulo nacional contra el crono logrado en Sierra Nevada por delante de la campeon\u00edsima Paula Ostiz.<\/p>\n<p class=\"ft-text\"><strong>\u00bfC\u00f3mo empezaste en el ciclismo?<\/strong><\/p>\n<p class=\"ft-text\">Mi hermano hac\u00eda ciclismo y mi padre ayudaba en la escuela del Club Ciclista Compostelano. Ellos me llevaban y as\u00ed empec\u00e9. Con cuatro a\u00f1os ya corr\u00ed mi primera carrera. Cuando empec\u00e9 hac\u00eda otros deportes y tampoco era lo que m\u00e1s me gustaba, pero cada vez, cuando me fui haciendo m\u00e1s mayor, me fue gustando m\u00e1s y m\u00e1s.<\/p>\n<p class=\"ft-text\"><strong>Del Compostelano diste el salto al Cambre. <\/strong><\/p>\n<p class=\"ft-text\">Nico Cadet, que es mi entrenador de ahora, me pregunt\u00f3 si quer\u00eda ir para poder correr a nivel nacional. Fui para all\u00ed y empec\u00e9 a entrenar con \u00e9l. Poder correr con chicas a nivel nacional no es f\u00e1cil. Este a\u00f1o s\u00ed que hubo dos pruebas de la Copa de Espa\u00f1a en Galicia, pero si quieres correr a nivel nacional te tienes que estar desplazando todos los fines de semana.<\/p>\n<p class=\"ft-text\"><strong>Y del Cambre lleg\u00f3 el gran salto al Caf\u00e9s Baqu\u00e9 y a la selecci\u00f3n espa\u00f1ola para cruzar fronteras. <\/strong><\/p>\n<p class=\"ft-text\">Este a\u00f1o que viene s\u00ed que queremos intentar correr alguna carrera a nivel internacional con el equipo, pero todo lo que corr\u00ed a nivel internacional fue con Espa\u00f1a.<\/p>\n<p class=\"ft-text\"><strong>\u00bfC\u00f3mo fue la llamada de la selecci\u00f3n? <\/strong><\/p>\n<p class=\"ft-text\">La verdad es que no contaba. Me llamaron para correr y fue una sorpresa. La primera carrera de la temporada fue la Cl\u00e1sica de Ja\u00e9n y la verdad que no contaba. Esperaba que me llamaran m\u00e1s adelante, pero no esperaba correr en Ja\u00e9n. Fue un poco sorpresa. Adem\u00e1s, me mandaron atacar y acab\u00e9 octava con Paula de segunda. Luego de Ja\u00e9n corr\u00ed en Italia, en donde fui decimoquinta y luego en Francia, en el Tour de Guevaudan en donde fui segunda en la segunda etapa, tercera en la general y mejor joven, y luego gan\u00e9 en Holanda la \u00faltima etapa de la Watersley Ladies Challenge y quinta en la general.<\/p>\n<p class=\"ft-text\"><strong>\u00bfC\u00f3mo fue esa victoria en el Campeonato de Espa\u00f1a de contra reloj?<\/strong><\/p>\n<p class=\"ft-text\">La verdad que fue muy dura porque al ser en altura, en Sierra Nevada, no pod\u00edas mover la misma potencia que de normal. Y cuando llegu\u00e9 arriba solo faltaba Paula Ostiz por llegar. Cuando lleg\u00f3 y me dijeron que hab\u00eda ganado, no me lo cre\u00eda.<\/p>\n<p class=\"ft-text\"><strong>Con ese palmar\u00e9s lograste una plaza para el Mundial de Ruanda, \u00bfc\u00f3mo lo viviste?<\/strong><\/p>\n<p class=\"ft-text\">Fue muy emocionante. Todos los equipos de la selecci\u00f3n compartimos hotel e incluso estuvimos con otras selecciones como la holandesa con Demi Vollering, que es mi referente. Lidia Castro y yo \u00e9ramos las m\u00e1s j\u00f3venes y para m\u00ed fue una experiencia inolvidable. Guardo buen recuerdo de la selecci\u00f3n de M\u00e9xico. Estuvimos con Isaac del Toro y eran bastante cercanos y hablaron con nosotras. La verdad es que ten\u00edamos alguna rival contra la que corr\u00edamos que estaba en el mismo hotel y hablamos con ellas y luego \u00edbamos al circuito y estaban todos los profesionales: Renco Evenepoel, Pogacar&#8230; Tengo muchas fotos. Fue el primer Mundial en \u00c1frica y el pa\u00eds se volc\u00f3 con gente bailando en la salida de la crono, filas y filas de personas viendo la carrera y luego que te vean desde casa&#8230; En la crono casi no me grabaron, pero el d\u00eda despu\u00e9s de la carrera en ruta me escribi\u00f3 un mont\u00f3n de gente que me hab\u00eda visto, que hab\u00edan visto mi ataque y me dec\u00edan que hab\u00eda sido superemocionante. Incluso profesores del colegio que no les gustaba el ciclismo se hab\u00edan pasado toda la ma\u00f1ana emocionados.<\/p>\n<p class=\"ft-text\"><strong>\u00bfC\u00f3mo ves tu papel en la competici\u00f3n?<\/strong><\/p>\n<p class=\"ft-text\">Mi primera crono con la cabra fue la de la carrera de Holanda, entonces no hubo mucha experiencia con la cabra, pero el d\u00eda de la crono en Ruanda me puse mal. Com\u00ed algo que me sent\u00f3 mal, como mucha gente que tambi\u00e9n le pas\u00f3, y me encontr\u00e9 muy mal durante la prueba contrarreloj.<\/p>\n<p class=\"ft-text\"><strong>\u00bfQu\u00e9 destacar\u00edas de toda la temporada? \u00bfPara ti cu\u00e1l fue tu mejor carrera? <\/strong><\/p>\n<p class=\"ft-text\">Yo dir\u00eda la de Francia, en la que qued\u00e9 tercera y fui mejor joven porque el recorrido me encantaba. Acababa en un puerto muy duro y fue como mi primer gran resultado internacional.<\/p>\n<p class=\"ft-text\"><strong>Para llegar ah\u00ed, \u00bfc\u00f3mo fueron tus entrenamientos?<\/strong><\/p>\n<p class=\"ft-text\">Entreno en carreteras de la zona que me gustan muchos como Vedra, Val do Dubra, Boqueix\u00f3n&#8230; Dependiendo del d\u00eda o de c\u00f3mo est\u00e9n las pruebas el d\u00eda que menos hago ruedo 35 kil\u00f3metros y el d\u00eda que m\u00e1s hago 120 kil\u00f3metros.<\/p>\n<p class=\"ft-text\"><strong>Y esto siendo junior de primer a\u00f1o, \u00bfc\u00f3mo ves la pr\u00f3xima temporada? <\/strong><\/p>\n<p class=\"ft-text\">En las competiciones internacionales hubo un mont\u00f3n de juniors de primer a\u00f1o delante y adem\u00e1s hay que ver tambi\u00e9n c\u00f3mo son las rivales que suben de categor\u00eda cadete porque todav\u00eda no he competido internacionalmente con ellas pero seguro que las hay buen\u00edsimas. Antes supongo que correr\u00e9 algo de ciclocross. Pero solo tres carreras en diciembre y en enero. El a\u00f1o pasado tambi\u00e9n hice el Campeonato de Espa\u00f1a y a ver si este a\u00f1o, que es en Taranc\u00f3n, tambi\u00e9n lo hago.<\/p>\n<p class=\"ft-text\"><strong>\u00bfEchas de menos que haya grandes equipos en Galicia?<\/strong><\/p>\n<p class=\"ft-text\">Est\u00e1 la estructura del Farto pero la mayor\u00eda de las juniors de la selecci\u00f3n gallega estamos cada una en un equipo diferente de fuera de Galicia. Poder seguir con lo que hizo el Cambre, de estar todas en el mismo equipo, pudiendo ir a correr afuera, pero teniendo m\u00e1s medios, la verdad que se agradecer\u00eda.<\/p>\n<p class=\"ft-text\"><strong>\u00bfEs tu ilusi\u00f3n dar el salto a profesional o no tienes prisa?<\/strong><\/p>\n<p class=\"ft-text\">S\u00ed que es mi ilusi\u00f3n. S\u00ed que tengo claro que yo quiero hacer todo lo posible para intentar dar el salto a profesional, pero por ahora no hay nada firmado ni nada hablado. La gente habla mucho de que yo ya estoy firmada con Movistar, cosa que no es cierta, pero para m\u00ed estar en un equipo profesional como es Movistar o en cualquier otro equipo ser\u00eda cumplir un sue\u00f1o.<\/p>\n<p class=\"ft-text\"><strong>\u00bfY siendo buena estudiante, como compaginar\u00edas el ciclismo con los estudios?<\/strong><\/p>\n<p class=\"ft-text\">Hasta ahora me est\u00e1n ayudando mucho en La Salle y me dan facilidades. Me gustar\u00eda estudiar Medicina, es mi primera opci\u00f3n, pero si soy ciclista profesional lo veo un poco m\u00e1s complicado por falta de tiempo, por lo que no tengo muy claro que me gustar\u00eda hacer.<\/p>\n","protected":false},"excerpt":{"rendered":"Alejandra Neira Dom\u00ednguez. Santiaguesa del barrio de Sar. 17 a\u00f1os cumplidos el 17 de junio. Estudiante de segundo&hellip;\n","protected":false},"author":2,"featured_media":228334,"comment_status":"","ping_status":"","sticky":false,"template":"","format":"standard","meta":{"footnotes":""},"categories":[273],"tags":[7934,313,1757,2838,49533,312,1130,168,25,24,303,43282,744,2032,1434,2450,23,167],"class_list":{"0":"post-228333","1":"post","2":"type-post","3":"status-publish","4":"format-standard","5":"has-post-thumbnail","7":"category-ciclismo","8":"tag-alejandra","9":"tag-ciclismo","10":"tag-ciclista","11":"tag-ciclistas","12":"tag-compostela","13":"tag-cycling","14":"tag-deporte-femenino","15":"tag-deportes","16":"tag-es","17":"tag-espana","18":"tag-movistar","19":"tag-neira","20":"tag-polideportivo","21":"tag-profesional","22":"tag-salto","23":"tag-santiago","24":"tag-spain","25":"tag-sports"},"share_on_mastodon":{"url":"https:\/\/pubeurope.com\/@es\/115524851656972907","error":""},"_links":{"self":[{"href":"https:\/\/www.europesays.com\/es\/wp-json\/wp\/v2\/posts\/228333","targetHints":{"allow":["GET"]}}],"collection":[{"href":"https:\/\/www.europesays.com\/es\/wp-json\/wp\/v2\/posts"}],"about":[{"href":"https:\/\/www.europesays.com\/es\/wp-json\/wp\/v2\/types\/post"}],"author":[{"embeddable":true,"href":"https:\/\/www.europesays.com\/es\/wp-json\/wp\/v2\/users\/2"}],"replies":[{"embeddable":true,"href":"https:\/\/www.europesays.com\/es\/wp-json\/wp\/v2\/comments?post=228333"}],"version-history":[{"count":0,"href":"https:\/\/www.europesays.com\/es\/wp-json\/wp\/v2\/posts\/228333\/revisions"}],"wp:featuredmedia":[{"embeddable":true,"href":"https:\/\/www.europesays.com\/es\/wp-json\/wp\/v2\/media\/228334"}],"wp:attachment":[{"href":"https:\/\/www.europesays.com\/es\/wp-json\/wp\/v2\/media?parent=228333"}],"wp:term":[{"taxonomy":"category","embeddable":true,"href":"https:\/\/www.europesays.com\/es\/wp-json\/wp\/v2\/categories?post=228333"},{"taxonomy":"post_tag","embeddable":true,"href":"https:\/\/www.europesays.com\/es\/wp-json\/wp\/v2\/tags?post=228333"}],"curies":[{"name":"wp","href":"https:\/\/api.w.org\/{rel}","templated":true}]}}