{"id":228343,"date":"2025-11-10T10:14:09","date_gmt":"2025-11-10T10:14:09","guid":{"rendered":"https:\/\/www.europesays.com\/es\/228343\/"},"modified":"2025-11-10T10:14:09","modified_gmt":"2025-11-10T10:14:09","slug":"la-animacion-de-one-punch-man-llega-al-limite-y-un-importante-animador-se-suma-a-las-criticas-no-le-hicieron-justicia-vandal","status":"publish","type":"post","link":"https:\/\/www.europesays.com\/es\/228343\/","title":{"rendered":"La animaci\u00f3n de &#039;One Punch Man&#039; llega al l\u00edmite y un importante animador se suma a las cr\u00edticas: &#039;No le hicieron justicia&#039; &#8211; Vandal"},"content":{"rendered":"<ol>\n<li><a href=\"https:\/\/news.google.com\/rss\/articles\/CBMi9wFBVV95cUxPRnhvSk9JWjRMWlc4STIyOUNWbDFwaTBlc0pfdzhrbDF1UWNEdUtqWXZGWDBNUzNqQ1Q4UGRRSzgxN2tJV3RHOHoxZjc2dHY3RmtCUmFyTlR2Y3A3RkpOZkVJd3BOeUxCVUFMb0FBaWdnbFV0Qzc1V1dSbnoyOXAzNWVBNXFiekU4Ulk4b2htdHdiU3NidjVBdjY4S2FXaUh6cmpEMkJSem81YkY2bFJsSGpNZTBSQ0NVS0lBVTlSREVieFNxOG9oUXRpRlBkVU11YzN3Rm9iZUxTX3ZhN3hDR0p1d25pSzY2S2ZWb044a1dUMVp2aUdj0gH8AUFVX3lxTE92Mm40TXhSazNSUkx1OGRCMmhrcm92d2hmcUgxT2puSWVhZXZieGtuQnEtcEhfVFotcENqeEJReUlkN3dmVkw2UUI4OFhZRXNBcDRTem82RVhXRG9SYW9vZEU4ZzJQTUlESGY5R2RVOHUxWXVVaU13cVhOclJGbGl3ZUoxbnRFQXdDUWJOUzRxd2VZelRjQjlTSnYtdktFNm5OeS1NVElNaE9QWGpVVER1QlRCZ216UDN0V3p5MUFJOE12OEd3SDE3OFpNUXJKb3pETFVveGh6WWdwNzJCeTlweldGZzBvTmozdU9DNGpMMXI5U3VFWHU5VjRjZw?oc=5\" target=\"_blank\" rel=\"nofollow noopener\">La animaci\u00f3n de &#8216;One Punch Man&#8217; llega al l\u00edmite y un importante animador se suma a las cr\u00edticas: &#8216;No le hicieron justicia&#8217;<\/a>&nbsp;&nbsp;Vandal<\/li>\n<li><a href=\"https:\/\/news.google.com\/rss\/articles\/CBMibkFVX3lxTE5GaEhmelFra3l6TVdzd3NIMUpvcTlPdWk1REZfRmVIQnI1dzFYeVBhS3RNTjZfX0RsdHB6QkVWWHhEMTlrWXYtaTM5MFNZZmZKazNNOEtkXzB0ckZPTlNzXzJXaUFBZHVoUnItOFNn0gFzQVVfeXFMTkNmVWE4bGt4WjFHMC1ma2FXYnlPbE5qUS1pb2xxQTNjcGo3eXVFZU5oZl9RZ2FpN1lVZFhteE5RaldUel9MVUw0RWtzVWRYUjcxT2JGTEFPcVBIdmRfOWtoSnJ1MFh0MXd6NGx1QmN6b1NSMA?oc=5\" target=\"_blank\" rel=\"nofollow noopener\">Hemos esperado seis a\u00f1os para el regreso de este anime y ha resultado ser una de las mayores decepciones de los \u00faltimos a\u00f1os<\/a>&nbsp;&nbsp;SensaCine<\/li>\n<li><a href=\"https:\/\/news.google.com\/rss\/articles\/CBMi6AFBVV95cUxOemg3bzA2OFNqcXBHZjVjQXNST1BqQVo0bXlUWXZ5UGF1Q3dUMDJzQ1ZVQjl2ZjdpbC1QazVKTGdzWG82a2hMX1FZQXNnVXpCOV9Id3ZFRk5NeF95ZXFTMmRtZ19mTGx1YW1sLXRmWHdJZUVkckZhZmV4THYtQjk0ZVhLbmhMQ1pfdGpvN2U1eHZMV3JxZEJSLVFjWEliWlZlbjZ4a1Z4YXM0N0U2X0hoaVIteENmNmpMdE44ejNsSkdUSjhSY3FTaDdfV3lPTnVhUHN2bk16RThqSU8wWkduUmp5VmstV2Va0gHuAUFVX3lxTE1PYjl6b3ptWTMyY3pUQl9icHhpWk56ZFQ4RTZCSU5iNHZ5SDBRU1cwTG0tdTJMaW9oWHNRRXkwUkhSQUVndEE4UFZLWFd3el9PcDk2bm5uNlNyeWFWaEwzaHozM2F6ZlRIc3lWaDBrUTVTOUpLN3hnSkhhYUJtRUk1dlpVVkdYTENHQ0pfWExSTHloVWt0MDdsRXptUi0wWnlDOFhteHNQVGFaU21zRzBXbGNTcnVuamRvRHVQNGVyU3NFMk4wcTd2Ull3VHpHaGlkMzNJSHdTajlhMUdHY3FRUWdBVVVfLVl5cGJMTXc?oc=5\" target=\"_blank\" rel=\"nofollow noopener\">La temporada 3 de &#8216;One-Punch Man&#8217; se hunde sin remedio. El regreso de Saitama sigue decepcionando y se&#8230;<\/a>&nbsp;&nbsp;Espinof<\/li>\n<li><a href=\"https:\/\/news.google.com\/rss\/articles\/CBMi5AFBVV95cUxPcFUtakJFMkdFYXh1UkFSTkxKblhOc0VTdHo2d2M2ZWxRSGRqYnZFRHVZUUNhdE1YSlFrUjB5UXBmOFRiWlVrbHFFTEk0TXR5NS14UFRwdW9jQ0JiWGZVNllieUpwM3RnQVgtakZteFluMEVacUNnUTJjMTljVFEtNHdlRTR0TDd5ZEFja2ZfbWdFUlpmU0R0dl9MM3hnaVNzZnlIcm1IX2QyMkY5Y0xTR2NaYWNpam5iVm5wZTFyZ1VxcmRCSGNkejBWdDR1UVNSOHhWSnZMU3RmVGozMTBjUGZ4MmQ?oc=5\" target=\"_blank\" rel=\"nofollow noopener\">Fecha de estreno, hora, spoilers y d\u00f3nde ver el episodio 4 de la temporada 3 de One Punch Man<\/a>&nbsp;&nbsp;Enstarz<\/li>\n<li><a href=\"https:\/\/news.google.com\/rss\/articles\/CBMiiAJBVV95cUxOU0ZvMUJNVFFRYk5CTlphb1A3eFJkTlpCSWlDdl95THRjdGVDZ1dWNGZEMWRYSzh2OUcwOURZd0cxQ0dvUEdkYzQwRnliNjVwU196d1N3LWJlMkhqWk04UVdua0NKZEhOTDdTSkY4THh1ckJaOVIxZ2E5d0pSUmNzZlExSVlEc0k4eGNVNDdlNUNobkVpTldWU21oWUtxWG42MU92MUpnRGRqXzJxOGVZVFNkb052dUlQMzRUTk1Za2ZfRGUzRTZzblhjb3lvNlBCU1FPQVNiemVRVlRONmwyR0x0dmg5ZVNEVXhTS1BFbFdSWHpJZnpPQU9fU0FQVmthRkgxaVRLRDY?oc=5\" target=\"_blank\" rel=\"nofollow noopener\">\u201cOne-Punch Man 3\u201d toca fondo y decepciona: la puntuaci\u00f3n de la temporada es la m\u00e1s baja de toda la franquicia<\/a>&nbsp;&nbsp;El Comercio Per\u00fa<\/li>\n<\/ol>\n","protected":false},"excerpt":{"rendered":"La animaci\u00f3n de &#8216;One Punch Man&#8217; llega al l\u00edmite y un importante animador se suma a las cr\u00edticas:&hellip;\n","protected":false},"author":2,"featured_media":228344,"comment_status":"","ping_status":"","sticky":false,"template":"","format":"standard","meta":{"footnotes":""},"categories":[171],"tags":[146,147,25,24,2065,23,214],"class_list":{"0":"post-228343","1":"post","2":"type-post","3":"status-publish","4":"format-standard","5":"has-post-thumbnail","7":"category-tv","8":"tag-entertainment","9":"tag-entretenimiento","10":"tag-es","11":"tag-espana","12":"tag-faltan-tags","13":"tag-spain","14":"tag-tv"},"share_on_mastodon":{"url":"https:\/\/pubeurope.com\/@es\/115524879556724078","error":""},"_links":{"self":[{"href":"https:\/\/www.europesays.com\/es\/wp-json\/wp\/v2\/posts\/228343","targetHints":{"allow":["GET"]}}],"collection":[{"href":"https:\/\/www.europesays.com\/es\/wp-json\/wp\/v2\/posts"}],"about":[{"href":"https:\/\/www.europesays.com\/es\/wp-json\/wp\/v2\/types\/post"}],"author":[{"embeddable":true,"href":"https:\/\/www.europesays.com\/es\/wp-json\/wp\/v2\/users\/2"}],"replies":[{"embeddable":true,"href":"https:\/\/www.europesays.com\/es\/wp-json\/wp\/v2\/comments?post=228343"}],"version-history":[{"count":0,"href":"https:\/\/www.europesays.com\/es\/wp-json\/wp\/v2\/posts\/228343\/revisions"}],"wp:featuredmedia":[{"embeddable":true,"href":"https:\/\/www.europesays.com\/es\/wp-json\/wp\/v2\/media\/228344"}],"wp:attachment":[{"href":"https:\/\/www.europesays.com\/es\/wp-json\/wp\/v2\/media?parent=228343"}],"wp:term":[{"taxonomy":"category","embeddable":true,"href":"https:\/\/www.europesays.com\/es\/wp-json\/wp\/v2\/categories?post=228343"},{"taxonomy":"post_tag","embeddable":true,"href":"https:\/\/www.europesays.com\/es\/wp-json\/wp\/v2\/tags?post=228343"}],"curies":[{"name":"wp","href":"https:\/\/api.w.org\/{rel}","templated":true}]}}