{"id":228358,"date":"2025-11-10T10:25:09","date_gmt":"2025-11-10T10:25:09","guid":{"rendered":"https:\/\/www.europesays.com\/es\/228358\/"},"modified":"2025-11-10T10:25:09","modified_gmt":"2025-11-10T10:25:09","slug":"ultima-hora-de-la-actualidad-politica-en-directo-garriga-vox-nos-da-igual-el-candidato-que-proponga-el-pp-en-la-comunidad-valenciana-lo-que-nos-importa-son-las-politicas-esp","status":"publish","type":"post","link":"https:\/\/www.europesays.com\/es\/228358\/","title":{"rendered":"\u00daltima hora de la actualidad pol\u00edtica, en directo | Garriga (Vox): \u201cNos da igual el candidato que proponga el PP en la Comunidad Valenciana, lo que nos importa son las pol\u00edticas\u201d | Espa\u00f1a"},"content":{"rendered":"<p class=\"ev-title\">Garriga (Vox): \u201cNos da igual el candidato que proponga el PP en Valencia, lo que nos importa son las pol\u00edticas\u201d<\/p>\n<p>El secretario general de Vox, Ignacio Garriga, ha afirmado que a su partido \u201cle da igual\u201d el candidato que proponga el PP para sustituir a Carlos Maz\u00f3n al frente de la Generalitat, que lo que les importa es acabar con las pol\u00edticas \u201cdestructivas\u201d del Gobierno, las relacionadas con el cambio clim\u00e1tico que califica de \u201cmortales\u201d o las pol\u00edticas migratorias que, ha dicho, est\u00e1n creando inseguridad y \u201ccambiando nuestros barrios\u201d. No ha negado que puedan llegar a formar parte del Gobierno, pero ha dicho que piensan en sillones<\/p>\n<p>En una entrevista en RNE, ha dicho que han tenido una primera toma de contacto con el PP para sustituir al dimitido Maz\u00f3n y\u00a0que han detectado \u201cbuena voluntad\u201d por parte de los populares. \u201cEstamos esperando que nos digan un candidato y entonces discutiremos las pol\u00edticas, unas pol\u00edticas que nos defiendan contra las pol\u00edticas destructivas del PSOE\u201d, ha dicho. En cuanto al candidato, ha dicho que \u201clo ponen ellos, a nosotros nos da igual los nombres, nosotros estamos para acordar pol\u00edticas\u201d.\u00a0<\/p>\n<p>Ha citado las migratorias, en las que, de nuevo, ha vinculado inmigraci\u00f3n y delincuencia y ha abogado por \u201cdevoluciones [de los inmigrantes irregulares] y deportaciones [de los que est\u00e9n en situaci\u00f3n regular y delincan]\u201d; pol\u00edticas para \u201cmejorar el acceso a la vivienda\u201d que no ha detallado; bajada de impuestos, mejora de la educaci\u00f3n [que tampoco ha detallado] y \u201cacabar con el pacto verde que tanto da\u00f1o hace al campo, a la ganader\u00eda y a la pesca\u201d. En este sentido, ha calificado el cambio clim\u00e1tico de c\u00edclico y no provocado por el hombre, y ha cargado contra la \u201cfilfa\u201d de la cumbre del clima de Brasil, que cree que no es m\u00e1s que un \u201cpase\u00edllo de l\u00edderes que van en jet privado y no se ocupan de los problemas de la gente corriente\u201d.<\/p>\n","protected":false},"excerpt":{"rendered":"Garriga (Vox): \u201cNos da igual el candidato que proponga el PP en Valencia, lo que nos importa son&hellip;\n","protected":false},"author":2,"featured_media":228359,"comment_status":"","ping_status":"","sticky":false,"template":"","format":"standard","meta":{"footnotes":""},"categories":[8],"tags":[6069,17,18,4456,6913,25,24,13,14,11,19,20,6910,9,10,15,16,957,2959,952,1670,956,45688,1699,6914,6912,23,4453,12,21,22,624,6911,4454],"class_list":{"0":"post-228358","1":"post","2":"type-post","3":"status-publish","4":"format-standard","5":"has-post-thumbnail","7":"category-espana","8":"tag-alberto-nunez-feijoo","9":"tag-breaking-news","10":"tag-breakingnews","11":"tag-congreso-diputados","12":"tag-debates-parlamentarios","13":"tag-es","14":"tag-espana","15":"tag-featured-news","16":"tag-featurednews","17":"tag-headlines","18":"tag-latest-news","19":"tag-latestnews","20":"tag-legislaturas-politicas","21":"tag-news","22":"tag-noticias","23":"tag-noticias-destacadas","24":"tag-noticiasdestacadas","25":"tag-partidos-politicos","26":"tag-pedro-sanchez","27":"tag-politica","28":"tag-politicos","29":"tag-pp","30":"tag-pp-a","31":"tag-psoe","32":"tag-santiago-abascal","33":"tag-senado","34":"tag-spain","35":"tag-sumar","36":"tag-titulares","37":"tag-ultimas-noticias","38":"tag-ultimasnoticias","39":"tag-vox","40":"tag-xv-legislatura-espana","41":"tag-yolanda-diaz"},"share_on_mastodon":{"url":"","error":"Validation failed: Text character limit of 500 exceeded"},"_links":{"self":[{"href":"https:\/\/www.europesays.com\/es\/wp-json\/wp\/v2\/posts\/228358","targetHints":{"allow":["GET"]}}],"collection":[{"href":"https:\/\/www.europesays.com\/es\/wp-json\/wp\/v2\/posts"}],"about":[{"href":"https:\/\/www.europesays.com\/es\/wp-json\/wp\/v2\/types\/post"}],"author":[{"embeddable":true,"href":"https:\/\/www.europesays.com\/es\/wp-json\/wp\/v2\/users\/2"}],"replies":[{"embeddable":true,"href":"https:\/\/www.europesays.com\/es\/wp-json\/wp\/v2\/comments?post=228358"}],"version-history":[{"count":0,"href":"https:\/\/www.europesays.com\/es\/wp-json\/wp\/v2\/posts\/228358\/revisions"}],"wp:featuredmedia":[{"embeddable":true,"href":"https:\/\/www.europesays.com\/es\/wp-json\/wp\/v2\/media\/228359"}],"wp:attachment":[{"href":"https:\/\/www.europesays.com\/es\/wp-json\/wp\/v2\/media?parent=228358"}],"wp:term":[{"taxonomy":"category","embeddable":true,"href":"https:\/\/www.europesays.com\/es\/wp-json\/wp\/v2\/categories?post=228358"},{"taxonomy":"post_tag","embeddable":true,"href":"https:\/\/www.europesays.com\/es\/wp-json\/wp\/v2\/tags?post=228358"}],"curies":[{"name":"wp","href":"https:\/\/api.w.org\/{rel}","templated":true}]}}