{"id":228362,"date":"2025-11-10T10:31:11","date_gmt":"2025-11-10T10:31:11","guid":{"rendered":"https:\/\/www.europesays.com\/es\/228362\/"},"modified":"2025-11-10T10:31:11","modified_gmt":"2025-11-10T10:31:11","slug":"visite-al-medico-que-me-opero-y-estoy-bien","status":"publish","type":"post","link":"https:\/\/www.europesays.com\/es\/228362\/","title":{"rendered":"Visit\u00e9 al m\u00e9dico que me oper\u00f3 y estoy bien"},"content":{"rendered":"<p data-mrf-recirculation=\"Links P\u00e1rrafos\" class=\"ue-c-article__paragraph paragraph ue-c-article--first-letter-highlighted\">Las alarmas se encendieron en el cuerpo de <strong>Alexander Zverev<\/strong> cuando volvi\u00f3 a torcerse el tobillo derecho en Par\u00eds. <strong>Esta vez fue en el Masters 1000, en los cuartos de final con Daniil Medvedev<\/strong>. La escena recordaba la semifinal de Roland Garros 2022 con Rafael Nadal y <strong><a href=\"https:\/\/www.marca.com\/tenis\/roland-garros\/2022\/06\/03\/629a3533e2704e20b08b45ea.html\" target=\"_blank\" rel=\"nofollow noopener\">que acab\u00f3 con una rotura<\/a><\/strong>. Zverev pudo terminar el partido ante Medvedev e incluso ganarlo. Sin embargo, no pudo ser competitivo en la semifinal del d\u00eda siguiente con Jannik Sinner.\u00a0<\/p>\n<p data-mrf-recirculation=\"Links P\u00e1rrafos\" class=\"ue-c-article__paragraph paragraph\">\u00abTen\u00eda el tobillo hinchado y no pod\u00eda moverme bien\u00bb, confes\u00f3 el alem\u00e1n a la conclusi\u00f3n. En ese momento, no estaba ni tan siquiera clara su participaci\u00f3n en las ATP Finals.\u00a0<\/p>\n<p data-mrf-recirculation=\"Links P\u00e1rrafos\" class=\"ue-c-article__paragraph paragraph\">Sascha viaj\u00f3 a M\u00fanich para visitar al m\u00e9dico que le oper\u00f3 el tobillo hace tres a\u00f1os y tuvo buenas noticias: \u00ab<strong>Me siento bien y as\u00ed me sent\u00ed en el partido con Shelton<\/strong>\u00ab. El jugador natural de Hamburgo se jugar\u00e1 este mi\u00e9rcoles un puesto a semifinales de Tur\u00edn con el ganador del Jannik Sinner-Felix Auger-Aliassime.\u00a0<\/p>\n<p>Alemania, una de las favoritas<br \/>\u200b<\/p>\n<p data-mrf-recirculation=\"Links P\u00e1rrafos\" class=\"ue-c-article__paragraph paragraph\">El equipo alem\u00e1n de Copa Davis se congratula de que su n\u00famero uno est\u00e9 en condiciones f\u00edsicas para afrontar la cita de maestros y despu\u00e9s la Final a 8 de la Copa Davis. Siempre se salt\u00f3 la fase final de la m\u00e1xima competici\u00f3n por pa\u00edses cuando se celebr\u00f3 en el Mart\u00edn Carpena de M\u00e1laga.\u00a0<strong>Zverev es uno de los cinco nombres que aparece en la convocatoria y convierte a Alemania en una de las grandes candidatas al t\u00edtulo<\/strong>.\u00a0<\/p>\n<p data-mrf-recirculation=\"Links P\u00e1rrafos\" class=\"ue-c-article__paragraph paragraph\">Estos se cruzan el d\u00eda 20 de noviembre en los cuartos contra Argentina y <strong>esperar\u00edan en las semifinales al ganador del duelo entre Espa\u00f1a y la Rep\u00fablica Checa<\/strong>.\u00a0<\/p>\n","protected":false},"excerpt":{"rendered":"Las alarmas se encendieron en el cuerpo de Alexander Zverev cuando volvi\u00f3 a torcerse el tobillo derecho en&hellip;\n","protected":false},"author":2,"featured_media":228363,"comment_status":"","ping_status":"","sticky":false,"template":"","format":"standard","meta":{"footnotes":""},"categories":[274],"tags":[168,25,24,23,167,327,326],"class_list":{"0":"post-228362","1":"post","2":"type-post","3":"status-publish","4":"format-standard","5":"has-post-thumbnail","7":"category-tenis","8":"tag-deportes","9":"tag-es","10":"tag-espana","11":"tag-spain","12":"tag-sports","13":"tag-tenis","14":"tag-tennis"},"share_on_mastodon":{"url":"https:\/\/pubeurope.com\/@es\/115524946227625676","error":""},"_links":{"self":[{"href":"https:\/\/www.europesays.com\/es\/wp-json\/wp\/v2\/posts\/228362","targetHints":{"allow":["GET"]}}],"collection":[{"href":"https:\/\/www.europesays.com\/es\/wp-json\/wp\/v2\/posts"}],"about":[{"href":"https:\/\/www.europesays.com\/es\/wp-json\/wp\/v2\/types\/post"}],"author":[{"embeddable":true,"href":"https:\/\/www.europesays.com\/es\/wp-json\/wp\/v2\/users\/2"}],"replies":[{"embeddable":true,"href":"https:\/\/www.europesays.com\/es\/wp-json\/wp\/v2\/comments?post=228362"}],"version-history":[{"count":0,"href":"https:\/\/www.europesays.com\/es\/wp-json\/wp\/v2\/posts\/228362\/revisions"}],"wp:featuredmedia":[{"embeddable":true,"href":"https:\/\/www.europesays.com\/es\/wp-json\/wp\/v2\/media\/228363"}],"wp:attachment":[{"href":"https:\/\/www.europesays.com\/es\/wp-json\/wp\/v2\/media?parent=228362"}],"wp:term":[{"taxonomy":"category","embeddable":true,"href":"https:\/\/www.europesays.com\/es\/wp-json\/wp\/v2\/categories?post=228362"},{"taxonomy":"post_tag","embeddable":true,"href":"https:\/\/www.europesays.com\/es\/wp-json\/wp\/v2\/tags?post=228362"}],"curies":[{"name":"wp","href":"https:\/\/api.w.org\/{rel}","templated":true}]}}