{"id":228368,"date":"2025-11-10T10:35:17","date_gmt":"2025-11-10T10:35:17","guid":{"rendered":"https:\/\/www.europesays.com\/es\/228368\/"},"modified":"2025-11-10T10:35:17","modified_gmt":"2025-11-10T10:35:17","slug":"natan-apercibido-de-sancion-a-las-puertas-del-derbi-amrabat-se-salva-por-poco","status":"publish","type":"post","link":"https:\/\/www.europesays.com\/es\/228368\/","title":{"rendered":"Natan, apercibido de sanci\u00f3n a las puertas del derbi; Amrabat se salva por poco"},"content":{"rendered":"<p class=\"parrafo\"><strong>Natan de Souza<\/strong>, seguramente el m\u00e1s entonado de los cuatro centrales del <strong>Real Betis<\/strong>, vio en <strong>Mestalla<\/strong> una cuarta amarilla del ciclo que le hace estar apercibido a las puertas de <strong\/><a href=\"https:\/\/www.estadiodeportivo.com\/futbol\/sevilla-fc\/primer-derbi-hispalense-sevilla-betis-tiene-fecha-hora-domingo-noviembre-las-1615-horas-20251029-518323.html\" target=\"_blank\" class=\"intext-link\" rel=\"nofollow noopener\">El Gran Derbi del pr\u00f3ximo 30 de noviembre en el Ram\u00f3n S\u00e1nchez-Pizju\u00e1n<\/a>, que se perder\u00eda en caso de ver otra tarjeta a la vuelta del par\u00f3n de selecciones que arranca este lunes contra el <strong>Girona FC<\/strong>, encuentro fijado a las <strong>16:15 horas<\/strong> del pr\u00f3ximo <strong>domingo 23-N<\/strong>. Por su parte, los otros dos componentes del plantel verdiblanco que llegaban a la <strong>jornada 12\u00aa<\/strong> con tres amonestaciones, <strong>Giovani Lo Celso<\/strong> y <strong>Sofyan Amrabat<\/strong>, se marcharon sin ver ninguna. El rosarino anduvo lejos, aunque protest\u00f3 airadamente tanto el empuj\u00f3n dentro del \u00e1rea local que le propin\u00f3 <strong>Thierry Correia<\/strong> y no fue castigado con penalti por <strong>Garc\u00eda Verdura<\/strong> como un agarr\u00f3n clar\u00edsimo fuera en el que el colegiado catal\u00e1n dio ventaja.<\/p>\n<p><img decoding=\"async\" src=\"https:\/\/www.europesays.com\/es\/wp-content\/uploads\/2025\/11\/8325398d-4ffd-47fd-9bb8-c02bf07950c1_800x533.jpeg\" loading=\"lazy\"\/><\/p>\n<p class=\"parrafo\">Bastante m\u00e1s cerca estuvo el marroqu\u00ed de pasar al apartado de amenazados de sanci\u00f3n. No tanto por entradas y cruces, en los que demostr\u00f3 gran inteligencia y medi\u00f3 por lo general bien, sino por otro tipo de acciones. Por ejemplo, en el minuto 70, realiz\u00f3 una falta t\u00e1ctica a <strong>C\u00e9sar T\u00e1rrega<\/strong>, que le hab\u00eda regateado e iniciaba una peligrosa contra, fren\u00e1ndole ilegalmente, aunque el \u00e1rbitro consider\u00f3 que, estando muy lejos de su propio campo, no era merecedora de tarjeta. Posteriormente, un rifirrafe con el entrenador local, <strong>Carlos Corber\u00e1n<\/strong>, cuando el de <strong>Huizen<\/strong> quer\u00eda sacar r\u00e1pido y el t\u00e9cnico escondi\u00f3 el bal\u00f3n, pudo costarle caro, aunque el pivote cedido por el <strong>Fenerbah\u00e7e<\/strong> no tuvo que lamentarlo. <\/p>\n<p>La de Natan, recurrible<\/p>\n<p class=\"parrafo\">La amarilla que vio <strong>Natan de Souza<\/strong> en el minuto 66 por provocar una falta sobre <strong>Thierry Correia<\/strong> al borde del \u00e1rea que, por fortuna para los intereses b\u00e9ticos, <strong>Javi Guerra<\/strong> estrell\u00f3 en la cabeza de un componente de la barrera, fallando despu\u00e9s del correspondiente c\u00f3rner otra vez, solo en el segundo palo, el mediocentro ex del <strong>Villarreal CF<\/strong> en posici\u00f3n franca, es a todas luces <strong>recurrible<\/strong> por los servicios jur\u00eddicos del <strong>Real Betis<\/strong>. En la repetici\u00f3n se observa c\u00f3mo el central brasile\u00f1o, si bien se lanza al suelo para cortar el avance del lateral derecho portugu\u00e9s, encoge las piernas y las junta con el resto de su cuerpo, evitando un contacto que, finalmente, no se produce. Al menos, no por su parte, aunque <strong>Sofyan Amrabat<\/strong> s\u00ed podr\u00eda terminar tocando y derribando al oponente.<\/p>\n<p><a class=\"elementos-rel-t2\" href=\"https:\/\/www.estadiodeportivo.com\/futbol\/sevilla-fc\/peligra-derbi-contra-betis-para-peque-nianzou-por-aluvion-tarjetas-sevilla-20251109-519651.html\" title=\"Peligra el derbi contra el Betis para Peque y Nianzou por el aluvi\u00f3n de tarjetas al Sevilla \" rel=\"nofollow noopener\" target=\"_blank\">Peligra el derbi contra el Betis para Peque y Nianzou por el aluvi\u00f3n de tarjetas al Sevilla <img decoding=\"async\" src=\"https:\/\/www.europesays.com\/es\/wp-content\/uploads\/2025\/11\/0294cdb9-49c3-401c-9320-7b0c886085eb_320x180.jpeg\" alt=\"Peligra el derbi contra el Betis para Peque y Nianzou por el aluvi\u00f3n de tarjetas al Sevilla \"\/><\/a><a class=\"elementos-rel-t2\" href=\"https:\/\/www.estadiodeportivo.com\/futbol\/betis\/renovacion-pellegrini-cercania-del-derbi-sevilla-betis-certeza-presente-futuro-por-escribir-20251108-519552.html\" title=\"La renovaci\u00f3n de Pellegrini y la cercan\u00eda del derbi Sevilla - Betis: certeza en el presente, futuro por escribir\" rel=\"nofollow noopener\" target=\"_blank\">La renovaci\u00f3n de Pellegrini y la cercan\u00eda del derbi Sevilla &#8211; Betis: certeza en el presente, futuro por escribir<img decoding=\"async\" src=\"https:\/\/www.europesays.com\/es\/wp-content\/uploads\/2025\/11\/45e08016-71de-401d-8f72-017d47efff36_320x180.jpeg\" alt=\"La renovaci\u00f3n de Pellegrini y la cercan\u00eda del derbi Sevilla - Betis: certeza en el presente, futuro por escribir\"\/><\/a><a class=\"elementos-rel-t2\" href=\"https:\/\/www.estadiodeportivo.com\/futbol\/betis\/especialista-que-descarta-pau-lopez-para-derbi-mas-tres-semanas-debe-estar-perfectamente-recuperado-20251105-519264.html\" title=\"El especialista que no descarta a Pau L\u00f3pez para el derbi: &quot;En no m\u00e1s de tres semanas debe estar perfectamente recuperado&quot;\" rel=\"nofollow noopener\" target=\"_blank\">El especialista que no descarta a Pau L\u00f3pez para el derbi: \u00abEn no m\u00e1s de tres semanas debe estar perfectamente recuperado\u00bb<img decoding=\"async\" src=\"https:\/\/www.europesays.com\/es\/wp-content\/uploads\/2025\/11\/26956564-766d-495e-b141-8b3ce608353a_320x180.jpeg\" alt=\"El especialista que no descarta a Pau L\u00f3pez para el derbi: &quot;En no m\u00e1s de tres semanas debe estar perfectamente recuperado&quot;\"\/><\/a>Ez Abde y el &#8216;Chimy&#8217; \u00c1vila<strong>, a punto de generar un castigo m\u00e1s inmediato<\/strong><\/p>\n<p class=\"parrafo\">Sin riesgo de ver una tarjeta que les perjudicara en el cap\u00edtulo de apercibimientos de sanci\u00f3n, lo que rozaron <strong>Ez Abde<\/strong> y el &#8216;<strong>Chimy<\/strong>&#8216; <strong>\u00c1vila<\/strong> fue una roja directa que les habr\u00eda privado de jugar a la vuelta del par\u00f3n en casa ante el <strong>Girona FC<\/strong>. Especialmente importante habr\u00eda sido para <strong>Manuel Pellegrini<\/strong> la baja del marroqu\u00ed, indiscutible en el extremo zurdo y sin un recambio ni por asomo cerca de su nivel, pues el reclutado <strong>Rodrigo Riquelme<\/strong> anda lejos, el rosarino juega \u00fanicamente en la <strong>Copa del Rey<\/strong> y algunos minutos residuales en las otras dos competiciones, al tiempo que <strong>Pablo Garc\u00eda<\/strong>, por ejemplo, prefiere percutir a pierna cambiada. El de <strong>Beni Melal<\/strong> se encar\u00f3 con <strong>C\u00e9sar T\u00e1rrega<\/strong> justo tras el error de \u00e9ste que aqu\u00e9l convirti\u00f3 en asistencia para el &#8216;<strong>Cucho<\/strong>&#8216; <strong>Hern\u00e1ndez<\/strong> en el 0-1, qued\u00e1ndose frente contra frente y amagando un cabezazo que habr\u00eda sido fatal. Ya tras el pitido inicial, el ex de <strong>San Lorenzo<\/strong> se enzarz\u00f3 en una suerte de <strong>pellizcos <\/strong>y <strong>collejas<\/strong> con <strong>Hugo Duro<\/strong> totalmente fuera de lugar. <a href=\"https:\/\/www.estadiodeportivo.com\/futbol\/betis\/firme-respuesta-del-chimy-avila-expulsion-20241216-474859.html\" target=\"_blank\" class=\"intext-link\" rel=\"nofollow noopener\">Parece aferrado a la pol\u00e9mica<\/a>.<\/p>\n","protected":false},"excerpt":{"rendered":"Natan de Souza, seguramente el m\u00e1s entonado de los cuatro centrales del Real Betis, vio en Mestalla una&hellip;\n","protected":false},"author":2,"featured_media":228369,"comment_status":"","ping_status":"","sticky":false,"template":"","format":"standard","meta":{"footnotes":""},"categories":[268],"tags":[168,60062,25,24,284,280,282,41329,286,2993,281,23,167],"class_list":{"0":"post-228368","1":"post","2":"type-post","3":"status-publish","4":"format-standard","5":"has-post-thumbnail","7":"category-futbol","8":"tag-deportes","9":"tag-el-gran-derbi","10":"tag-es","11":"tag-espana","12":"tag-estadio-deportivo","13":"tag-football","14":"tag-futbol","15":"tag-lo-celso","16":"tag-real-betis-balompie","17":"tag-sevilla-futbol-club","18":"tag-soccer","19":"tag-spain","20":"tag-sports"},"share_on_mastodon":{"url":"https:\/\/pubeurope.com\/@es\/115524964633587284","error":""},"_links":{"self":[{"href":"https:\/\/www.europesays.com\/es\/wp-json\/wp\/v2\/posts\/228368","targetHints":{"allow":["GET"]}}],"collection":[{"href":"https:\/\/www.europesays.com\/es\/wp-json\/wp\/v2\/posts"}],"about":[{"href":"https:\/\/www.europesays.com\/es\/wp-json\/wp\/v2\/types\/post"}],"author":[{"embeddable":true,"href":"https:\/\/www.europesays.com\/es\/wp-json\/wp\/v2\/users\/2"}],"replies":[{"embeddable":true,"href":"https:\/\/www.europesays.com\/es\/wp-json\/wp\/v2\/comments?post=228368"}],"version-history":[{"count":0,"href":"https:\/\/www.europesays.com\/es\/wp-json\/wp\/v2\/posts\/228368\/revisions"}],"wp:featuredmedia":[{"embeddable":true,"href":"https:\/\/www.europesays.com\/es\/wp-json\/wp\/v2\/media\/228369"}],"wp:attachment":[{"href":"https:\/\/www.europesays.com\/es\/wp-json\/wp\/v2\/media?parent=228368"}],"wp:term":[{"taxonomy":"category","embeddable":true,"href":"https:\/\/www.europesays.com\/es\/wp-json\/wp\/v2\/categories?post=228368"},{"taxonomy":"post_tag","embeddable":true,"href":"https:\/\/www.europesays.com\/es\/wp-json\/wp\/v2\/tags?post=228368"}],"curies":[{"name":"wp","href":"https:\/\/api.w.org\/{rel}","templated":true}]}}