{"id":228390,"date":"2025-11-10T10:48:07","date_gmt":"2025-11-10T10:48:07","guid":{"rendered":"https:\/\/www.europesays.com\/es\/228390\/"},"modified":"2025-11-10T10:48:07","modified_gmt":"2025-11-10T10:48:07","slug":"el-lider-supremo-de-iran-se-mantiene-en-sus-trece-internacional","status":"publish","type":"post","link":"https:\/\/www.europesays.com\/es\/228390\/","title":{"rendered":"El l\u00edder supremo de Ir\u00e1n se mantiene en sus trece | Internacional"},"content":{"rendered":"<p class=\"\">El presidente de Ir\u00e1n, Masud Pezeshkian, declar\u00f3 el 2 de noviembre que su pa\u00eds va a reconstruir \u201ccon mayor capacidad\u201d las instalaciones nucleares destruidas por <a href=\"https:\/\/elpais.com\/internacional\/2025-06-22\/estados-unidos-entra-en-guerra-con-iran.html\" target=\"_self\" rel=\"nofollow noopener\" title=\"https:\/\/elpais.com\/internacional\/2025-06-22\/estados-unidos-entra-en-guerra-con-iran.html\">los bombardeos israel\u00edes y estadounidenses de junio<\/a>. Resulta tentador desestimar sus palabras como otra bravuconada del r\u00e9gimen islamista. Sin embargo, son la confirmaci\u00f3n de que, en el debate de la oligarqu\u00eda gobernante sobre c\u00f3mo preservar su poder tras aquella humillaci\u00f3n, el l\u00edder supremo, Al\u00ed Jamene\u00ed, ha optado por mantener el statu quo.<\/p>\n<p class=\"\">La guerra de junio pill\u00f3 a los dirigentes iran\u00edes por sorpresa. Tambi\u00e9n expuso la debilidad del sistema surgido de la revoluci\u00f3n de 1979. No solo arruin\u00f3 la costosa apuesta por la disuasi\u00f3n nuclear de Jamene\u00ed, sino que arrebat\u00f3 a sus militares el control del espacio a\u00e9reo y <a href=\"https:\/\/elpais.com\/internacional\/2025-06-13\/israel-bombardea-instalaciones-nucleares-y-militares-en-iran-y-mata-al-jefe-de-la-guardia-revolucionaria.html\" target=\"_self\" rel=\"nofollow noopener\" title=\"https:\/\/elpais.com\/internacional\/2025-06-13\/israel-bombardea-instalaciones-nucleares-y-militares-en-iran-y-mata-al-jefe-de-la-guardia-revolucionaria.html\">puso en entredicho a sus servicios de seguridad infiltrados por esp\u00edas israel\u00edes<\/a>. La subsiguiente discusi\u00f3n sobre qu\u00e9 hacer para salvaguardar el r\u00e9gimen traspas\u00f3 los muros de la Oficina del L\u00edder.<\/p>\n<p class=\"\">Durante el verano, partidarios y contrarios de entablar nuevas negociaciones con Estados Unidos (y, en definitiva, renunciar al enriquecimiento de uranio que les exige la Administraci\u00f3n Trump) expusieron sus argumentos en diversos foros. Unos, pragm\u00e1ticos, argumentaban que la recuperaci\u00f3n econ\u00f3mica del pa\u00eds necesitaba el levantamiento de las sanciones, algo inalcanzable sin el acuerdo de Washington. Otros, defensores a ultranza del programa at\u00f3mico, subrayaban la falta de fruto de concesiones anteriores. <\/p>\n<p class=\"\"><a href=\"https:\/\/elpais.com\/internacional\/2024-07-06\/el-reformista-masud-pezeshkian-gana-las-elecciones-presidenciales-en-iran.html\" target=\"_self\" rel=\"nofollow noopener\" title=\"https:\/\/elpais.com\/internacional\/2024-07-06\/el-reformista-masud-pezeshkian-gana-las-elecciones-presidenciales-en-iran.html\">Pezeshkian, un moderado en el sistema iran\u00ed<\/a>, se aline\u00f3 con los negociadores al criticar a quienes rechazaban ese di\u00e1logo. \u201c\u00bfQu\u00e9 quieren hacer, construir otras plantas nucleares para que nos las destruyan de nuevo?\u201d, plante\u00f3 en una reuni\u00f3n con responsables de medios de comunicaci\u00f3n locales, en la que tambi\u00e9n admiti\u00f3 su falta de autoridad para emprenderlo sin el visto bueno del l\u00edder supremo. <\/p>\n<p class=\"\">El giro de 180\u00ba que representan sus declaraciones del 2 de noviembre durante una visita a la sede de la Agencia de la Energ\u00eda At\u00f3mica de Ir\u00e1n indica que Jamene\u00ed, la m\u00e1xima autoridad pol\u00edtica, militar y espiritual del pa\u00eds, ha cerrado el debate a favor del ala dura. De hecho, el 20 de octubre, en su primera aparici\u00f3n p\u00fablica tras dos meses de ausencia, el l\u00edder supremo, de 86 a\u00f1os, mantuvo su habitual tono desafiante al rechazar la diplomacia con EE UU y ensalzar las capacidades b\u00e9licas de su pa\u00eds, como si nada hubiera pasado. \u201c\u00bfQu\u00e9 autoridad tienen los estadounidenses para dictar lo que un pa\u00eds debe o no debe hacer si tiene una industria nuclear?\u201d, cuestion\u00f3. <\/p>\n<p class=\"\">Enmarcar el objetivo de una eventual negociaci\u00f3n como una imposici\u00f3n de la otra parte refleja su conocida desconfianza hacia Washington. Al mismo tiempo, supone un jarro de agua fr\u00eda para los iran\u00edes que, deseosos de salir del aislamiento que acogota su econom\u00eda, aguardaban alg\u00fan gesto que les diera esperanza.<\/p>\n<p class=\"\">Ninguna sorpresa. Su inflexibilidad ha sido la norma durante los 36 a\u00f1os que lleva al frente de la Rep\u00fablica Isl\u00e1mica, en especial en lo relativo a normalizar relaciones con EE UU. El pasado martes, con motivo del 46\u00ba aniversario de la toma de la Embajada estadounidense en Teher\u00e1n, Jamene\u00ed condicion\u00f3 cualquier cooperaci\u00f3n con este pa\u00eds a que \u201ccorte completamente su apoyo al r\u00e9gimen sionista, desmantele sus bases militares en la regi\u00f3n y deje de interferir en los asuntos iran\u00edes\u201d. Empecinado en los principios revolucionarios y temeroso de que la m\u00ednima reforma pol\u00edtica acabe con el r\u00e9gimen, se ha encastillado. Resulta dif\u00edcil que vaya a obtener un resultado distinto repitiendo la misma f\u00f3rmula. <\/p>\n","protected":false},"excerpt":{"rendered":"El presidente de Ir\u00e1n, Masud Pezeshkian, declar\u00f3 el 2 de noviembre que su pa\u00eds va a reconstruir \u201ccon&hellip;\n","protected":false},"author":2,"featured_media":228391,"comment_status":"","ping_status":"","sticky":false,"template":"","format":"standard","meta":{"footnotes":""},"categories":[42],"tags":[60067,15464,17,18,629,13,14,69,11,61,62,63,64,3137,387,74,19,20,9,10,15,16,60068,1620,5603,12,21,22,65,66,67],"class_list":{"0":"post-228390","1":"post","2":"type-post","3":"status-publish","4":"format-standard","5":"has-post-thumbnail","7":"category-internacional","8":"tag-ali-jamenei","9":"tag-bombas-atomicas","10":"tag-breaking-news","11":"tag-breakingnews","12":"tag-estados-unidos","13":"tag-featured-news","14":"tag-featurednews","15":"tag-guerra","16":"tag-headlines","17":"tag-internacional","18":"tag-international","19":"tag-international-news","20":"tag-internationalnews","21":"tag-iran","22":"tag-islam","23":"tag-israel","24":"tag-latest-news","25":"tag-latestnews","26":"tag-news","27":"tag-noticias","28":"tag-noticias-destacadas","29":"tag-noticiasdestacadas","30":"tag-programa-nuclear-iran","31":"tag-relaciones-internacionales","32":"tag-religion","33":"tag-titulares","34":"tag-ultimas-noticias","35":"tag-ultimasnoticias","36":"tag-world","37":"tag-world-news","38":"tag-worldnews"},"share_on_mastodon":{"url":"","error":"Validation failed: Text character limit of 500 exceeded"},"_links":{"self":[{"href":"https:\/\/www.europesays.com\/es\/wp-json\/wp\/v2\/posts\/228390","targetHints":{"allow":["GET"]}}],"collection":[{"href":"https:\/\/www.europesays.com\/es\/wp-json\/wp\/v2\/posts"}],"about":[{"href":"https:\/\/www.europesays.com\/es\/wp-json\/wp\/v2\/types\/post"}],"author":[{"embeddable":true,"href":"https:\/\/www.europesays.com\/es\/wp-json\/wp\/v2\/users\/2"}],"replies":[{"embeddable":true,"href":"https:\/\/www.europesays.com\/es\/wp-json\/wp\/v2\/comments?post=228390"}],"version-history":[{"count":0,"href":"https:\/\/www.europesays.com\/es\/wp-json\/wp\/v2\/posts\/228390\/revisions"}],"wp:featuredmedia":[{"embeddable":true,"href":"https:\/\/www.europesays.com\/es\/wp-json\/wp\/v2\/media\/228391"}],"wp:attachment":[{"href":"https:\/\/www.europesays.com\/es\/wp-json\/wp\/v2\/media?parent=228390"}],"wp:term":[{"taxonomy":"category","embeddable":true,"href":"https:\/\/www.europesays.com\/es\/wp-json\/wp\/v2\/categories?post=228390"},{"taxonomy":"post_tag","embeddable":true,"href":"https:\/\/www.europesays.com\/es\/wp-json\/wp\/v2\/tags?post=228390"}],"curies":[{"name":"wp","href":"https:\/\/api.w.org\/{rel}","templated":true}]}}