{"id":228392,"date":"2025-11-10T10:49:07","date_gmt":"2025-11-10T10:49:07","guid":{"rendered":"https:\/\/www.europesays.com\/es\/228392\/"},"modified":"2025-11-10T10:49:07","modified_gmt":"2025-11-10T10:49:07","slug":"las-penas-de-san-vicente-anuncia-los-horarios-e-itinerarios-de-la-procesion-del-senor-por-el-150-aniversario-de-la-cofradia","status":"publish","type":"post","link":"https:\/\/www.europesays.com\/es\/228392\/","title":{"rendered":"Las Penas de San Vicente anuncia los horarios e itinerarios de la procesi\u00f3n del Se\u00f1or por el 150 aniversario de la cofrad\u00eda"},"content":{"rendered":"<p style=\"\">Las Penas de San Vicente ha anunciado los horarios e itinerarios del traslado del titular al Buen Suceso y la procesi\u00f3n extraordinaria por los 150 a\u00f1os de la corporaci\u00f3n. El domingo 16 de noviembre se llevar\u00e1 a cabo el traslado de Nuestro Padre Jes\u00fas de  &#8230; las Penas al convento, mientras que el s\u00e1bado 22 de noviembre, tras la finalizaci\u00f3n del triduo, regresar\u00e1 a su templo que recorrer\u00e1 parte del Centro hist\u00f3rico. <strong>Ambos recorridos se encuentran pendientes de aprobaci\u00f3n por la autoridad p\u00fablica competente.<\/strong><\/p>\n<p class=\"voc-p\" style=\"\">El Se\u00f1or de las Penas iniciar\u00e1 su itinerario a las 10:00 horas desde la parroquia de San Vicente este domingo 16, teniendo prevista su entrada en el Convento del Buen Suceso a las 14:00 horas. El recorrido ser\u00e1 Cardenal Cisneros, San Vicente, plaza del Museo, Miguel de Carvajal, Bail\u00e9n, Canalejas,<strong> Cristo del Calvario, and\u00e9n de la parroquia de la Magdalena<\/strong>, San Pablo, Rioja, Tetu\u00e1n, Jovellanos, Sagasta, plaza del Salvador, C\u00f3rdoba, plaza Jes\u00fas de la Pasi\u00f3n, Alcaicer\u00eda de la Loza, Guardamino, plaza de la Alfalfa, San Juan, Boteros, Sales y Ferrer, Ortiz de Z\u00fa\u00f1iga y plaza del Buen Suceso.<\/p>\n<p class=\"voc-p\" style=\"\">El s\u00e1bado 22 de noviembre, la hermandad celebrar\u00e1 una procesi\u00f3n triunfal de regreso desde el convento del Buen Suceso hasta la parroquia de San Vicente M\u00e1rtir. La salida est\u00e1 programada para las 17:00 horas y la entrada en el templo se prev\u00e9 a las 22:00 horas.<\/p>\n<p class=\"voc-p\" style=\"\">El itinerario ser\u00e1 la plaza del Buen Suceso, Ortiz de Z\u00fa\u00f1iga, plaza del Cristo de Burgos, Sales y Ferr\u00e9, Boteros, Odreros, Jes\u00fas de las Tres Ca\u00eddas, <strong>parroquia de San Isidoro<\/strong>, Cuesta del Rosario, Villegas, plaza del Salvador, Cuna, Orfila, plaza Fernando de Herrera, Daoiz, Garc\u00eda Tassara, Amor de Dios, San Miguel, Jes\u00fas del Gran Poder, Conde de Barajas,<strong> plaza de San Lorenzo, bas\u00edlica del Gran Poder, plaza de San Lorenzo<\/strong>, Cardenal Sp\u00ednola, Ba\u00f1os, Jes\u00fas de la Veracruz, Cardenal Cisneros y entrada.<\/p>\n<p>\nVisitas especiales en el traslado y la procesi\u00f3n\n<\/p>\n<p class=\"voc-p\" style=\"\">Hay que recordar que el Se\u00f1or pasar\u00e1 por la parroquia de la Magdalena, feligres\u00eda &#8216;hermana&#8217; de la de San Vicente; San Isidoro, templo que acogi\u00f3 a la corporaci\u00f3n durante los a\u00f1os 90 mientras que se restauraba su sede can\u00f3nica; San Lorenzo y la bas\u00edlica del Gran Poder, lugares que visit\u00f3 la imagen durante la procesi\u00f3n extraordinaria de 1975 cuando la cofrad\u00eda celebr\u00f3 un siglo de vida. <\/p>\n<p class=\"voc-p\" style=\"\">Ser\u00e1, por tanto, otra de las estampas de un a\u00f1o m\u00e1s que extraordinario porque se ver\u00e1 a la luz del d\u00eda al Se\u00f1or de las Penas de San Vicente en la ma\u00f1ana de este domingo, al igual que a la Virgen de los Dolores cuando fue al convento de las carmelitas de Santa Ana. <\/p>\n","protected":false},"excerpt":{"rendered":"Las Penas de San Vicente ha anunciado los horarios e itinerarios del traslado del titular al Buen Suceso&hellip;\n","protected":false},"author":2,"featured_media":228393,"comment_status":"","ping_status":"","sticky":false,"template":"","format":"standard","meta":{"footnotes":""},"categories":[8],"tags":[7308,9807,4187,17,18,16462,25,24,13,14,11,4074,21817,19,20,9,10,15,16,2445,36351,2228,8653,23,12,21,22,13291],"class_list":{"0":"post-228392","1":"post","2":"type-post","3":"status-publish","4":"format-standard","5":"has-post-thumbnail","7":"category-espana","8":"tag-7308","9":"tag-aniversario","10":"tag-anuncia","11":"tag-breaking-news","12":"tag-breakingnews","13":"tag-cofradia","14":"tag-es","15":"tag-espana","16":"tag-featured-news","17":"tag-featurednews","18":"tag-headlines","19":"tag-horarios","20":"tag-itinerarios","21":"tag-latest-news","22":"tag-latestnews","23":"tag-news","24":"tag-noticias","25":"tag-noticias-destacadas","26":"tag-noticiasdestacadas","27":"tag-penas","28":"tag-procesion","29":"tag-san","30":"tag-senor","31":"tag-spain","32":"tag-titulares","33":"tag-ultimas-noticias","34":"tag-ultimasnoticias","35":"tag-vicente"},"share_on_mastodon":{"url":"https:\/\/pubeurope.com\/@es\/115525017023248072","error":""},"_links":{"self":[{"href":"https:\/\/www.europesays.com\/es\/wp-json\/wp\/v2\/posts\/228392","targetHints":{"allow":["GET"]}}],"collection":[{"href":"https:\/\/www.europesays.com\/es\/wp-json\/wp\/v2\/posts"}],"about":[{"href":"https:\/\/www.europesays.com\/es\/wp-json\/wp\/v2\/types\/post"}],"author":[{"embeddable":true,"href":"https:\/\/www.europesays.com\/es\/wp-json\/wp\/v2\/users\/2"}],"replies":[{"embeddable":true,"href":"https:\/\/www.europesays.com\/es\/wp-json\/wp\/v2\/comments?post=228392"}],"version-history":[{"count":0,"href":"https:\/\/www.europesays.com\/es\/wp-json\/wp\/v2\/posts\/228392\/revisions"}],"wp:featuredmedia":[{"embeddable":true,"href":"https:\/\/www.europesays.com\/es\/wp-json\/wp\/v2\/media\/228393"}],"wp:attachment":[{"href":"https:\/\/www.europesays.com\/es\/wp-json\/wp\/v2\/media?parent=228392"}],"wp:term":[{"taxonomy":"category","embeddable":true,"href":"https:\/\/www.europesays.com\/es\/wp-json\/wp\/v2\/categories?post=228392"},{"taxonomy":"post_tag","embeddable":true,"href":"https:\/\/www.europesays.com\/es\/wp-json\/wp\/v2\/tags?post=228392"}],"curies":[{"name":"wp","href":"https:\/\/api.w.org\/{rel}","templated":true}]}}