{"id":228402,"date":"2025-11-10T10:59:10","date_gmt":"2025-11-10T10:59:10","guid":{"rendered":"https:\/\/www.europesays.com\/es\/228402\/"},"modified":"2025-11-10T10:59:10","modified_gmt":"2025-11-10T10:59:10","slug":"fecha-hora-y-donde-ver-el-sorteo-de-la-segunda-eliminatoria","status":"publish","type":"post","link":"https:\/\/www.europesays.com\/es\/228402\/","title":{"rendered":"Fecha, hora y d\u00f3nde ver el sorteo de la segunda eliminatoria"},"content":{"rendered":"<p class=\"ft-text\">El <strong>sorteo <\/strong>de la segunda eliminatoria de la<strong> Copa del Rey<\/strong> de F\u00fatbol ser\u00e1 este <strong>martes 11 de noviembre a las 13:00 horas <\/strong>y el de la Copa de la Reina, de octavos de final, ese mismo d\u00eda a las 16:00 horas, en la Ciudad del F\u00fatbol de Las Rozas. Un total de 56 equipos de cinco categor\u00edas distintas esperan rivales, entre ellos el <a class=\"ft-link ft-link--decoration\" href=\"https:\/\/www.superdeporte.es\/valencia-cf\/\" rel=\"nofollow noopener\" target=\"_blank\">Valencia CF<\/a>, Levante UD y Villarreal, as\u00ed como el resto de equipos valencianos, que conocer\u00e1n a qu\u00e9 equipo deben enfrentarse ahora en una ronda donde todav\u00eda <strong>no entrar\u00e1n los cuatro conjuntos de\u00a0<\/strong><a href=\"https:\/\/www.superdeporte.es\/tags\/laliga\/\" class=\"ft-link ft-link--decoration\" rel=\"nofollow noopener\" target=\"_blank\"><strong>Primera divisi\u00f3n<\/strong><\/a><strong>\u00a0que disputar\u00e1n la Supercopa de Espa\u00f1a en Arabia Saud\u00ed entre el 7 y el 11 de enero<\/strong>:\u00a0<a href=\"https:\/\/www.superdeporte.es\/tags\/real-madrid\/\" class=\"ft-link ft-link--decoration\" rel=\"nofollow noopener\" target=\"_blank\">Real Madrid<\/a>, Atl\u00e9tico, Barcelona y\u00a0<a href=\"https:\/\/www.superdeporte.es\/tags\/athletic-club\/\" class=\"ft-link ft-link--decoration\" rel=\"nofollow noopener\" target=\"_blank\">Athletic<\/a>.<\/p>\n<p class=\"ft-text\">Los partidos de la segunda ronda de la competici\u00f3n del K.O, en la que participar\u00e1n\u00a0<strong>56 equipos<\/strong>, se jugar\u00e1n el\u00a0<strong>martes 2, el mi\u00e9rcoles 3 y el jueves 4 de diciembre<\/strong>. Los encuentros tendr\u00e1n lugar en una franja horaria entre las siete de la tarde y las nueve de la noche. Se disputar\u00e1 a partido \u00fanico y se jugar\u00e1 en el campo del equipo de menor categor\u00eda, siempre y cuando sea posible. En los casos en los que dos equipos de una misma categor\u00eda se enfrentan entre s\u00ed, ejercer\u00e1 de local el club cuya bola fuera extra\u00edda en primer lugar.\u00a0<strong>No habr\u00e1 VAR a\u00fan.<\/strong><\/p>\n<p>Bombos del sorteo<\/p>\n<ul class=\"ft-list ft-list--primary\" data-aida-text=\"\">\n<li class=\"ft-list__item\"><strong>Primera Divisi\u00f3n (15):\u00a0<\/strong>Girona, Valencia, Getafe, Real Sociedad, Sevilla, Elche, Osasuna, Mallorca, Rayo, Villarreal, Levante, Celta, Alav\u00e9s, Betis y Espanyol.<\/li>\n<li class=\"ft-list__item\"><strong>Segunda Divisi\u00f3n (17):\u00a0<\/strong>Burgos, Racing, C\u00e1diz, Granada, Cultural, Albacete, Huesca, Zaragoza, Ceuta, Sporting, Legan\u00e9s, Mirand\u00e9s, Almer\u00eda, Eibar, Deportivo, M\u00e1laga y Andorra.<\/li>\n<li class=\"ft-list__item\"><strong>Primera Federaci\u00f3n (10):<\/strong>\u00a0Racing Ferrol, Talavera, Guadalajara, Tenerife, Sabadell, Cartagena, Pontevedra, Ponferradina, Real Murcia y Eldense<\/li>\n<li class=\"ft-list__item\"><strong>Segunda Federaci\u00f3n (11)<\/strong>: CD Extremadura, Ebro, Torrent, Navalcarnero, Numancia, Sant Andreu, Reus FC Reddis, Quintanar del Rey, At. Antoniano, Real \u00c1vila y Atl\u00e9tico Baleares.<\/li>\n<li class=\"ft-list__item\"><strong>Tercera Federaci\u00f3n (2):\u00a0<\/strong>Cieza y Portugalete<\/li>\n<li class=\"ft-list__item\"><strong>Copa Federaci\u00f3n (1):<\/strong>\u00a0Ourense CF.<\/li>\n<\/ul>\n<p><img decoding=\"async\" src=\"https:\/\/www.europesays.com\/es\/wp-content\/uploads\/2025\/11\/41ac4e57-7928-4abf-8327-d8c56e292f02_alta-libre-aspect-ratio_default_0.jpg\" width=\"1200\" height=\"800\" alt=\"Archivo - Imagen del trofeo de la Copa del Rey de f\u00fatbol\" class=\"ft-helper-img-rd\" loading=\"lazy\"\/><\/p>\n<p class=\"ft-helper-fontColor-quaternary ft-helper-fontSize-body-S ft-helper-spacer-t-xxs\">Archivo &#8211; Imagen del trofeo de la Copa del Rey de f\u00fatbol  \/ Guillermo Martinez \/ AFP7 \/ Europa Press &#8211; Archivo<\/p>\n<p>\u00bfCu\u00e1ndo se celebra el sorteo?<\/p>\n<p class=\"ft-text\">El sorteo de la primera ronda de la\u00a0<strong>Copa del Rey<\/strong>\u00a02025\/26 se llevar\u00e1 a cabo el pr\u00f3ximo\u00a0<strong>martes 11 de noviembre a las 13:00 horas. <\/strong>El evento tendr\u00e1 lugar en el sal\u00f3n de actos\u00a0<strong>Luis Aragon\u00e9s<\/strong>\u00a0de la Ciudad deportiva de Las Rozas, escenario habitual en los diferentes sorteos de la RFEF.<\/p>\n<p>D\u00f3nde ver gratis por TV y online <\/p>\n<p class=\"ft-text\">En Espa\u00f1a, el sorteo de segunda ronda de la Copa del Rey 2025\/26 se podr\u00e1 seguir gratis en streaming a trav\u00e9s de las\u00a0<strong>plataformas oficiales<\/strong>\u00a0de la<strong>\u00a0Real Federaci\u00f3n Espa\u00f1ola de F\u00fatbol<\/strong>. Desde <a class=\"ft-link ft-link--decoration\" href=\"https:\/\/www.superdeporte.es\/\" rel=\"nofollow noopener\" target=\"_blank\">Superdeporte\u00a0<\/a>te ofrecemos un seguimiento minuto a minuto del sorteo de segunda ronda de la Copa del Rey 2025\/26 a trav\u00e9s de nuestro directo, as\u00ed como una cobertura completa de los resultados del mismo.<\/p>\n","protected":false},"excerpt":{"rendered":"El sorteo de la segunda eliminatoria de la Copa del Rey de F\u00fatbol ser\u00e1 este martes 11 de&hellip;\n","protected":false},"author":2,"featured_media":228403,"comment_status":"","ping_status":"","sticky":false,"template":"","format":"standard","meta":{"footnotes":""},"categories":[268],"tags":[2493,1941,168,25,24,1151,2500,280,282,1458,11415,1945,5330,1550,9251,3745,281,886,23,167,235,5419,10560],"class_list":{"0":"post-228402","1":"post","2":"type-post","3":"status-publish","4":"format-standard","5":"has-post-thumbnail","7":"category-futbol","8":"tag-copa","9":"tag-copa-del-rey","10":"tag-deportes","11":"tag-es","12":"tag-espana","13":"tag-fecha","14":"tag-federacion","15":"tag-football","16":"tag-futbol","17":"tag-hora","18":"tag-levante-ud","19":"tag-primera-division","20":"tag-rey","21":"tag-rfef","22":"tag-ronda","23":"tag-segunda","24":"tag-soccer","25":"tag-sorteo","26":"tag-spain","27":"tag-sports","28":"tag-valencia","29":"tag-valencia-cf","30":"tag-villarreal"},"share_on_mastodon":{"url":"https:\/\/pubeurope.com\/@es\/115525056327025835","error":""},"_links":{"self":[{"href":"https:\/\/www.europesays.com\/es\/wp-json\/wp\/v2\/posts\/228402","targetHints":{"allow":["GET"]}}],"collection":[{"href":"https:\/\/www.europesays.com\/es\/wp-json\/wp\/v2\/posts"}],"about":[{"href":"https:\/\/www.europesays.com\/es\/wp-json\/wp\/v2\/types\/post"}],"author":[{"embeddable":true,"href":"https:\/\/www.europesays.com\/es\/wp-json\/wp\/v2\/users\/2"}],"replies":[{"embeddable":true,"href":"https:\/\/www.europesays.com\/es\/wp-json\/wp\/v2\/comments?post=228402"}],"version-history":[{"count":0,"href":"https:\/\/www.europesays.com\/es\/wp-json\/wp\/v2\/posts\/228402\/revisions"}],"wp:featuredmedia":[{"embeddable":true,"href":"https:\/\/www.europesays.com\/es\/wp-json\/wp\/v2\/media\/228403"}],"wp:attachment":[{"href":"https:\/\/www.europesays.com\/es\/wp-json\/wp\/v2\/media?parent=228402"}],"wp:term":[{"taxonomy":"category","embeddable":true,"href":"https:\/\/www.europesays.com\/es\/wp-json\/wp\/v2\/categories?post=228402"},{"taxonomy":"post_tag","embeddable":true,"href":"https:\/\/www.europesays.com\/es\/wp-json\/wp\/v2\/tags?post=228402"}],"curies":[{"name":"wp","href":"https:\/\/api.w.org\/{rel}","templated":true}]}}