{"id":228416,"date":"2025-11-10T11:09:11","date_gmt":"2025-11-10T11:09:11","guid":{"rendered":"https:\/\/www.europesays.com\/es\/228416\/"},"modified":"2025-11-10T11:09:11","modified_gmt":"2025-11-10T11:09:11","slug":"ana-rosa-quintana-sentencia-sin-rodeos-lo-que-todos-piensan-del-accidente-de-cayetano-rivera","status":"publish","type":"post","link":"https:\/\/www.europesays.com\/es\/228416\/","title":{"rendered":"Ana Rosa Quintana sentencia sin rodeos lo que todos piensan del accidente de Cayetano Rivera"},"content":{"rendered":"<p style=\"\">Una \u00faltima hora ha paralizado &#8216;El programa de Ana Rosa&#8217; (Telecinco) en mitad de su tertulia pol\u00edtica. Y es que, el torero <strong>Cayetano Rivera Ordo\u00f1ez<\/strong> sufr\u00eda un <a href=\"https:\/\/www.abc.es\/sevilla\/ciudad\/torero-cayetano-rivera-estrella-furgoneta-palmera-positivo-20251110095854-nts.html\" target=\"_self\" data-voc-vtm-id=\"in-text-traffic\" title=\"accidente\" data-mrf-link=\"www.abc.es\" rel=\"nofollow noopener\">accidente<\/a> de tr\u00e1fico y la noticia provocaba que Manu Marlasca, colaborador del matinal, interrumpiese a sus  &#8230; compa\u00f1eros para dar la informaci\u00f3n pertinente. Un anuncio que sorprend\u00eda a todos los presentes y que llevaba a <strong>Ana Rosa Quintana<\/strong>, presentadora del espacio de la cadena de Mediaset, a pronunciarse sin filtros sobre lo sucedido al diestro.<\/p>\n<p class=\"voc-p\" style=\"\">&#8216;<strong>El programa de Ana Rosa<\/strong>&#8216; arrancaba como de costumbre con la <a href=\"https:\/\/www.abc.es\/play\/television\/noticias\/ana-rosa-quintana-dice-piensan-sobre-rosalia-20251108105439-nt.html\" target=\"_self\" data-voc-vtm-id=\"in-text-traffic\" title=\"presentadora\" data-mrf-link=\"www.abc.es\" rel=\"nofollow noopener\">presentadora<\/a> de pie y &#8216;atizando&#8217; al presidente del Gobierno, Pedro S\u00e1nchez, con su editorial. Con el pistoletazo de salida dado por <strong>Ana Rosa Quintana<\/strong>, la tertulia pol\u00edtica comenzaba y los colaboradores de la jornada debat\u00edan junto a la periodista acerca de todos los asuntos de actualidad que el matinal de Telecinco iba poniendo sobre la mesa. <\/p>\n<p class=\"voc-p\" style=\"\">Entonces, de manera inesperada, Manu Marlasca irrump\u00eda en el plat\u00f3 y paralizaba  &#8216;<a href=\"https:\/\/www.abc.es\/play\/television\/noticias\/ana-rosa-quintana-fulmina-pedro-sanchez-convertido-20251107113853-nt.html\" target=\"_self\" data-voc-vtm-id=\"in-text-traffic\" title=\"El programa de Ana Rosa\" data-mrf-link=\"www.abc.es\" rel=\"nofollow noopener\">El programa de Ana Rosa<\/a>&#8216; con una \u00faltima hora que afectaba a un conocido rostro. \u00abEl matador de toros,<strong> Cayetano Rivera<\/strong>, habr\u00eda tenido un aparatoso accidente de coche ayer por la noche, entorno a las 21.00 horas, a la salida de un club de golf de Alcal\u00e1 de Guadaira, en la provincia de Sevilla\u00bb, comenzaba diciendo el colaborador del matinal. \u00abEl torero, conductor, perdi\u00f3 el control del veh\u00edculo, la furgoneta, que conduc\u00eda, salt\u00f3 una rotonda y acab\u00f3 impactando contra una palmera que hab\u00eda derribado\u00bb, a\u00f1ad\u00eda el periodista que para terminar su intervenci\u00f3n subrayaba que,  adem\u00e1s, hab\u00eda dado \u00abpositivo en el control de alcoholemia que se le hizo posteriormente\u00bb. \u00abNadie sufri\u00f3 heridas\u00bb, terminaba diciendo el colaborador que provocaba la inmediata reacci\u00f3n de <strong>Ana Rosa Quintana<\/strong>.<\/p>\n<p class=\"voc-p\" style=\"\">\u00abBueno, pues, f\u00edjate, menos mal que fue contra una palmera y no hay ning\u00fan coche o persona\u00bb, se\u00f1alaba sin rodeos la <a href=\"https:\/\/www.abc.es\/play\/television\/noticias\/ana-rosa-quintana-revela-tabues-operacion-preparado-20251106102145-nt.html\" target=\"_self\" data-voc-vtm-id=\"in-text-traffic\" title=\"presentadora\" data-mrf-link=\"www.abc.es\" rel=\"nofollow noopener\">presentadora<\/a> de &#8216;<strong>El programa de Ana Rosa<\/strong>&#8216; que emplazaba a la audiencia a seguir viendo el espacio para tener todos los datos del accidente de<strong> Cayetano Rivera<\/strong>.<\/p>\n","protected":false},"excerpt":{"rendered":"Una \u00faltima hora ha paralizado &#8216;El programa de Ana Rosa&#8217; (Telecinco) en mitad de su tertulia pol\u00edtica. Y&hellip;\n","protected":false},"author":2,"featured_media":228417,"comment_status":"","ping_status":"","sticky":false,"template":"","format":"standard","meta":{"footnotes":""},"categories":[91],"tags":[4205,683,4812,146,147,25,24,20580,27011,6461,10787,2465,11534,23],"class_list":{"0":"post-228416","1":"post","2":"type-post","3":"status-publish","4":"format-standard","5":"has-post-thumbnail","7":"category-entretenimiento","8":"tag-accidente","9":"tag-ana","10":"tag-cayetano","11":"tag-entertainment","12":"tag-entretenimiento","13":"tag-es","14":"tag-espana","15":"tag-frase","16":"tag-quintana","17":"tag-reacciona","18":"tag-rivera","19":"tag-rosa","20":"tag-rotunda","21":"tag-spain"},"share_on_mastodon":{"url":"https:\/\/pubeurope.com\/@es\/115525095784584595","error":""},"_links":{"self":[{"href":"https:\/\/www.europesays.com\/es\/wp-json\/wp\/v2\/posts\/228416","targetHints":{"allow":["GET"]}}],"collection":[{"href":"https:\/\/www.europesays.com\/es\/wp-json\/wp\/v2\/posts"}],"about":[{"href":"https:\/\/www.europesays.com\/es\/wp-json\/wp\/v2\/types\/post"}],"author":[{"embeddable":true,"href":"https:\/\/www.europesays.com\/es\/wp-json\/wp\/v2\/users\/2"}],"replies":[{"embeddable":true,"href":"https:\/\/www.europesays.com\/es\/wp-json\/wp\/v2\/comments?post=228416"}],"version-history":[{"count":0,"href":"https:\/\/www.europesays.com\/es\/wp-json\/wp\/v2\/posts\/228416\/revisions"}],"wp:featuredmedia":[{"embeddable":true,"href":"https:\/\/www.europesays.com\/es\/wp-json\/wp\/v2\/media\/228417"}],"wp:attachment":[{"href":"https:\/\/www.europesays.com\/es\/wp-json\/wp\/v2\/media?parent=228416"}],"wp:term":[{"taxonomy":"category","embeddable":true,"href":"https:\/\/www.europesays.com\/es\/wp-json\/wp\/v2\/categories?post=228416"},{"taxonomy":"post_tag","embeddable":true,"href":"https:\/\/www.europesays.com\/es\/wp-json\/wp\/v2\/tags?post=228416"}],"curies":[{"name":"wp","href":"https:\/\/api.w.org\/{rel}","templated":true}]}}