{"id":228418,"date":"2025-11-10T11:10:09","date_gmt":"2025-11-10T11:10:09","guid":{"rendered":"https:\/\/www.europesays.com\/es\/228418\/"},"modified":"2025-11-10T11:10:09","modified_gmt":"2025-11-10T11:10:09","slug":"las-nvidia-rtx-50-super-se-retrasan-al-q3-del-2026-la-culpa-es-de-la-escasez-de-memoria","status":"publish","type":"post","link":"https:\/\/www.europesays.com\/es\/228418\/","title":{"rendered":"Las NVIDIA RTX 50 SUPER se retrasan al Q3 del 2026, la culpa es de la escasez de memoria"},"content":{"rendered":"<p>Recientemente <strong><a href=\"https:\/\/www.geeknetic.es\/Noticia\/36470\/La-memoria-RAM-sube-su-precio-casi-un-172-ano-tras-ano.html\" rel=\"nofollow noopener\" target=\"_blank\">la memoria DRAM ha sido eco de noticia<\/a><\/strong>, no por sus avances, sino m\u00e1s bien por su actual escasez que impide la fabricaci\u00f3n de ciertos componentes. Y es que la memoria DRAM est\u00e1 <strong>en producci\u00f3n con algunas dificultades<\/strong>, y una clara <strong><a href=\"https:\/\/www.geeknetic.es\/Noticia\/36348\/La-memoria-para-la-IA-esta-canibalizando-los-chips-de-los-moviles-y-MediaTek-es-la-primera-gran-afectada.html\" rel=\"nofollow noopener\" target=\"_blank\">orientaci\u00f3n a dispositivos para Inteligencia Artificial<\/a><\/strong> que est\u00e1n abarcando todas las unidades fabricadas. Esto hace que algunos componentes que hacen uso de esta memoria se <strong>hayan retrasado<\/strong> donde los \u00faltimos rumores apuntan a las <strong>NVIDIA RTX 50 SUPER<\/strong>.<\/p>\n<p>Las NVIDIA RTX 50 SUPER no ver\u00e1n la luz durante el primer trimestre del 2026<\/p>\n<p>Aunque hay que dejar claro que <strong>nunca hubo una confirmaci\u00f3n oficial<\/strong> por parte de NVIDIA. Los rumores iniciales contaban que se <strong><a href=\"https:\/\/www.geeknetic.es\/Noticia\/35336\/Las-NVIDIA-GeForce-RTX-50-SUPER-llegaran-esta-Navidad.html\" rel=\"nofollow noopener\" target=\"_blank\">iban a dejar ver para estas navidades<\/a><\/strong>. Posteriormente se rumore\u00f3 una fecha m\u00e1s coherente como una <strong><a href=\"https:\/\/www.geeknetic.es\/Noticia\/35838\/Las-NVIDIA-RTX-50-SUPER-no-llegaran-al-menos-hasta-el-proximo-CES-2026.html\" rel=\"nofollow noopener\" target=\"_blank\">presentaci\u00f3n durante el CES 2026<\/a><\/strong> con una disponibilidad para <strong><a href=\"https:\/\/www.geeknetic.es\/Noticia\/36043\/Las-NVIDIA-RTX-50-SUPER-estaran-disponibles-entre-marzo-y-abril.html\" rel=\"nofollow noopener\" target=\"_blank\">algunas semanas m\u00e1s tarde<\/a><\/strong>. Pues parece que estos planes tampoco podr\u00e1n cumplirse, ya que <a href=\"https:\/\/benchlife.info\/nvidia-geforce-rtx-50-super-series-remain-tbd\/\" target=\"_blank\" rel=\"nofollow noopener\">seg\u00fan Benchlife<\/a> las NVIDIA RTX 50 SUPER <strong>se habr\u00edan retrasado (de nuevo) hasta el tercer trimestre del 2026<\/strong>.<\/p>\n<p>Una nueva fecha pone a las RTX 50 SUPER en el Q3 del 2026<\/p>\n<p>La excusa no es otra que la <strong><a href=\"https:\/\/www.geeknetic.es\/Noticia\/36103\/El-auge-de-la-IA-pone-en-jaque-al-mercado-de-memorias-flash-posibles-escaseces-hasta-2036-segun-Phison.html\" rel=\"nofollow noopener\" target=\"_blank\">falta de chips GDDR7 de 3 GB<\/a><\/strong> para estos modelos, y aunque haya disponibilidad <strong>los precios son desorbitados<\/strong> y desproporcionados para construir un modelo de consumo <strong>sin elevar mucho m\u00e1s su precio<\/strong>. Tambi\u00e9n se habla de que NVIDIA no parece tener prisa por presentar nuevos modelos, este (supuesto) retraso tambi\u00e9n confirma que <strong>NVIDIA tiene planes de mantener esta generaci\u00f3n Blackwell durante m\u00e1s tiempo<\/strong>, y donde tampoco se espera que pronto aparezca la futura Serie RTX 60.<\/p>\n<p>NVIDIA quiere mantener la generaci\u00f3n Blackwell m\u00e1s tiempo en el mercado<\/p>\n<p>Otros medios son a\u00fan m\u00e1s radicales con el tema e incluso hab\u00edan reportado <strong>cancelaci\u00f3n de estas RTX 50 SUPER<\/strong>, aunque no parece ser as\u00ed. Las NVIDIA RTX 60 Series no se esperan pronto, por lo que es necesario que las <strong>RTX 50 y RTX 50 SUPER est\u00e9n disponibles durante m\u00e1s tiempo<\/strong>.<\/p>\n<p>Sin datos t\u00e9cnicos no se espera un lanzamiento de las RTX 50 SUPER pronto<\/p>\n<p>En cualquier caso, parece que <strong>NVIDIA a\u00fan no ha facilitado los datos t\u00e9cnicos<\/strong> de esta futura generaci\u00f3n, que se espera con una <strong>actualizaci\u00f3n de memoria<\/strong> a estos chips de 3 GB, as\u00ed como <strong>peque\u00f1os cambios<\/strong> en la <strong>configuraci\u00f3n de la GPU<\/strong>. Pero sin especificaciones no parece que un lanzamiento para dentro de mes y medio fuera posible, as\u00ed que los rumores de que las RTX 50 Super se vayan m\u00e1s all\u00e1 de la mitad del 2026 no parecen estar muy desencaminados.<\/p>\n<p>A esto se suma una <strong>escasez de memoria<\/strong> que dificultan no solo el lanzamiento de las RTX 50 SUPER, sino de <strong>cualquier otro componente o dispositivo<\/strong> que haga <strong>uso<\/strong> de la tan codiciada <strong>memoria DRAM<\/strong>.<\/p>\n<p id=\"finarticulo\">Fin del Art\u00edculo. \u00a1Cu\u00e9ntanos algo en los <a href=\"https:\/\/www.geeknetic.es\/Noticia\/36501\/Javascript: hzscroll(\" comentarios=\"\" class=\"comfinlink\" title=\"Comenta este art\u00edculo\" rel=\"nofollow noopener\" target=\"_blank\">Comentarios<\/a>!<\/p>\n","protected":false},"excerpt":{"rendered":"Recientemente la memoria DRAM ha sido eco de noticia, no por sus avances, sino m\u00e1s bien por su&hellip;\n","protected":false},"author":2,"featured_media":228419,"comment_status":"","ping_status":"","sticky":false,"template":"","format":"standard","meta":{"footnotes":""},"categories":[81],"tags":[119,123,124,25,24,117,121,122,23,118,120],"class_list":{"0":"post-228418","1":"post","2":"type-post","3":"status-publish","4":"format-standard","5":"has-post-thumbnail","7":"category-ciencia-y-tecnologia","8":"tag-ciencia","9":"tag-ciencia-y-tecnologia","10":"tag-cienciaytecnologia","11":"tag-es","12":"tag-espana","13":"tag-science","14":"tag-science-and-technology","15":"tag-scienceandtechnology","16":"tag-spain","17":"tag-technology","18":"tag-tecnologia"},"share_on_mastodon":{"url":"https:\/\/pubeurope.com\/@es\/115525099551279434","error":""},"_links":{"self":[{"href":"https:\/\/www.europesays.com\/es\/wp-json\/wp\/v2\/posts\/228418","targetHints":{"allow":["GET"]}}],"collection":[{"href":"https:\/\/www.europesays.com\/es\/wp-json\/wp\/v2\/posts"}],"about":[{"href":"https:\/\/www.europesays.com\/es\/wp-json\/wp\/v2\/types\/post"}],"author":[{"embeddable":true,"href":"https:\/\/www.europesays.com\/es\/wp-json\/wp\/v2\/users\/2"}],"replies":[{"embeddable":true,"href":"https:\/\/www.europesays.com\/es\/wp-json\/wp\/v2\/comments?post=228418"}],"version-history":[{"count":0,"href":"https:\/\/www.europesays.com\/es\/wp-json\/wp\/v2\/posts\/228418\/revisions"}],"wp:featuredmedia":[{"embeddable":true,"href":"https:\/\/www.europesays.com\/es\/wp-json\/wp\/v2\/media\/228419"}],"wp:attachment":[{"href":"https:\/\/www.europesays.com\/es\/wp-json\/wp\/v2\/media?parent=228418"}],"wp:term":[{"taxonomy":"category","embeddable":true,"href":"https:\/\/www.europesays.com\/es\/wp-json\/wp\/v2\/categories?post=228418"},{"taxonomy":"post_tag","embeddable":true,"href":"https:\/\/www.europesays.com\/es\/wp-json\/wp\/v2\/tags?post=228418"}],"curies":[{"name":"wp","href":"https:\/\/api.w.org\/{rel}","templated":true}]}}