{"id":228460,"date":"2025-11-10T11:40:13","date_gmt":"2025-11-10T11:40:13","guid":{"rendered":"https:\/\/www.europesays.com\/es\/228460\/"},"modified":"2025-11-10T11:40:13","modified_gmt":"2025-11-10T11:40:13","slug":"el-actor-adrian-rodriguez-vuelve-a-rehabilitacion-por-su-adiccion-a-las-drogas-la-poca-luz-que-aun-me-queda-en-mi-interior-ha-vuelto-a-iluminarme-gente","status":"publish","type":"post","link":"https:\/\/www.europesays.com\/es\/228460\/","title":{"rendered":"El actor Adri\u00e1n Rodr\u00edguez vuelve a rehabilitaci\u00f3n por su adicci\u00f3n a las drogas: \u201cLa poca luz que a\u00fan me queda en mi interior ha vuelto a iluminarme\u201d | Gente"},"content":{"rendered":"<p class=\"\">Adri\u00e1n Rodr\u00edguez (Cornell\u00e0 de Llobregat, 36 a\u00f1os) debut\u00f3 en televisi\u00f3n con solo 11 a\u00f1os, cuando particip\u00f3 y gan\u00f3 el concurso musical Menudas estrellas. Sin embargo, fue su faceta de actor la que a los 17 a\u00f1os le hizo conocido gracias a su papel de DVD (David) <a href=\"https:\/\/elpais.com\/cultura\/branded\/stay-true-records\/2024-02-08\/para-nosotros-el-exito-es-encontrar-tu-lugar-mas-alla-de-si-sales-o-no-en-la-tele.html\" rel=\"nofollow noopener\" target=\"_blank\">en Los Serrano<\/a> y la consiguiente formaci\u00f3n del grupo musical SJK (Santa Justa Klan), con el que recorri\u00f3 los escenarios espa\u00f1oles junto a <a href=\"https:\/\/elpais.com\/icon\/cultura\/2024-11-26\/victor-elias-no-estoy-muerto-por-no-salir-en-la-tele-ni-por-suerte-me-han-matado-otras-cosas.html\" rel=\"nofollow noopener\" target=\"_blank\">V\u00edctor El\u00edas<\/a>, <a href=\"https:\/\/elpais.com\/television\/2025-02-25\/como-suenos-de-libertad-se-convirtio-en-la-serie-espanola-mas-vista-de-la-television.html\" rel=\"nofollow noopener\" target=\"_blank\">Natalia S\u00e1nchez<\/a> y Andr\u00e9s de la Cruz. Tanto Rodr\u00edguez como El\u00edas han compartido en entrevistas lo duro que ha sido a la larga para ellos el haberse hecho famosos tan j\u00f3venes. \u201cYo era demasiado peque\u00f1o para gestionar esa locura de fama, dinero y dem\u00e1s\u201d, <a href=\"https:\/\/elpais.com\/gente\/2025-02-25\/la-nueva-vida-de-adrian-rodriguez-de-actor-de-exito-en-los-serrano-a-su-paso-por-onlyfans-y-su-recuperacion-de-las-adicciones.html\" target=\"_blank\" rel=\"noreferrer nofollow noopener\" title=\"https:\/\/elpais.com\/gente\/2025-02-25\/la-nueva-vida-de-adrian-rodriguez-de-actor-de-exito-en-los-serrano-a-su-paso-por-onlyfans-y-su-recuperacion-de-las-adicciones.html\">dijo Rodr\u00edguez en febrero<\/a> en el programa Fiesta, donde tambi\u00e9n habl\u00f3 de sus problemas con las drogas y su incursi\u00f3n en OnlyFans. \u201cA medida que vas creciendo vas cogiendo un camino que no debes tomar y del que es muy dif\u00edcil salir. Mi carrera de actor se fue torciendo a medida que yo empec\u00e9 a desviarme del camino correcto\u201d, confes\u00f3 entonces. Nueve meses despu\u00e9s, reconoce que sigue necesitando ayuda para salir del mal camino. <\/p>\n<p class=\"\">El int\u00e9rprete de <a href=\"https:\/\/elpais.com\/gente\/2025-10-27\/los-problemas-de-acoso-de-maxi-iglesias-en-el-colegio-y-en-la-television-mis-companeros-de-fisica-o-quimica-me-hacian-bullying.html\" target=\"_blank\" rel=\"noreferrer nofollow noopener\" title=\"https:\/\/elpais.com\/gente\/2025-10-27\/los-problemas-de-acoso-de-maxi-iglesias-en-el-colegio-y-en-la-television-mis-companeros-de-fisica-o-quimica-me-hacian-bullying.html\">F\u00edsica o qu\u00edmica<\/a> y El chiringuito de Pepe \u2014sus dos grandes papeles ya como adulto\u2014 ha ido compartiendo con sus 185.000 seguidores <a href=\"https:\/\/www.instagram.com\/adrianrodriguez\/\" target=\"_blank\" rel=\"noreferrer nofollow noopener\" title=\"https:\/\/www.instagram.com\/adrianrodriguez\/\">de Instagram<\/a> su paulatina recuperaci\u00f3n y su ilusi\u00f3n por nuevos proyectos \u2014sobre todo como cantante\u2014. Pero este domingo 9 de noviembre, Rodr\u00edguez ha vuelto a acudir a sus stories para dar una mala noticia. \u201cDespu\u00e9s de varios meses crey\u00e9ndome que estoy mejor y dem\u00e1s proyectos que quer\u00eda llevar a cabo&#8230; tengo que reconocer que todo ha sido parte de mi enfermedad\u201d, ha confesado en un comunicado firmado por \u00e9l. \u201cY la poca luz que a\u00fan me queda en mi interior ha vuelto a iluminarme para volver a ponerme en tratamiento\u201d, asegura. El actor particip\u00f3 en el reality <a href=\"https:\/\/elpais.com\/television\/2025-10-31\/ruben-torres-gana-supervivientes-all-stars-2.html\" target=\"_blank\" rel=\"noreferrer nofollow noopener\" title=\"https:\/\/elpais.com\/television\/2025-10-31\/ruben-torres-gana-supervivientes-all-stars-2.html\">Supervivientes<\/a> en 2018, pero no aguant\u00f3 ni 20 d\u00edas por culpa de sus adicciones. Fue entonces cuando se dio cuenta de que la situaci\u00f3n era insostenible y busc\u00f3 por primera vez ayuda profesional, seg\u00fan explic\u00f3 en Fiesta.<\/p>\n<p>M\u00e1s informaci\u00f3n<\/p>\n<p class=\"\">En el nuevo comunicado, avisa a sus seguidores de que esta vez no se ha marcado metas temporales y se enfocar\u00e1 plenamente en su rehabilitaci\u00f3n el tiempo que haga falta. \u201cNo hay un hasta pronto&#8230; solo volver\u00e9 cuando realmente me encuentre bien y fuerte. Esto es obedecer y hacer las cosas bien cada d\u00eda, as\u00ed que doy las gracias a todos y sobre todo pedir disculpas a toda la gente a la que haya causado deudas o cualquier otro inconveniente\u201d, lamenta. \u201cEstar\u00e9 completamente incomunicado. Gracias y un beso muy fuerte\u201d, se despide.<\/p>\n<p class=\"\">En noviembre de 2024, Rodr\u00edguez comparti\u00f3 orgulloso con sus seguidores \u2014en un post que ha eliminado\u2014 que hab\u00eda conseguido su primer t\u00edtulo oficial acad\u00e9mico como monitor en centros de atenci\u00f3n a la drogodependencia y pisos tutelados, a la vez que lo compaginaba con su propia rehabilitaci\u00f3n. \u201cDecid\u00ed titularme como intervencionista familiar porque s\u00e9 lo mal que lo pasan las familias, como la m\u00eda&#8230; y todo lo mal que lo pas\u00f3 mi madre, especialmente\u201d, explic\u00f3 en diciembre en otra publicaci\u00f3n que tambi\u00e9n ha eliminado. <\/p>\n<p class=\"\">El actor, que fue concursante de la cuarta edici\u00f3n de <a href=\"https:\/\/elpais.com\/television\/2025-07-11\/asi-se-monta-un-exito-global-como-se-hizo-la-final-de-tu-cara-me-suena-12.html\" target=\"_blank\" rel=\"noreferrer nofollow noopener\" title=\"https:\/\/elpais.com\/television\/2025-07-11\/asi-se-monta-un-exito-global-como-se-hizo-la-final-de-tu-cara-me-suena-12.html\">Tu cara me suena<\/a>, tampoco tuvo ning\u00fan problema con contar su incursi\u00f3n en las drogas durante su aparici\u00f3n en el programa Fiesta. \u201cAl principio lo tomas como un juego, como un ni\u00f1o que empieza a probar cosas, a experimentar la vida. Al final se convierte en una dependencia para pas\u00e1rmelo bien. Cuando vas rompiendo barreras, vas viendo que tu vida queda en un segundo plano y eso es lo \u00fanico que quieres\u201d, confes\u00f3 en febrero. \u201cTe das cuenta de que no puedes seguir con este tipo de vida porque est\u00e1s sufriendo mientras lo haces. Ped\u00ed ayuda y en ello sigo\u201d, a\u00f1adi\u00f3.<\/p>\n<p class=\"\">Mientras tiene su faceta como actor aparcada, Adri\u00e1n Rodr\u00edguez ha intentado probar suerte en el mundo de la m\u00fasica bajo el nombre de El Hispano. Estren\u00f3 la canci\u00f3n Pa\u2019Que en 2021 y este septiembre comparti\u00f3 con sus seguidores <a href=\"https:\/\/www.instagram.com\/p\/DO10DmICEHo\/\" target=\"_blank\" rel=\"noreferrer nofollow noopener\" title=\"https:\/\/www.instagram.com\/p\/DO10DmICEHo\/\">un adelanto de un nuevo tema<\/a> en una de sus \u00faltimas publicaciones de Instagram. Pero ahora que ha vuelto a pedir ayuda para rehabilitarse, su prioridad es centrarse plenamente en su recuperaci\u00f3n. <\/p>\n<p><script async src=\"\/\/www.instagram.com\/embed.js\"><\/script><\/p>\n","protected":false},"excerpt":{"rendered":"Adri\u00e1n Rodr\u00edguez (Cornell\u00e0 de Llobregat, 36 a\u00f1os) debut\u00f3 en televisi\u00f3n con solo 11 a\u00f1os, cuando particip\u00f3 y gan\u00f3&hellip;\n","protected":false},"author":2,"featured_media":228461,"comment_status":"","ping_status":"","sticky":false,"template":"","format":"standard","meta":{"footnotes":""},"categories":[5],"tags":[1014,4030,17,18,3061,794,25,24,256,13,14,60080,260,11,4536,19,20,35280,9,10,15,16,1922,55811,23,12,21,22],"class_list":{"0":"post-228460","1":"post","2":"type-post","3":"status-publish","4":"format-standard","5":"has-post-thumbnail","7":"category-titulares","8":"tag-actores","9":"tag-adicciones","10":"tag-breaking-news","11":"tag-breakingnews","12":"tag-cantantes","13":"tag-drogas","14":"tag-es","15":"tag-espana","16":"tag-famosos","17":"tag-featured-news","18":"tag-featurednews","19":"tag-fisica-o-quimica","20":"tag-gente","21":"tag-headlines","22":"tag-instagram","23":"tag-latest-news","24":"tag-latestnews","25":"tag-los-serrano","26":"tag-news","27":"tag-noticias","28":"tag-noticias-destacadas","29":"tag-noticiasdestacadas","30":"tag-redes-sociales","31":"tag-rehabilitacion-medica","32":"tag-spain","33":"tag-titulares","34":"tag-ultimas-noticias","35":"tag-ultimasnoticias"},"share_on_mastodon":{"url":"","error":"Validation failed: Text character limit of 500 exceeded"},"_links":{"self":[{"href":"https:\/\/www.europesays.com\/es\/wp-json\/wp\/v2\/posts\/228460","targetHints":{"allow":["GET"]}}],"collection":[{"href":"https:\/\/www.europesays.com\/es\/wp-json\/wp\/v2\/posts"}],"about":[{"href":"https:\/\/www.europesays.com\/es\/wp-json\/wp\/v2\/types\/post"}],"author":[{"embeddable":true,"href":"https:\/\/www.europesays.com\/es\/wp-json\/wp\/v2\/users\/2"}],"replies":[{"embeddable":true,"href":"https:\/\/www.europesays.com\/es\/wp-json\/wp\/v2\/comments?post=228460"}],"version-history":[{"count":0,"href":"https:\/\/www.europesays.com\/es\/wp-json\/wp\/v2\/posts\/228460\/revisions"}],"wp:featuredmedia":[{"embeddable":true,"href":"https:\/\/www.europesays.com\/es\/wp-json\/wp\/v2\/media\/228461"}],"wp:attachment":[{"href":"https:\/\/www.europesays.com\/es\/wp-json\/wp\/v2\/media?parent=228460"}],"wp:term":[{"taxonomy":"category","embeddable":true,"href":"https:\/\/www.europesays.com\/es\/wp-json\/wp\/v2\/categories?post=228460"},{"taxonomy":"post_tag","embeddable":true,"href":"https:\/\/www.europesays.com\/es\/wp-json\/wp\/v2\/tags?post=228460"}],"curies":[{"name":"wp","href":"https:\/\/api.w.org\/{rel}","templated":true}]}}