{"id":228470,"date":"2025-11-10T11:50:06","date_gmt":"2025-11-10T11:50:06","guid":{"rendered":"https:\/\/www.europesays.com\/es\/228470\/"},"modified":"2025-11-10T11:50:06","modified_gmt":"2025-11-10T11:50:06","slug":"ultima-hora-de-cayetano-rivera-tras-sufrir-un-accidente-de-coche-en-sevilla","status":"publish","type":"post","link":"https:\/\/www.europesays.com\/es\/228470\/","title":{"rendered":"\u00daltima hora de Cayetano Rivera tras sufrir un accidente de coche en Sevilla"},"content":{"rendered":"<p data-journey-content=\"true\" data-node-id=\"3\" class=\"css-6wxqfj emevuu60\">Cayetano Rivera ha sufrido un accidente de tr\u00e1fico en Sevilla. En la noche del domingo, el extorero tuvo que ser atendido por los servicios de emergencias de la capital hispalense al verse envuelto en un accidente:<strong data-node-id=\"3.1\"> la furgoneta en la que se encontraba se estrell\u00f3 contra una palmera. <\/strong>As\u00ed se lo han confirmado fuentes policiales a &#8216;ABC&#8217;, que adelantaba la noticia.<\/p>\n<p data-journey-content=\"true\" data-node-id=\"6\" class=\"css-6wxqfj emevuu60\">Todo ocurri\u00f3 a las 21 horas cuando el veh\u00edculo que conduc\u00eda,<strong data-node-id=\"6.1\"> una furgoneta, invad\u00eda el carril contrario de la glorieta <\/strong>en la que circulaba y terminaba sali\u00e9ndose de la carretera para impactar contra una palmera. <\/p>\n<p><img draggable=\"true\" alt=\"cayetano rivera\" title=\"cayetano rivera\" loading=\"lazy\" width=\"1920\" height=\"1279\" decoding=\"async\" data-nimg=\"1\" style=\"color:transparent;width:100%;height:auto;\"   src=\"https:\/\/www.europesays.com\/es\/wp-content\/uploads\/2025\/11\/cayetano-rivera-6911b5da079db.jpg\" class=\"css-0 e1g79fud0\"\/><\/p>\n<p>Gtres\u200b<\/p>\n<p data-journey-content=\"true\" data-node-id=\"9\" class=\"css-6wxqfj emevuu60\">El episodio fue en <strong data-node-id=\"9.1\">Alcal\u00e1 de Guada\u00edra, a las puertas de un club de golf<\/strong>, seg\u00fan las informaciones de &#8216;Espejo P\u00fablico&#8217;. Seg\u00fan se ha confirmado en &#8216;<a href=\"https:\/\/diezminutos.es\/el-programa-de-ana-rosa\" target=\"_blank\" data-vars-ga-outbound-link=\"https:\/\/diezminutos.es\/el-programa-de-ana-rosa\" data-vars-ga-ux-element=\"Hyperlink\" data-vars-ga-call-to-action=\"El programa de Ana Rosa\" data-node-id=\"9.3\" class=\"body-link css-177bzfx emevuu60\" rel=\"nofollow noopener\">El programa de Ana Rosa<\/a>&#8216;, \u00ab<strong data-node-id=\"9.5\">nadie result\u00f3 herido, ni \u00e9l ni ning\u00fan otro conductor<\/strong>\u00ab. <\/p>\n<p>Posibles causas del accidente <\/p>\n<p data-journey-content=\"true\" data-node-id=\"14\" class=\"css-6wxqfj emevuu60\">Seg\u00fan apuntan las primeras hip\u00f3tesis, Cayetano perdi\u00f3 el control del veh\u00edculo en cuanto accedi\u00f3 a la glorieta.  Y es que,<strong data-node-id=\"14.1\"> el exceso de velocidad podr\u00eda haber tenido un papel fundamental <\/strong>en el suceso, tal y como apuntan desde &#8216;Diario de Sevilla&#8217;. La publicaci\u00f3n ha confirmado que, tras el accidente, hay da\u00f1os en el arbolado y el bordillo de la glorieta.<\/p>\n<p>Preocupaci\u00f3n en el entorno de Cayetano Rivera<\/p>\n<p data-journey-content=\"true\" data-node-id=\"17\" class=\"css-6wxqfj emevuu60\">Desde que ha saltado la noticia, <strong data-node-id=\"17.1\">ni Cayetano Rivera ni su entorno se han pronunciado<\/strong>. No obstante, se ha confirmado que su hermano, Fran Rivera, ha mostrado su preocupaci\u00f3n por la situaci\u00f3n que est\u00e1 viviendo Cayetano: \u00abLe ha llamado porque empieza a estar preocupado\u00bb, subrayaban en &#8216;Espejo P\u00fablico&#8217;.<\/p>\n<p data-journey-content=\"true\" data-node-id=\"19\" class=\"css-6wxqfj emevuu60\">Se trata de un nuevo episodio que se suma a otra pol\u00e9mica que ha surgido en 2025. En junio, <a href=\"https:\/\/www.diezminutos.es\/famosos-corazon\/famosos-espanoles\/a65253920\/cayetano-rivera-detencion-agresion-policia\/\" target=\"_blank\" data-vars-ga-outbound-link=\"https:\/\/www.diezminutos.es\/famosos-corazon\/famosos-espanoles\/a65253920\/cayetano-rivera-detencion-agresion-policia\/\" data-vars-ga-ux-element=\"Hyperlink\" data-vars-ga-call-to-action=\"Cayetano protagonizaba un altercado\" data-node-id=\"19.1\" class=\"body-link css-177bzfx emevuu60\" rel=\"nofollow noopener\">Cayetano protagonizaba un altercado<\/a> en un restaurante de comida r\u00e1pida de Madrid donde el extorero termin\u00f3 detenido siendo puesto en libertad ese mismo d\u00eda. Sobre esto, en &#8216;Espejo P\u00fablico&#8217; se\u00f1alaban que esto ha podido responder a un \u00abcambio de entorno\u00bb ya que en los \u00faltimos meses hab\u00eda roto con su entorno cercano haciendo nuevas amistades. Ahora, <strong data-node-id=\"19.3\">nos queda por conocer las consecuencias de este hecho. <\/strong><\/p>\n<p><img src=\"https:\/\/www.europesays.com\/es\/wp-content\/uploads\/2025\/11\/1762775406_567_efed3e56-411c-4c5f-aad1-8194ce4fe362_1700500172.file\" alt=\"Headshot of Redacci\u00f3n Diez Minutos\" title=\"Headshot of Redacci\u00f3n Diez Minutos\" width=\"100%\" height=\"100%\" decoding=\"async\" loading=\"lazy\" class=\"css-o0wq4v ev8dhu53\"\/><\/p>\n<p>\u00a0En Diez Minutos somos especialistas en cubrir todas las noticias del coraz\u00f3n y de la monarqu\u00eda para acercarte a las vidas de todos esos personajes a los que admiras.<\/p>\n<p>Descubre con nosotros la \u00faltima hora de los famosos nacionales e internacionales m\u00e1s relevantes: sus pol\u00e9micas, sus historias amorosas y familiares y sus proyectos profesionales con nuestras entrevistas, videos y reportajes. Tambi\u00e9n te mostramos el d\u00eda a d\u00eda de la realeza, cont\u00e1ndote con especial detalle la vida personal y familiar de nuestros Reyes: Felipe VI y Letizia y sus hijas Leonor y Sof\u00eda.<\/p>\n<p>Diez Minutos es mucho m\u00e1s que cr\u00f3nica social. Queremos hacerte la vida m\u00e1s f\u00e1cil y cuidar de ti. Por eso, publicamos una amplia selecci\u00f3n de contenidos pr\u00e1cticos para ayudarte en tu econom\u00eda dom\u00e9stica, en la decoraci\u00f3n de tu casa o en tu bienestar f\u00edsico y emocional. Tambi\u00e9n encontrar\u00e1s todo tipo de noticias y reportajes sobre el embarazo y la maternidad para facilitarte este proceso de la vida.<\/p>\n<p>La cocina es otra parte fundamental de esta gu\u00eda pr\u00e1ctica con la mejor selecci\u00f3n de recetas y consejos para llevar una dieta saludable y variada. Y todo ello sin olvidarnos de los contenidos de moda y belleza que te har\u00e1n estar a la \u00faltima en las tendencias del momento con numerosas propuestas, ofertas y novedades.<\/p>\n<p>Te lo contamos todo con la misma rigurosidad y cercan\u00eda con la que te llevamos acompa\u00f1ando desde hace 72 a\u00f1os, cuando un 1 de septiembre de 1951 la revista vio la luz por primera vez. Muchas cosas han cambiado en lo que se refiere a la parte t\u00e9cnica, pero lo que te aseguramos es que el equipo que forma esta redacci\u00f3n realiza su trabajo con entusiasmo y entrega pensando en cada uno de vosotros para que encontr\u00e9is aqu\u00ed el sitio ideal donde disfrutar de la vida.<\/p>\n<p>El equipo digital de Diez Minutos est\u00e1 formado por:<\/p>\n<p><a href=\"https:\/\/www.diezminutos.es\/author\/15369\/rosa-prieto\/\" rel=\"nofollow noopener\" target=\"_blank\">Rosa Prieto:<\/a> Directora digital.<\/p>\n<p><a href=\"https:\/\/www.diezminutos.es\/author\/18095\/silvia-criado\/\" rel=\"nofollow noopener\" target=\"_blank\">Silvia Criado:<\/a> Jefa de secci\u00f3n digital.<\/p>\n<p><a href=\"https:\/\/www.diezminutos.es\/author\/16262\/magdalena-pinero\/\" rel=\"nofollow noopener\" target=\"_blank\">Magdalena Pi\u00f1ero:<\/a> redactora digital.\u00a0<\/p>\n<p><a href=\"https:\/\/www.diezminutos.es\/author\/16270\/daniel-reyes\/\" rel=\"nofollow noopener\" target=\"_blank\">Daniel Reyes:<\/a> redactor digital.<\/p>\n<p><a href=\"https:\/\/www.diezminutos.es\/author\/221934\/ignacio-herruzo\/\" rel=\"nofollow noopener\" target=\"_blank\">Ignacio Herruzo<\/a>: redactor digital.<\/p>\n<p><a href=\"https:\/\/www.diezminutos.es\/author\/740003\/nora-camara\/\" rel=\"nofollow noopener\" target=\"_blank\">Nora C\u00e1mara<\/a>: redactora digital.\u00a0<\/p>\n","protected":false},"excerpt":{"rendered":"Cayetano Rivera ha sufrido un accidente de tr\u00e1fico en Sevilla. En la noche del domingo, el extorero tuvo&hellip;\n","protected":false},"author":2,"featured_media":25877,"comment_status":"","ping_status":"","sticky":false,"template":"","format":"standard","meta":{"footnotes":""},"categories":[174],"tags":[255,6007,60088,4242,146,147,25,24,256,4241,60087,23],"class_list":{"0":"post-228470","1":"post","2":"type-post","3":"status-publish","4":"format-standard","5":"has-post-thumbnail","7":"category-famosos","8":"tag-celebrities","9":"tag-content-type-default","10":"tag-contentid-bf703fef-a6c3-4a66-b70d-42546b90e813","11":"tag-displaytype-standard-article","12":"tag-entertainment","13":"tag-entretenimiento","14":"tag-es","15":"tag-espana","16":"tag-famosos","17":"tag-locale-es","18":"tag-shorttitle-cayetano-rivera-sufre-un-accidente-de-coche","19":"tag-spain"},"share_on_mastodon":{"url":"https:\/\/pubeurope.com\/@es\/115525256968990445","error":""},"_links":{"self":[{"href":"https:\/\/www.europesays.com\/es\/wp-json\/wp\/v2\/posts\/228470","targetHints":{"allow":["GET"]}}],"collection":[{"href":"https:\/\/www.europesays.com\/es\/wp-json\/wp\/v2\/posts"}],"about":[{"href":"https:\/\/www.europesays.com\/es\/wp-json\/wp\/v2\/types\/post"}],"author":[{"embeddable":true,"href":"https:\/\/www.europesays.com\/es\/wp-json\/wp\/v2\/users\/2"}],"replies":[{"embeddable":true,"href":"https:\/\/www.europesays.com\/es\/wp-json\/wp\/v2\/comments?post=228470"}],"version-history":[{"count":0,"href":"https:\/\/www.europesays.com\/es\/wp-json\/wp\/v2\/posts\/228470\/revisions"}],"wp:featuredmedia":[{"embeddable":true,"href":"https:\/\/www.europesays.com\/es\/wp-json\/wp\/v2\/media\/25877"}],"wp:attachment":[{"href":"https:\/\/www.europesays.com\/es\/wp-json\/wp\/v2\/media?parent=228470"}],"wp:term":[{"taxonomy":"category","embeddable":true,"href":"https:\/\/www.europesays.com\/es\/wp-json\/wp\/v2\/categories?post=228470"},{"taxonomy":"post_tag","embeddable":true,"href":"https:\/\/www.europesays.com\/es\/wp-json\/wp\/v2\/tags?post=228470"}],"curies":[{"name":"wp","href":"https:\/\/api.w.org\/{rel}","templated":true}]}}