{"id":228471,"date":"2025-11-10T11:51:14","date_gmt":"2025-11-10T11:51:14","guid":{"rendered":"https:\/\/www.europesays.com\/es\/228471\/"},"modified":"2025-11-10T11:51:14","modified_gmt":"2025-11-10T11:51:14","slug":"si-este-es-el-club-mas-grande-del-mundo-debe-tener-un-estadio-digno-de-ello","status":"publish","type":"post","link":"https:\/\/www.europesays.com\/es\/228471\/","title":{"rendered":"\u00abSi este es el club m\u00e1s grande del mundo, debe tener un estadio digno de ello\u201d"},"content":{"rendered":"<p>El <strong>Manchester United<\/strong> se prepara para decir adi\u00f3s a su estadio centenario. Old Trafford, inaugurado en 1910, ser\u00e1 demolido para dar paso a un nuevo recinto dise\u00f1ado por <a href=\"https:\/\/www.arquitecturaydiseno.es\/arquitectura\/norman-foster-sin-planes-jubilacion-a-90-anos-siento-que-me-queda-todo-por-lograr_12450\" rel=\"nofollow noopener\" target=\"_blank\"><strong data-end=\"1009\" data-start=\"992\">Norman Foster<\/strong>, el arquitecto brit\u00e1nico<\/a> m\u00e1s influyente de las \u00faltimas d\u00e9cadas. El proyecto, valorado en <strong data-end=\"1126\" data-start=\"1099\">2.400 millones de euros<\/strong>, convertir\u00e1 al club en propietario del estadio m\u00e1s grande del Reino Unido y marcar\u00e1 el inicio de una nueva era.\u00a0<\/p>\n<p>El anuncio, confirmado por <strong data-end=\"1322\" data-start=\"1301\">Sir Jim Ratcliffe<\/strong> \u2014copropietario del club y considerado el hombre m\u00e1s rico de Gran Breta\u00f1a\u2014, subraya la ambici\u00f3n del plan: \u201c<strong>Si este es el club m\u00e1s grande del mundo<\/strong>, debe tener un estadio digno del club m\u00e1s grande del mundo\u201d, afirm\u00f3 en The Times. \u201cNo necesitamos financiaci\u00f3n del Gobierno, pero queremos que sea la base de la revitalizaci\u00f3n del sur de Manchester\u201d.\u00a0<\/p>\n<p>Un dise\u00f1o moderno, sostenible y con la firma de Foster<\/p>\n<p><strong>Foster + Partners <\/strong>propone <a href=\"https:\/\/www.arquitecturaydiseno.es\/pasion-eco\/arquitectura-y-sostenibilidad-2025-claves-para-transformar-casa-hacia-futuro-ecologico_11187\" rel=\"nofollow noopener\" target=\"_blank\">una arquitectura monumental y sostenible,<\/a> dominada por t<strong>res m\u00e1stiles de 200 metros de altura<\/strong> que sostendr\u00e1n una gran cubierta en forma de tienda de campa\u00f1a.\u00a0La estructura se inspira en el tridente del escudo del Manchester United y cubrir\u00e1 tanto las gradas como una inmensa plaza p\u00fablica, <strong>\u00abel doble de grande que Trafalgar Square\u00bb, seg\u00fan indic\u00f3 el propio Foster.<\/strong><\/p>\n<p>&#13;<img loading=\"lazy\" decoding=\"async\"   src=\"https:\/\/www.europesays.com\/es\/wp-content\/uploads\/2025\/11\/exterior-frontal-del-nuevo-estadio-del-manchester-united_78a01974_251110092931_1345x989.webp.webp\" alt=\"Exterior frontal del nuevo estadio del Manchester United.\" class=\"lazyload\" width=\"1345\" height=\"989\" data-aspectratio=\"1345\/989\"\/> <\/p>\n<p>Esta cubierta no solo sirve de protecci\u00f3n, sino que tambi\u00e9n incorpora sistemas de captura de energ\u00eda solar y recogida de agua de lluvia. Desde <strong>el punto de vista arquitect\u00f3nico, l<\/strong>a intenci\u00f3n es que la cubierta act\u00fae como un volumen visual identificable en e<strong>l skyline de Manchester y m\u00e1s all\u00e1.<\/strong><\/p>\n<p>Uno de los retos t\u00e9cnicos m\u00e1s interesantes es que el estadio se construir\u00e1 con m\u00f3dulos prefabricados que ser\u00e1n transportados por el Manchester Ship Canal, revitalizando una infraestructura hist\u00f3rica industrial. Por lo que, sin duda, estamos ante un gran proyecto. As\u00ed lo confirma el arquitecto:\u00a0<strong>\u00abEs uno de los proyectos m\u00e1s apasionantes del mundo actual\u00bb.<\/strong><\/p>\n<p><a href=\"https:\/\/www.arquitecturaydiseno.es\/arquitectura\/arquitecto-analiza-nuevo-camp-nou-es-estadio-que-se-quedara-obsoleto-pocos-anos_12624\" data-ga4_event=\"custom_event\" data-ga4_event_name=\"click_intext\" data-ga4_link_url=\"https:\/\/www.arquitecturaydiseno.es\/arquitectura\/arquitecto-analiza-nuevo-camp-nou-es-estadio-que-se-quedara-obsoleto-pocos-anos_12624\" data-ga4_link_text=\"ignacio_morente_arquitecto_el_nuevo_camp_nou_quedara_obsoleto_en_pocos_anos\" data-ga4_content_type=\"photo\" data-ga4_element=\"related\" rel=\"nofollow noopener\" target=\"_blank\">&#13;&#13;<img loading=\"lazy\" decoding=\"async\" src=\"https:\/\/www.europesays.com\/es\/wp-content\/uploads\/2025\/11\/1762532532_60_nueva-propuesta-del-camp-nou_8b20d49a_251105120039_600x600.webp.webp\" alt=\"Nueva propuesta del Camp Nou\" class=\"lazyload\" width=\"600\" height=\"600\" data-aspectratio=\"600\/600\"\/>&#13;&#13;<\/p>\n<p class=\"epigraph\">&#13;Noticia relacionada<\/p>\n<p class=\"title\">Ignacio Morente, arquitecto: \u00abEl nuevo Camp Nou quedar\u00e1 obsoleto en pocos a\u00f1os\u00bb<\/p>\n<p><\/a><\/p>\n<p>Otro detalle que valoran mucho desde <strong>Foster + Partners es que los aficionados est\u00e9n algo m\u00e1s cerca del campo. El proyecto <\/strong>\u201cempieza\u00a0con los aficionados, acerc\u00e1ndolos m\u00e1s que nunca al campo y cultivando ac\u00fasticamente el rugido. <strong>El estadio ser\u00e1 el coraz\u00f3n palpitante de un nuevo distrito sostenible<\/strong>, completamente peatonal, conectado por transporte p\u00fablico y rodeado de naturaleza\u201d, comenta Norman Foster.\u00a0<\/p>\n<p>Con <strong data-end=\"2632\" data-start=\"2612\">100.000 asientos<\/strong>, el recinto superar\u00e1 al estadio de Wembley y ofrecer\u00e1 una experiencia inmersiva gracias a su cercan\u00eda al terreno de juego, su ac\u00fastica envolvente y su dise\u00f1o abierto, orientado hacia la ciudad.<\/p>\n<p>Un nuevo distrito urbano para Manchester<\/p>\n<p>La llegada del nuevo estadio traer\u00e1 <strong>un nuevo distrito con espacios m\u00e1s verdes<\/strong>, nuevas viviendas, zonas peatonales e incluso una nueva estaci\u00f3n de tren que servir\u00e1 como <strong>punto de partida de la ruta hacia el estadio.\u00a0<\/strong><\/p>\n<p>&#13;<img loading=\"lazy\" decoding=\"async\"   src=\"https:\/\/www.europesays.com\/es\/wp-content\/uploads\/2025\/11\/zona-de-ocio-en-el-interior-del-nuevo-estadio-del-manchester-united_a8c0e075_251107121926_1512x994.w.webp\" alt=\"Zona de ocio en el interior del nuevo estadio del Manchester United.\" class=\"lazyload\" width=\"1512\" height=\"994\" data-aspectratio=\"1512\/994\"\/> <\/p>\n<p>Seg\u00fan <strong data-end=\"3237\" data-start=\"3221\">Nigel Dancey<\/strong>, director del estudio, el proyecto \u201ccelebra la historia extraordinaria del Manchester United y marcar\u00e1 un nuevo est\u00e1ndar internacional de sostenibilidad\u201d. La <strong data-end=\"3422\" data-start=\"3396\">prefabricaci\u00f3n modular<\/strong> y el transporte de piezas a trav\u00e9s del <strong data-end=\"3494\" data-start=\"3462\">Canal Mar\u00edtimo de Manchester<\/strong> reducir\u00e1n el tiempo de construcci\u00f3n a solo <strong data-end=\"3552\" data-start=\"3538\">cinco a\u00f1os<\/strong>, la mitad de lo habitual.<\/p>\n<p><a href=\"https:\/\/www.arquitecturaydiseno.es\/arquitectura\/josep-ribas-arquitecto-cule-santiago-bernabeu-se-juega-a-futbol-solo-50-veces-ano-estadio-tiene-que-funcionar-365-dias-para-que-salga-rentable_12619\" data-ga4_event=\"custom_event\" data-ga4_event_name=\"click_intext\" data-ga4_link_url=\"https:\/\/www.arquitecturaydiseno.es\/arquitectura\/josep-ribas-arquitecto-cule-santiago-bernabeu-se-juega-a-futbol-solo-50-veces-ano-estadio-tiene-que-funcionar-365-dias-para-que-salga-rentable_12619\" data-ga4_link_text=\"josep_ribas_arquitecto_del_bernabeu_debe_funcionar_365_dias_para_ser_rentable\" data-ga4_content_type=\"photo\" data-ga4_element=\"related\" rel=\"nofollow noopener\" target=\"_blank\">&#13;&#13;<img loading=\"lazy\" decoding=\"async\" src=\"https:\/\/www.europesays.com\/es\/wp-content\/uploads\/2025\/11\/nuevo-estadio-santiago-bernabeu-8d587b31-240910135426_d0f793c3_251104151833_600x600.webp.webp\" alt=\"nuevo estadio santiago bernabeu 8d587b31 240910135426\" class=\"lazyload\" width=\"600\" height=\"600\" data-aspectratio=\"600\/600\"\/>&#13;&#13;<\/p>\n<p class=\"epigraph\">&#13;Noticia relacionada<\/p>\n<p class=\"title\">Josep Ribas, arquitecto del Bernab\u00e9u: \u00abDebe funcionar 365 d\u00edas para ser rentable\u00bb<\/p>\n<p><\/a>&#13;<img loading=\"lazy\" decoding=\"async\"   src=\"https:\/\/www.europesays.com\/es\/wp-content\/uploads\/2025\/11\/exterior-del-nuevo-estadio-del-manchester-united_c564c0b6_251107121939_757x988.webp.webp\" alt=\"Exterior del nuevo estadio del Manchester United.\" class=\"lazyload\" width=\"757\" height=\"988\" data-aspectratio=\"757\/988\"\/> <\/p>\n<p>El <strong data-end=\"3609\" data-start=\"3585\">alcalde Andy Burnham<\/strong> ha respaldado la iniciativa como parte del plan regional para \u201cimpulsar el crecimiento del norte de Inglaterra\u201d, destacando su potencial para generar empleo, atraer inversi\u00f3n y mejorar la conectividad.<\/p>\n<p>El wembley del norte: un dise\u00f1o que llegar\u00e1 en 2031<\/p>\n<p>Ratcliffe define el nuevo estadio como \u201cic\u00f3nico e incre\u00edble\u201d, y lo describe como el <strong data-end=\"3949\" data-start=\"3926\">\u201cWembley del norte\u201d<\/strong>. Su ambici\u00f3n va m\u00e1s all\u00e1 del f\u00fatbol: convertir Old Trafford en el motor de una <strong data-end=\"4070\" data-start=\"4029\">renovaci\u00f3n urbana, social y econ\u00f3mica<\/strong> para toda la regi\u00f3n. La intenci\u00f3n del club es inaugurar el nuevo estadio, conocido provisionalmente como <strong data-end=\"1776\" data-start=\"1758\">\u201cNew Trafford\u201d<\/strong>, en <strong data-end=\"1789\" data-start=\"1781\">2031<\/strong>.<\/p>\n","protected":false},"excerpt":{"rendered":"El Manchester United se prepara para decir adi\u00f3s a su estadio centenario. Old Trafford, inaugurado en 1910, ser\u00e1&hellip;\n","protected":false},"author":2,"featured_media":228472,"comment_status":"","ping_status":"","sticky":false,"template":"","format":"standard","meta":{"footnotes":""},"categories":[173],"tags":[229,233,231,230,232,234,146,147,25,24,23],"class_list":{"0":"post-228471","1":"post","2":"type-post","3":"status-publish","4":"format-standard","5":"has-post-thumbnail","7":"category-arte-y-diseno","8":"tag-arte","9":"tag-arte-y-diseno","10":"tag-arts","11":"tag-arts-and-design","12":"tag-design","13":"tag-diseno","14":"tag-entertainment","15":"tag-entretenimiento","16":"tag-es","17":"tag-espana","18":"tag-spain"},"share_on_mastodon":{"url":"https:\/\/pubeurope.com\/@es\/115525260814517088","error":""},"_links":{"self":[{"href":"https:\/\/www.europesays.com\/es\/wp-json\/wp\/v2\/posts\/228471","targetHints":{"allow":["GET"]}}],"collection":[{"href":"https:\/\/www.europesays.com\/es\/wp-json\/wp\/v2\/posts"}],"about":[{"href":"https:\/\/www.europesays.com\/es\/wp-json\/wp\/v2\/types\/post"}],"author":[{"embeddable":true,"href":"https:\/\/www.europesays.com\/es\/wp-json\/wp\/v2\/users\/2"}],"replies":[{"embeddable":true,"href":"https:\/\/www.europesays.com\/es\/wp-json\/wp\/v2\/comments?post=228471"}],"version-history":[{"count":0,"href":"https:\/\/www.europesays.com\/es\/wp-json\/wp\/v2\/posts\/228471\/revisions"}],"wp:featuredmedia":[{"embeddable":true,"href":"https:\/\/www.europesays.com\/es\/wp-json\/wp\/v2\/media\/228472"}],"wp:attachment":[{"href":"https:\/\/www.europesays.com\/es\/wp-json\/wp\/v2\/media?parent=228471"}],"wp:term":[{"taxonomy":"category","embeddable":true,"href":"https:\/\/www.europesays.com\/es\/wp-json\/wp\/v2\/categories?post=228471"},{"taxonomy":"post_tag","embeddable":true,"href":"https:\/\/www.europesays.com\/es\/wp-json\/wp\/v2\/tags?post=228471"}],"curies":[{"name":"wp","href":"https:\/\/api.w.org\/{rel}","templated":true}]}}